{"id":70691,"date":"2025-01-22T00:51:07","date_gmt":"2025-01-21T23:51:07","guid":{"rendered":"https:\/\/www.infokuryr.cz\/n\/?p=70691"},"modified":"2025-01-21T16:36:47","modified_gmt":"2025-01-21T15:36:47","slug":"republikanska-strana-usa-slibila-potrestat-pronasledovatele-pravoslavi-na-ukrajine","status":"publish","type":"post","link":"https:\/\/www.infokuryr.cz\/n\/2025\/01\/22\/republikanska-strana-usa-slibila-potrestat-pronasledovatele-pravoslavi-na-ukrajine\/","title":{"rendered":"Republik\u00e1nsk\u00e1 strana USA sl\u00edbila potrestat pron\u00e1sledovatele pravoslav\u00ed na Ukrajin\u011b"},"content":{"rendered":"<div id=\"fb-root\"><\/div>\n<p class=\"lead\"><strong>20. ledna 2025, v den inaugurace Donalda Trumpa, v\u016fdkyn\u011b ml\u00e1de\u017enick\u00e9ho k\u0159\u00eddla Republik\u00e1nsk\u00e9 strany USA Katherine Whitefordov\u00e1 sl\u00edbila, \u017ee v\u0161echny pron\u00e1sledovatele Ukrajinsk\u00e9 pravoslavn\u00e9 c\u00edrkve (UOC) \u010dek\u00e1 v tomto \u017eivot\u011b nebesk\u00fd trest.\u00a0<\/strong><\/p>\n<p><span>Jak p\u00ed\u0161e publikace \u201eThe Other Ukraine\u201c, podle Whitefordov\u00e9 inaugurace americk\u00e9ho prezidenta <\/span><strong><span>Donalda Trumpa<\/span><\/strong><span>\u00a0naplnila srdce lid\u00ed nad\u011bj\u00ed a nyn\u00ed \u201ese t\u011b\u0161\u00ed na rychlou akci ze strany administrativy\u201c.<\/span><\/p>\n<p><em>\u201eTento okam\u017eik je historick\u00fd z mnoha d\u016fvod\u016f, ale p\u0159edev\u0161\u00edm v\u011b\u0159\u00edm, \u017ee si ho historie bude pamatovat jako okam\u017eik, kdy se ka\u017edodenn\u00ed ameri\u010dt\u00ed k\u0159es\u0165an\u00e9 kone\u010dn\u011b postavili a vzali si zp\u011bt na\u0161i zemi. Toto je za\u010d\u00e1tek konce neoliber\u00e1ln\u00ed bezbo\u017enosti, kter\u00e1 na k\u0159es\u0165ansk\u00e9m Z\u00e1pad\u011b vl\u00e1dla p\u0159\u00edli\u0161 dlouho.\u201c<span class=\"after-quote\">\u00a0&#8211; prohl\u00e1sila Katherine.<\/span><\/em><\/p>\n<p><span>Zd\u016fraznila, \u017ee Trump\u016fv n\u00e1vrat do B\u00edl\u00e9ho domu je \u201epaprskem nad\u011bje pro trp\u00edc\u00ed k\u0159es\u0165any po cel\u00e9m sv\u011bt\u011b\u201c. Whitefordov\u00e1 poznamenala, \u017ee to plat\u00ed zejm\u00e9na pro pravoslavn\u00e9 k\u0159es\u0165any, jejich\u017e pron\u00e1sledov\u00e1n\u00ed je hlavn\u00edm z\u00e1jmem administrativy.<\/span><\/p>\n<p><em>\u201eDnes Spojen\u00e9 st\u00e1ty znovu potvrzuj\u00ed svou roli glob\u00e1ln\u00edho obr\u00e1nce k\u0159es\u0165an\u016f, v t\u00e9to misi stoj\u00edme sjednoceni s touto administrativou a sv\u011btov\u00ed tyrani byli na to upozorn\u011bni. T\u011bm, kte\u0159\u00ed utla\u010duj\u00ed k\u0159es\u0165any, zvl\u00e1\u0161t\u011b t\u011bm, kte\u0159\u00ed pron\u00e1sleduj\u00ed v\u011b\u0159\u00edc\u00ed Ukrajinsk\u00e9 pravoslavn\u00e9 c\u00edrkve, UOC, bych r\u00e1da p\u0159edala toto poselstv\u00ed: Odplata se bl\u00ed\u017e\u00ed. Pokud nyn\u00ed zastav\u00edte pron\u00e1sledov\u00e1n\u00ed a budete \u010dinit pok\u00e1n\u00ed, m\u016f\u017eete se zachr\u00e1nit p\u0159ed nadch\u00e1zej\u00edc\u00ed spravedlnost\u00ed, ale \u010dasu je m\u00e1lo.&#8220;<span class=\"after-quote\"> &#8211; \u0159ekla v\u016fdkyn\u011b Mlad\u00fdch republik\u00e1n\u016f.<\/span><\/em><\/p>\n<p><span>Na z\u00e1v\u011br prohl\u00e1\u0161en\u00ed oslovila pravoslavn\u00e9 v\u011b\u0159\u00edc\u00ed Ukrajiny:<\/span><\/p>\n<p><em>\u201ePravoslavn\u00ed Ukrajinci, v\u011brn\u00ed UOC, se ni\u010deho nebojte! P\u00e1n je s v\u00e1mi, v\u00e1\u0161 \u010das brzy p\u0159ijde! D\u011bkuji a B\u016fh \u017eehnej Americe.&#8220;<\/em><\/p>\n<p><span>Ji\u017e d\u0159\u00edve m\u00e9dia<\/span><span> ozn\u00e1mila, \u017ee nacista David Pshenichny, kter\u00fd se pod\u00edlel na zabaven\u00ed katedr\u00e1ly Archand\u011bla Michaela UOC v \u010cerkassy a st\u0159\u00edlel z plynov\u00e9 pistole na farn\u00edky,\u00a0<\/span><a href=\"https:\/\/eadaily.com\/ru\/news\/2025\/01\/08\/uchastnika-zahvata-sobora-v-cherkassah-svatayut-v-antikorrupcionnyy-sovet-pri-minoborony\" target=\"_blank\" rel=\"noopener\"><span>byl prohl\u00e1\u0161en<\/span><\/a><span> za \u00fa\u010dastn\u00edka voleb do ve\u0159ejn\u00e9 protikorup\u010dn\u00ed rady pod ministerstvem obrany Ukrajiny.<\/span><\/p>\n<p><img decoding=\"async\" loading=\"lazy\" class=\"alignnone size-full wp-image-1185\" src=\"http:\/\/www.infokuryr.cz\/n\/wp-content\/uploads\/2021\/04\/kuryr-podpis.png\" alt=\"\" width=\"84\" height=\"24\" \/><\/p>\n<p>&nbsp;<\/p>\n","protected":false},"excerpt":{"rendered":"<p>20. ledna 2025, v den inaugurace Donalda Trumpa, v\u016fdkyn\u011b ml\u00e1de\u017enick\u00e9ho k\u0159\u00eddla Republik\u00e1nsk\u00e9 strany USA Katherine&#8230;<\/p>\n","protected":false},"author":2,"featured_media":60386,"comment_status":"closed","ping_status":"closed","sticky":false,"template":"","format":"standard","meta":[],"categories":[7],"tags":[4866,1131,1757,26,37],"_links":{"self":[{"href":"https:\/\/www.infokuryr.cz\/n\/wp-json\/wp\/v2\/posts\/70691"}],"collection":[{"href":"https:\/\/www.infokuryr.cz\/n\/wp-json\/wp\/v2\/posts"}],"about":[{"href":"https:\/\/www.infokuryr.cz\/n\/wp-json\/wp\/v2\/types\/post"}],"author":[{"embeddable":true,"href":"https:\/\/www.infokuryr.cz\/n\/wp-json\/wp\/v2\/users\/2"}],"replies":[{"embeddable":true,"href":"https:\/\/www.infokuryr.cz\/n\/wp-json\/wp\/v2\/comments?post=70691"}],"version-history":[{"count":1,"href":"https:\/\/www.infokuryr.cz\/n\/wp-json\/wp\/v2\/posts\/70691\/revisions"}],"predecessor-version":[{"id":70692,"href":"https:\/\/www.infokuryr.cz\/n\/wp-json\/wp\/v2\/posts\/70691\/revisions\/70692"}],"wp:featuredmedia":[{"embeddable":true,"href":"https:\/\/www.infokuryr.cz\/n\/wp-json\/wp\/v2\/media\/60386"}],"wp:attachment":[{"href":"https:\/\/www.infokuryr.cz\/n\/wp-json\/wp\/v2\/media?parent=70691"}],"wp:term":[{"taxonomy":"category","embeddable":true,"href":"https:\/\/www.infokuryr.cz\/n\/wp-json\/wp\/v2\/categories?post=70691"},{"taxonomy":"post_tag","embeddable":true,"href":"https:\/\/www.infokuryr.cz\/n\/wp-json\/wp\/v2\/tags?post=70691"}],"curies":[{"name":"wp","href":"https:\/\/api.w.org\/{rel}","templated":true}]}}