{"id":70628,"date":"2025-01-21T07:27:13","date_gmt":"2025-01-21T06:27:13","guid":{"rendered":"https:\/\/www.infokuryr.cz\/n\/?p=70628"},"modified":"2025-01-21T07:27:13","modified_gmt":"2025-01-21T06:27:13","slug":"trump-podepsal-vykonny-prikaz-proti-cenzure","status":"publish","type":"post","link":"https:\/\/www.infokuryr.cz\/n\/2025\/01\/21\/trump-podepsal-vykonny-prikaz-proti-cenzure\/","title":{"rendered":"Trump podepsal v\u00fdkonn\u00fd p\u0159\u00edkaz proti \u201ecenzu\u0159e\u201c"},"content":{"rendered":"<div id=\"fb-root\"><\/div>\n<p><span style=\"font-size: 18pt;\"><strong>Americk\u00fd prezident obvinil sv\u00e9ho p\u0159edch\u016fdce ze zneu\u017e\u00edv\u00e1n\u00ed z\u00e1kona pod z\u00e1minkou boje proti \u201edezinformac\u00edm\u201c<\/strong><\/span><\/p>\n<p><span>Americk\u00fd prezident Donald Trump podepsal exekutivn\u00ed na\u0159\u00edzen\u00ed, kter\u00e9 zakazuje vl\u00e1dn\u00edm \u00fa\u0159edn\u00edk\u016fm poru\u0161ovat svobodu slova pod rou\u0161kou boje proti dezinformac\u00edm.<\/span><\/p>\n<p><span>Trump podepsal \u0159adu rozkaz\u016f n\u011bkolik hodin pot\u00e9, co v pond\u011bl\u00ed slo\u017eil p\u0159\u00edsahu jako 47. prezident.<\/span><\/p>\n<p><span>Trump v dokumentu obvinil sv\u00e9ho p\u0159edch\u016fdce Joea Bidena z\u00a0<\/span><em><span>\u201ecenzurov\u00e1n\u00ed projevu Ameri\u010dan\u016f na online platform\u00e1ch\u201c<\/span><\/em><span>\u00a0a n\u00e1tlaku na spole\u010dnosti soci\u00e1ln\u00edch m\u00e9di\u00ed, aby\u00a0<\/span><em><span>\u201emoderovaly, deplatformovaly nebo jinak potla\u010dovaly projevy, kter\u00e9 feder\u00e1ln\u00ed vl\u00e1da neschv\u00e1lila\u201c.<\/span><\/em><\/p>\n<p><em><span>\u201ePod rou\u0161kou boje proti \u201adezinformac\u00edm\u2018, \u201adezinformac\u00edm\u2018 a \u201amalinformac\u00edm\u2018 feder\u00e1ln\u00ed vl\u00e1da poru\u0161ila \u00fastavn\u011b chr\u00e1n\u011bn\u00e1 pr\u00e1va na projev americk\u00fdch ob\u010dan\u016f po cel\u00fdch Spojen\u00fdch st\u00e1tech zp\u016fsobem, kter\u00fd podpo\u0159il vl\u00e1dou preferovan\u00fd narativ o v\u00fdznamn\u00fdch z\u00e1le\u017eitostech ve\u0159ejnosti. rozprava. Vl\u00e1dn\u00ed cenzura projevu je ve svobodn\u00e9 spole\u010dnosti netolerovateln\u00e1,\u201c<\/span><\/em><span>\u00a0p\u00ed\u0161e se v dokumentu.<\/span><\/p>\n<p><span>Trump pov\u011b\u0159il \u00fa\u0159ady, aby\u00a0<\/span><em><span>\u201ezajistily, \u017ee \u017e\u00e1dn\u00fd feder\u00e1ln\u00ed vl\u00e1dn\u00ed \u00fa\u0159edn\u00edk, zam\u011bstnanec nebo agent se nezapoj\u00ed do \u017e\u00e1dn\u00e9ho chov\u00e1n\u00ed, kter\u00e9 by proti\u00fastavn\u011b omezovalo svobodu projevu jak\u00e9hokoli americk\u00e9ho ob\u010dana, ani jej nenapom\u00e1halo\u201c.<\/span><\/em><\/p>\n<p><span>Trumpovi spojenci dlouho obvi\u0148ovali vl\u00e1du, \u017ee vyu\u017e\u00edv\u00e1 svou moc k uml\u010den\u00ed nesouhlasn\u00fdch n\u00e1zor\u016f online, zejm\u00e9na b\u011bhem pandemie Covid-19 a prezidentsk\u00fdch voleb v roce 2020. V roce 2020 Twitter a Facebook kr\u00e1tce zas\u00e1hly proti sd\u00edlen\u00ed p\u0159\u00edb\u011bhu New York Post o notebooku Huntera Bidena. Republik\u00e1ni incident ozna\u010dili za akt cenzury.<\/span><\/p>\n<p><span>Intern\u00ed komunikace zve\u0159ejn\u011bn\u00e1 technologick\u00fdm miliard\u00e1\u0159em Elonem Muskem, kter\u00fd koupil Twitter v roce 2022 a p\u0159ejmenoval jej na X, odhalila, \u017ee FBI po\u017e\u00e1dala Twitter, aby odstranil \u00fa\u010dty, o nich\u017e tvrdil, \u017ee \u0161\u00ed\u0159\u00ed volebn\u00ed dezinformace.<\/span><\/p>\n<p><span>Majitel Facebooku Mark Zuckerberg za\u010d\u00e1tkem tohoto m\u011bs\u00edce uvedl, \u017ee \u00fa\u0159ady na jeho platformu tla\u010dily, aby smazala materi\u00e1ly, kter\u00e9 byly pova\u017eov\u00e1ny za dezinformace o Covidu, v\u010detn\u011b mem\u016f o o\u010dkov\u00e1n\u00ed.<\/span><\/p>\n<p><img decoding=\"async\" loading=\"lazy\" class=\"alignnone size-full wp-image-1185\" src=\"http:\/\/www.infokuryr.cz\/n\/wp-content\/uploads\/2021\/04\/kuryr-podpis.png\" alt=\"\" width=\"84\" height=\"24\" \/><\/p>\n<p>&nbsp;<\/p>\n","protected":false},"excerpt":{"rendered":"<p>Americk\u00fd prezident obvinil sv\u00e9ho p\u0159edch\u016fdce ze zneu\u017e\u00edv\u00e1n\u00ed z\u00e1kona pod z\u00e1minkou boje proti \u201edezinformac\u00edm\u201c Americk\u00fd prezident&#8230;<\/p>\n","protected":false},"author":2,"featured_media":1636,"comment_status":"closed","ping_status":"closed","sticky":false,"template":"","format":"standard","meta":[],"categories":[7],"tags":[63,2018,452],"_links":{"self":[{"href":"https:\/\/www.infokuryr.cz\/n\/wp-json\/wp\/v2\/posts\/70628"}],"collection":[{"href":"https:\/\/www.infokuryr.cz\/n\/wp-json\/wp\/v2\/posts"}],"about":[{"href":"https:\/\/www.infokuryr.cz\/n\/wp-json\/wp\/v2\/types\/post"}],"author":[{"embeddable":true,"href":"https:\/\/www.infokuryr.cz\/n\/wp-json\/wp\/v2\/users\/2"}],"replies":[{"embeddable":true,"href":"https:\/\/www.infokuryr.cz\/n\/wp-json\/wp\/v2\/comments?post=70628"}],"version-history":[{"count":0,"href":"https:\/\/www.infokuryr.cz\/n\/wp-json\/wp\/v2\/posts\/70628\/revisions"}],"wp:featuredmedia":[{"embeddable":true,"href":"https:\/\/www.infokuryr.cz\/n\/wp-json\/wp\/v2\/media\/1636"}],"wp:attachment":[{"href":"https:\/\/www.infokuryr.cz\/n\/wp-json\/wp\/v2\/media?parent=70628"}],"wp:term":[{"taxonomy":"category","embeddable":true,"href":"https:\/\/www.infokuryr.cz\/n\/wp-json\/wp\/v2\/categories?post=70628"},{"taxonomy":"post_tag","embeddable":true,"href":"https:\/\/www.infokuryr.cz\/n\/wp-json\/wp\/v2\/tags?post=70628"}],"curies":[{"name":"wp","href":"https:\/\/api.w.org\/{rel}","templated":true}]}}