{"id":70624,"date":"2025-01-21T07:17:32","date_gmt":"2025-01-21T06:17:32","guid":{"rendered":"https:\/\/www.infokuryr.cz\/n\/?p=70624"},"modified":"2025-01-21T07:17:46","modified_gmt":"2025-01-21T06:17:46","slug":"trump-udelil-milost-vytrznikum-ze-6-ledna-a-zrusil-prava-transgenderu-a-dei","status":"publish","type":"post","link":"https:\/\/www.infokuryr.cz\/n\/2025\/01\/21\/trump-udelil-milost-vytrznikum-ze-6-ledna-a-zrusil-prava-transgenderu-a-dei\/","title":{"rendered":"Trump ud\u011blil milost v\u00fdtr\u017en\u00edk\u016fm ze 6. ledna a zru\u0161il pr\u00e1va transgender\u016f a DEI"},"content":{"rendered":"<div id=\"fb-root\"><\/div>\n<p><span style=\"font-size: 18pt;\"><strong>47. americk\u00fd prezident ud\u011blil \u201e\u00faplnou milost\u201c p\u0159ibli\u017en\u011b 1500 lidem spojen\u00fdm s \u00fatokem na Kapitol v roce 2021<\/strong><\/span><\/p>\n<p>Americk\u00fd prezident Donald Trump ud\u011blil milost p\u0159ibli\u017en\u011b 1500 lidem zapojen\u00fdm do \u00fatoku na budovu Kapitolu v roce 2021.<\/p>\n<p>Trump v pond\u011bl\u00ed v Ov\u00e1ln\u00e9 pracovn\u011b podepsal exekutivn\u00ed p\u0159\u00edkaz o ud\u011blen\u00ed milosti, n\u011bkolik hodin pot\u00e9, co slo\u017eil p\u0159\u00edsahu na sv\u00e9 druh\u00e9 funk\u010dn\u00ed obdob\u00ed.<\/p>\n<p>Prezident ud\u011blil\u00a0<em>\u201eplnou, \u00faplnou a bezpodm\u00edne\u010dnou milost v\u0161em ostatn\u00edm osob\u00e1m odsouzen\u00fdm za trestn\u00e9 \u010diny souvisej\u00edc\u00ed s ud\u00e1lostmi, ke kter\u00fdm do\u0161lo v Kapitolu Spojen\u00fdch st\u00e1t\u016f nebo v jeho bl\u00edzkosti 6. ledna 2021,\u201c<\/em>\u00a0stoj\u00ed v p\u0159\u00edkazu. Nav\u00edc 14 lidem byl trest zm\u00edrn\u011bn.\u00a0\u00a0<em>&#8222;Douf\u00e1me, \u017ee vyjdou dnes ve\u010der, up\u0159\u00edmn\u011b,&#8220;<\/em>\u00a0\u0159ekl Trump novin\u00e1\u0159\u016fm v Ov\u00e1ln\u00e9 pracovn\u011b.<\/p>\n<p>Trump na\u0159\u00eddil gener\u00e1ln\u00edmu prokur\u00e1torovi, aby zam\u00edtl\u00a0<em>\u201ev\u0161echna \u010dekaj\u00edc\u00ed obvin\u011bn\u00ed\u201c<\/em>\u00a0souvisej\u00edc\u00ed s nepokoji. Popsal milosti jako opat\u0159en\u00ed k n\u00e1prav\u011b\u00a0<em>\u201ev\u00e1\u017en\u00e9 n\u00e1rodn\u00ed nespravedlnosti\u201c<\/em>\u00a0a krok k\u00a0<em>\u201en\u00e1rodn\u00edmu usm\u00ed\u0159en\u00ed\u201c.<\/em><\/p>\n<p>6. ledna 2021 prolomila skupina Trumpov\u00fdch p\u0159\u00edznivc\u016f bezpe\u010dnostn\u00ed bari\u00e9ry a nakr\u00e1tko obsadila budovu Capitolu ve Washingtonu DC v nad\u011bji, \u017ee naru\u0161\u00ed certifikaci v\u00edt\u011bzstv\u00ed Joea Bidena v prezidentsk\u00fdch volb\u00e1ch v roce 2020. Zat\u00edmco n\u011bkte\u0159\u00ed vet\u0159elci byli nen\u00e1siln\u00ed, jin\u00ed bojovali s policisty a ni\u010dili majetek. Jedna v\u00fdtr\u017enice, Ashli \u200b\u200bBabbitt, byla smrteln\u011b zast\u0159elena polici\u00ed, kdy\u017e se pokusila vstoupit do Speaker&#8217;s Lobby.<\/p>\n<p>Trump nikdy neuznal, \u017ee prohr\u00e1l volby v roce 2020 s Bidenem a tvrdil, \u017ee hlasov\u00e1n\u00ed bylo zmanipulovan\u00e9. Ob\u017ealovan\u00e9 ze 6. ledna ozna\u010dil za vlastence a rukojm\u00ed a trval na tom, \u017ee jejich st\u00edh\u00e1n\u00ed bylo politicky motivovan\u00e9.<\/p>\n<p>Demokrat\u00e9 obvinili Trumpa z podn\u011bcov\u00e1n\u00ed nepokoj\u016f a odvolali ho v roce 2021. Trump pop\u0159el jak\u00e9koli pochyben\u00ed a obvin\u011bn\u00ed odm\u00edtl jako\u00a0<em>\u201ehon na \u010darod\u011bjnice\u201c.<\/em><\/p>\n<p>Podle The Hill se milost vztahuje na Enriqueho Tarria, b\u00fdval\u00e9ho v\u016fdce pravicov\u00e9 skupiny Proud Boys, kter\u00fd si v sou\u010dasnosti odpyk\u00e1v\u00e1 22let\u00fd trest odn\u011bt\u00ed svobody. Jeho pr\u00e1vn\u00edk t\u00e9to publikaci \u0159ekl, \u017ee Tarrio byl\u00a0<em>\u201ezpracov\u00e1n\u201c<\/em>\u00a0z v\u011bzen\u00ed.<\/p>\n<h2 class=\"article__heading\">Trump ru\u0161\u00ed pr\u00e1va transgender\u016f a DEI<\/h2>\n<p><img decoding=\"async\" loading=\"lazy\" class=\"aligncenter\" src=\"https:\/\/mf.b37mrtl.ru\/files\/2025.01\/xxs\/678f1d3c85f5406179085eb1.jpg\" alt=\"Trump ru\u0161\u00ed pr\u00e1va transgender\u016f a DEI\" width=\"611\" height=\"343\" \/><\/p>\n<p><span style=\"font-size: 18pt;\"><strong>V\u00fdkonn\u00e9 p\u0159\u00edkazy maj\u00ed za c\u00edl odstranit \u201eradik\u00e1ln\u00ed veden\u00ed genderov\u00e9 ideologie\u201c a p\u0159ezkoumat iniciativy t\u00fdkaj\u00edc\u00ed se diverzity ve feder\u00e1ln\u00edch politik\u00e1ch a programech<\/strong><\/span><\/p>\n<p>Prezident Donald Trump podepsal dva exekutivn\u00ed p\u0159\u00edkazy, kter\u00e9 ru\u0161\u00ed ochranu transgenderov\u00fdch pr\u00e1v a program\u016f diverzity, spravedlnosti a inkluze (DEI), kter\u00e9 byly zavedeny b\u011bhem vl\u00e1dy b\u00fdval\u00e9ho prezidenta Joe Bidena.<\/p>\n<p>Tento krok, ozn\u00e1men\u00fd prvn\u00ed den Trumpova n\u00e1vratu do \u00fa\u0159adu, vyvolal okam\u017eit\u00fd odpor ze strany skupin za lidsk\u00e1 pr\u00e1va.<\/p>\n<p>Jeden z p\u0159\u00edkaz\u016f s n\u00e1zvem\u00a0<em>\u201eOchrana \u017een p\u0159ed extremismem genderov\u00e9 ideologie a navr\u00e1cen\u00ed biologick\u00e9 pravdy feder\u00e1ln\u00ed vl\u00e1d\u011b\u201c<\/em>\u00a0na\u0159izuje feder\u00e1ln\u00edm agentur\u00e1m, aby odstranily politiky podporuj\u00edc\u00ed ochranu genderov\u00e9 identity.<\/p>\n<p>Na\u0159\u00edzen\u00ed tvrd\u00ed, \u017ee\u00a0<em>\u201eexistuj\u00ed pouze dv\u011b pohlav\u00ed, mu\u017e a \u017eena\u201c<\/em>\u00a0a pov\u011b\u0159uje agentury, aby podle toho aktualizovaly ofici\u00e1ln\u00ed dokumenty, jako jsou pasy a v\u00edza. Zakazuje tak\u00e9 financov\u00e1n\u00ed slu\u017eeb pro zm\u011bnu pohlav\u00ed ve v\u011bznic\u00edch da\u0148ov\u00fdmi poplatn\u00edky. Trump pokyn zd\u016fraznil b\u011bhem sv\u00e9ho inaugura\u010dn\u00edho projevu.<\/p>\n<p>Prov\u00e1d\u011bc\u00ed na\u0159\u00edzen\u00ed uv\u00e1d\u00ed:\u00a0\u00a0<em>\u201eSnahy vym\u00fdtit biologickou realitu sexu z\u00e1sadn\u011b \u00fato\u010d\u00ed na \u017eeny t\u00edm, \u017ee je zbavuj\u00ed jejich d\u016fstojnosti, bezpe\u010d\u00ed a blaha. Vymaz\u00e1n\u00ed sexu v jazyce a politice m\u00e1 s\u017e\u00edrav\u00fd dopad nejen na \u017eeny, ale i na platnost cel\u00e9ho americk\u00e9ho syst\u00e9mu.<\/em><\/p>\n<p>Druh\u00fd p\u0159\u00edkaz ru\u0161\u00ed Bidenovu v\u00fdkonnou akci z roku 2021, kter\u00e1 vy\u017eadovala, aby feder\u00e1ln\u00ed agentury p\u0159ezkoumaly politiky, kter\u00e9 by mohly negativn\u011b ovlivnit transgender jedince. M\u00edsto toho Trumpova sm\u011brnice vyz\u00fdv\u00e1 k p\u0159ezkumu iniciativ zam\u011b\u0159en\u00fdch na rozmanitost a spravedlnost, kter\u00e9 ozna\u010dil za diskrimina\u010dn\u00ed. P\u0159ezkum by mohl v\u00e9st k ukon\u010den\u00ed grant\u016f v oblasti environment\u00e1ln\u00ed spravedlnosti, \u0161kolen\u00ed o rozmanitosti a dal\u0161\u00edch podobn\u00fdch program\u016f.<\/p>\n<p>Skupiny pro lidsk\u00e1 pr\u00e1va opat\u0159en\u00ed rychle odsoudily.\u00a0<em>&#8222;Odm\u00edt\u00e1me ustoupit nebo se nechat zastra\u0161it&#8230; Budeme se br\u00e1nit proti t\u011bmto \u0161kodliv\u00fdm ustanoven\u00edm se v\u0161\u00edm, co m\u00e1me,&#8220;<\/em>\u00a0\u00a0uvedl v prohl\u00e1\u0161en\u00ed Kelley Robinson, prezident kampan\u011b za lidsk\u00e1 pr\u00e1va.<\/p>\n<p>Asijsk\u00e9 Ameri\u010dany Advancing Justice, prominentn\u00ed advok\u00e1tn\u00ed organizace, tak\u00e9 kritizovala zru\u0161en\u00ed, p\u0159i\u010dem\u017e se zav\u00e1zala chr\u00e1nit zraniteln\u00e9 komunity a pokra\u010dovat v boji proti diskriminaci.<\/p>\n<p>Tyto zm\u011bny odr\u00e1\u017eej\u00ed \u0161ir\u0161\u00ed n\u00e1rodn\u00ed trend. Zat\u00edmco n\u011bkter\u00e9 korporace omezily programy DEI, spole\u010dnosti jako Costco a Apple z\u016fst\u00e1vaj\u00ed odd\u00e1ny z\u00e1sad\u00e1m rozmanitosti. Ve stejn\u00e9 dob\u011b ostatn\u00ed, v\u010detn\u011b Meta, McDonald&#8217;s a Walmart, v\u00fdrazn\u011b omezili sv\u00e9 iniciativy DEI. Meta ned\u00e1vno rozebrala sv\u00e9 odd\u011blen\u00ed DEI s odvol\u00e1n\u00edm na m\u011bn\u00edc\u00ed se pr\u00e1vn\u00ed a politick\u00e9 prost\u0159ed\u00ed. McDonald&#8217;s omezil c\u00edle v oblasti diverzity pro vy\u0161\u0161\u00ed veden\u00ed a Walmart ozn\u00e1mil pl\u00e1ny na zru\u0161en\u00ed ur\u010dit\u00fdch podm\u00ednek a iniciativ v oblasti diverzity.<\/p>\n<p>Trumpova administrativa navrhla zm\u011bny politiky jako snahu odstranit vn\u00edmanou zaujatost ve vl\u00e1dn\u00edch iniciativ\u00e1ch. Organizace na ochranu pr\u00e1v pohrozily, \u017ee napadnou p\u0159\u00edkazy soudn\u00ed cestou a ve\u0159ejnou obhajobou.<\/p>\n<p><img decoding=\"async\" loading=\"lazy\" class=\"alignnone size-full wp-image-1185\" src=\"http:\/\/www.infokuryr.cz\/n\/wp-content\/uploads\/2021\/04\/kuryr-podpis.png\" alt=\"\" width=\"84\" height=\"24\" \/><\/p>\n<p>&nbsp;<\/p>\n","protected":false},"excerpt":{"rendered":"<p>47. americk\u00fd prezident ud\u011blil \u201e\u00faplnou milost\u201c p\u0159ibli\u017en\u011b 1500 lidem spojen\u00fdm s \u00fatokem na Kapitol v&#8230;<\/p>\n","protected":false},"author":2,"featured_media":70625,"comment_status":"closed","ping_status":"closed","sticky":false,"template":"","format":"standard","meta":[],"categories":[7],"tags":[1694,71,4582,452],"_links":{"self":[{"href":"https:\/\/www.infokuryr.cz\/n\/wp-json\/wp\/v2\/posts\/70624"}],"collection":[{"href":"https:\/\/www.infokuryr.cz\/n\/wp-json\/wp\/v2\/posts"}],"about":[{"href":"https:\/\/www.infokuryr.cz\/n\/wp-json\/wp\/v2\/types\/post"}],"author":[{"embeddable":true,"href":"https:\/\/www.infokuryr.cz\/n\/wp-json\/wp\/v2\/users\/2"}],"replies":[{"embeddable":true,"href":"https:\/\/www.infokuryr.cz\/n\/wp-json\/wp\/v2\/comments?post=70624"}],"version-history":[{"count":0,"href":"https:\/\/www.infokuryr.cz\/n\/wp-json\/wp\/v2\/posts\/70624\/revisions"}],"wp:featuredmedia":[{"embeddable":true,"href":"https:\/\/www.infokuryr.cz\/n\/wp-json\/wp\/v2\/media\/70625"}],"wp:attachment":[{"href":"https:\/\/www.infokuryr.cz\/n\/wp-json\/wp\/v2\/media?parent=70624"}],"wp:term":[{"taxonomy":"category","embeddable":true,"href":"https:\/\/www.infokuryr.cz\/n\/wp-json\/wp\/v2\/categories?post=70624"},{"taxonomy":"post_tag","embeddable":true,"href":"https:\/\/www.infokuryr.cz\/n\/wp-json\/wp\/v2\/tags?post=70624"}],"curies":[{"name":"wp","href":"https:\/\/api.w.org\/{rel}","templated":true}]}}