{"id":70619,"date":"2025-01-21T06:57:18","date_gmt":"2025-01-21T05:57:18","guid":{"rendered":"https:\/\/www.infokuryr.cz\/n\/?p=70619"},"modified":"2025-01-21T06:57:18","modified_gmt":"2025-01-21T05:57:18","slug":"ondrej-prokop-stan-chce-zase-zvysovat-dane-aby-meli-na-zbrane-policie-prosetruje-kampelicku","status":"publish","type":"post","link":"https:\/\/www.infokuryr.cz\/n\/2025\/01\/21\/ondrej-prokop-stan-chce-zase-zvysovat-dane-aby-meli-na-zbrane-policie-prosetruje-kampelicku\/","title":{"rendered":"Ond\u0159ej Prokop: STAN chce zase zvy\u0161ovat dan\u011b, aby m\u011bli na zbran\u011b. Policie pro\u0161et\u0159uje kampeli\u010dku"},"content":{"rendered":"<div id=\"fb-root\"><\/div>\n<p>Ministr Dvo\u0159\u00e1k chce zv\u00fd\u0161it dan\u011b, aby bylo v\u00edc pen\u011bz na zbrojen\u00ed. V dob\u011b, kdy lid\u00e9 utahuj\u00ed opasky a firmy mus\u00ed propou\u0161t\u011bt. Vl\u00e1dn\u00ed poslanci ale netrp\u00ed. Zase si zv\u00fd\u0161ili platy. Fiala m\u00e1 nov\u011b br\u00e1t skoro 300 tis\u00edc.<\/p>\n<p>\ud83d\udc49 Mezit\u00edm n\u00e1rodn\u00ed banka odebrala licenci &#8222;Fialov\u011b kampeli\u010dce&#8220;, kde m\u011bl premi\u00e9r ulo\u017een\u00fd milion a t\u00edm se stal pod\u00edln\u00edkem. M\u00e9dia o tom ml\u010d\u00ed, ale \u010cNB p\u0159i kontrole zjistila pochybn\u00e9 transakce a v\u00fdb\u011bry hotovosti &#8211; 12 lid\u00ed vybralo p\u0159es 660 milion\u016f K\u010d. Je zde podez\u0159en\u00ed na pran\u00ed \u0161pinav\u00fdch pen\u011bz. Kauzu nyn\u00ed vy\u0161et\u0159uje policie.<\/p>\n<p>\ud83d\udc49 Vl\u00e1da v \u010dele s ODS p\u0159ehlasovala n\u00e1\u0161 n\u00e1vrh na zmrazen\u00ed a zv\u00fd\u0161ila platy politik\u016fm o 7 %. Platy \u010desk\u00fdch politik\u016f jsou p\u0159itom ve srovn\u00e1n\u00ed se zahrani\u010d\u00edm u\u017e tak pom\u011brn\u011b vysok\u00e9. Je to ostuda a nena\u017eranost, jak trefn\u011b komentoval pan Babi\u0161.<\/p>\n<p>\ud83d\udc49 Mysleli jste si, \u017ee p\u0159edra\u017een\u00e9 fiasko digitalizace od Ivana Barto\u0161e bude po jeho vyhazovu \u0159\u00e1dn\u011b pro\u0161et\u0159eno? Kdepak. Kontroln\u00ed \u00fa\u0159ad \u0159ekl, \u017ee se digitalizac\u00ed zat\u00edm zab\u00fdvat nebude. Kdov\u00ed, co za t\u00edm je.<\/p>\n<p>\ud83d\udc49 Koalice SPOLU chce zm\u00edrnit pravidla pro sexu\u00e1ln\u00ed pred\u00e1tory. Podle jejich n\u00e1vrhu by mohl usv\u011bd\u010den\u00fd pred\u00e1tor b\u00fdt znovu v kontaktu s va\u0161imi d\u011btmi u\u017e po p\u00e1r letech, co si odsed\u00ed trest. Zcela nep\u0159ijateln\u00e9.<\/p>\n<p>\ud83d\udc49 Pir\u00e1t\u016fm praskla pod rukama dal\u0161\u00ed kauza. Na ve\u0159ejnosti sice tvrd\u011b odsuzuj\u00ed obrovsk\u00e9 statis\u00edcov\u00e9 odm\u011bny pro papal\u00e1\u0161e, ale sami si je vypl\u00e1cej\u00ed. \u0158editel kancel\u00e1\u0159e Zde\u0148ka H\u0159iba takto inkasoval 600 tis\u00edc K\u010d pr\u00e9mii za jedin\u00fd m\u011bs\u00edc &#8211; a u\u017e te\u010f si nepamatuje, za co to bylo. J\u00e1 v\u00e1m to \u0159eknu ve videu.<\/p>\n<p>\ud83d\udc49 Kauza, kdy Zden\u011bk H\u0159ib nez\u00e1konn\u011b pob\u00edral p\u0159es 50 tis\u00edc m\u011bs\u00ed\u010dn\u011b z m\u011bstsk\u00e9 firmy, tak\u00e9 pokra\u010duje. Na zastupitelstvu se o tom h\u00e1dali a\u017e do noci, ale st\u00e1le nebylo nic vysv\u011btleno! Posledn\u00ed v\u00fdmluvu, \u017ee za to m\u016f\u017ee \u00fa\u010detn\u00ed, vyvr\u00e1til s\u00e1m prim\u00e1tor. Jsem zv\u011bdav\u00fd na p\u0159\u00ed\u0161t\u00ed v\u00fdmluvu.<\/p>\n<p>\ud83d\udc49 Dostavba pra\u017esk\u00e9ho okruhu se podle odhad\u016f zase zdra\u017e\u00ed o miliardy. Hor\u0161\u00ed zpr\u00e1va je, \u017ee p\u011btikoalice selhala ve spolupr\u00e1ci se st\u00e1tem a stavba se tak mo\u017en\u00e1 bude muset odlo\u017eit o v\u00edc jak 10 let a\u017e na obdob\u00ed 2040-2050. Dal\u0161\u00ed h\u0159eb\u00ed\u010dek do rakve dopravy v Praze.<\/p>\n<p>\ud83d\udc49 Rekonstrukce Libe\u0148sk\u00e9ho mostu je tak\u00e9 nekone\u010dn\u00fd p\u0159\u00edb\u011bh. Stavebn\u00ed povolen\u00ed dostane Praha nejsp\u00ed\u0161 a\u017e p\u0159\u00ed\u0161t\u00ed rok. Hnut\u00ed ANO m\u011blo p\u0159ipravenou jeho rekonstrukci u\u017e p\u0159ed 11 lety! Tehdy mohl b\u00fdt 3x levn\u011bj\u0161\u00ed, ale n\u00e1vrh nesmysln\u011b zablokovaly ostatn\u00ed strany &#8211; p\u0159edev\u0161\u00edm Pir\u00e1ti a Praha Sob\u011b.<\/p>\n<p>To v\u0161e a mnohem v\u00edc se dozv\u00edte v 117. d\u00edlu m\u00e9ho politick\u00e9ho podcastu. D\u011bkuji v\u00e1m p\u0159edem za zhl\u00e9dnut\u00ed a pros\u00edm o dal\u0161\u00ed sd\u00edlen\u00ed, a\u0165 se pravdu dozv\u00ed co nejv\u00edc lid\u00ed! T\u011b\u0161\u00edm se na dotazy i koment\u00e1\u0159e.<\/p>\n<p><iframe loading=\"lazy\" title=\"STAN chce zase zvy\u0161ovat dan\u011b, aby m\u011bli na zbran\u011b. Policie pro\u0161et\u0159uje kampeli\u010dku. | \u010cau Praho #117\" width=\"640\" height=\"360\" src=\"https:\/\/www.youtube.com\/embed\/ZjmDX4J7v00?feature=oembed\" frameborder=\"0\" allow=\"accelerometer; autoplay; clipboard-write; encrypted-media; gyroscope; picture-in-picture; web-share\" referrerpolicy=\"strict-origin-when-cross-origin\" allowfullscreen><\/iframe><\/p>\n<p><span style=\"font-size: 14pt;\"><strong>Ing. Ond\u0159ej Prokop, p\u0159edseda hnut\u00ed ANO v Praze<\/strong><\/span><\/p>\n<p>&nbsp;<\/p>\n","protected":false},"excerpt":{"rendered":"<p>Ministr Dvo\u0159\u00e1k chce zv\u00fd\u0161it dan\u011b, aby bylo v\u00edc pen\u011bz na zbrojen\u00ed. V dob\u011b, kdy lid\u00e9&#8230;<\/p>\n","protected":false},"author":2,"featured_media":39290,"comment_status":"closed","ping_status":"closed","sticky":false,"template":"","format":"standard","meta":[],"categories":[6],"tags":[236,7068,1503,86,424],"_links":{"self":[{"href":"https:\/\/www.infokuryr.cz\/n\/wp-json\/wp\/v2\/posts\/70619"}],"collection":[{"href":"https:\/\/www.infokuryr.cz\/n\/wp-json\/wp\/v2\/posts"}],"about":[{"href":"https:\/\/www.infokuryr.cz\/n\/wp-json\/wp\/v2\/types\/post"}],"author":[{"embeddable":true,"href":"https:\/\/www.infokuryr.cz\/n\/wp-json\/wp\/v2\/users\/2"}],"replies":[{"embeddable":true,"href":"https:\/\/www.infokuryr.cz\/n\/wp-json\/wp\/v2\/comments?post=70619"}],"version-history":[{"count":0,"href":"https:\/\/www.infokuryr.cz\/n\/wp-json\/wp\/v2\/posts\/70619\/revisions"}],"wp:featuredmedia":[{"embeddable":true,"href":"https:\/\/www.infokuryr.cz\/n\/wp-json\/wp\/v2\/media\/39290"}],"wp:attachment":[{"href":"https:\/\/www.infokuryr.cz\/n\/wp-json\/wp\/v2\/media?parent=70619"}],"wp:term":[{"taxonomy":"category","embeddable":true,"href":"https:\/\/www.infokuryr.cz\/n\/wp-json\/wp\/v2\/categories?post=70619"},{"taxonomy":"post_tag","embeddable":true,"href":"https:\/\/www.infokuryr.cz\/n\/wp-json\/wp\/v2\/tags?post=70619"}],"curies":[{"name":"wp","href":"https:\/\/api.w.org\/{rel}","templated":true}]}}