{"id":70611,"date":"2025-01-21T00:46:40","date_gmt":"2025-01-20T23:46:40","guid":{"rendered":"https:\/\/www.infokuryr.cz\/n\/?p=70611"},"modified":"2025-01-20T17:00:43","modified_gmt":"2025-01-20T16:00:43","slug":"martin-gust-fiala-byl-v-kampelicce-soucasti-skupiny-podivnych-zlocineckych-existenci","status":"publish","type":"post","link":"https:\/\/www.infokuryr.cz\/n\/2025\/01\/21\/martin-gust-fiala-byl-v-kampelicce-soucasti-skupiny-podivnych-zlocineckych-existenci\/","title":{"rendered":"Martin Gust: Fiala byl v kampeli\u010dce sou\u010d\u00e1sti skupiny podivn\u00fdch zlo\u010dineck\u00fdch existenc\u00ed"},"content":{"rendered":"<div id=\"fb-root\"><\/div>\n<div>\n<p><strong>Ve &#8222;Fialov\u011b kampeli\u010dce&#8220; se ukl\u00e1daly a vyb\u00edraly pen\u00edze v hotovosti v des\u00edtk\u00e1ch milionu bez zbyte\u010dn\u00fdch ot\u00e1zek.\u00a0\u00a0Jej\u00ed zakladatel Kamil Bahbouh dlu\u017e\u00ed deset milion\u016f na dan\u00edch, z\u0159ejm\u011b vytuneloval pen\u00edze pro Ukrajinu a jeho bl\u00edzk\u00fd spolupracovn\u00edk sed\u00ed za vra\u017edu pr\u00e1vn\u00edka, kter\u00e9ho si podle soudu z\u0159ejm\u011b pom\u00fd\u0161lel s Bahbouhov\u00fdm obchodn\u00edm protivn\u00edkem.<\/strong><\/p>\n<p>Posledn\u00ed zodpov\u011bdn\u00fd p\u0159edstavitel podniku p\u0159\u00edhodn\u011b sp\u00e1chal sebevra\u017edu, cel\u00fd spolek se ticho rozpustil a pod\u00edln\u00edci si stejn\u011b ticho zase v hotovosti rozebrali v\u00edce ne\u017e 600 milion\u016f korun.<\/p>\n<p>Profesor z Brna o ni\u010dem z toho nev\u011bd\u011bl, p\u0159esto\u017ee jeho spolupod\u00edln\u00edk\u016f bylo m\u00e9n\u011b ne\u017e 100, byli mezi nimi b\u00fdval\u00ed v\u00fdznamn\u00ed politici ODS a p\u0159es tento spolek p\u0159i\u0161el ODS nejv\u011bt\u0161\u00ed individu\u00e1ln\u00ed sponzorsk\u00fd dar na volebn\u00ed kampa\u0148\u00a0.<\/p>\n<p>A sv\u016fj pod\u00edl jen \u010dirou n\u00e1hodou opakovan\u011b zapom\u00ednal uv\u00e9st v majetkov\u00e9m p\u0159izn\u00e1n\u00ed. Zem\u011b poh\u00e1dek.<\/p>\n<p><a href=\"https:\/\/www.islamizace.cz\/Articles\/13883-fiala-byl-v-kampelicce-soucasti-skupiny-podivnych-zlocineckych-existenci.aspx\">Martin Gust<\/a><\/p>\n<\/div>\n<div><\/div>\n<div><\/div>\n","protected":false},"excerpt":{"rendered":"<p>Ve &#8222;Fialov\u011b kampeli\u010dce&#8220; se ukl\u00e1daly a vyb\u00edraly pen\u00edze v hotovosti v des\u00edtk\u00e1ch milionu bez zbyte\u010dn\u00fdch&#8230;<\/p>\n","protected":false},"author":2,"featured_media":70612,"comment_status":"closed","ping_status":"closed","sticky":false,"template":"","format":"standard","meta":[],"categories":[6],"tags":[1497,7068,90,491],"_links":{"self":[{"href":"https:\/\/www.infokuryr.cz\/n\/wp-json\/wp\/v2\/posts\/70611"}],"collection":[{"href":"https:\/\/www.infokuryr.cz\/n\/wp-json\/wp\/v2\/posts"}],"about":[{"href":"https:\/\/www.infokuryr.cz\/n\/wp-json\/wp\/v2\/types\/post"}],"author":[{"embeddable":true,"href":"https:\/\/www.infokuryr.cz\/n\/wp-json\/wp\/v2\/users\/2"}],"replies":[{"embeddable":true,"href":"https:\/\/www.infokuryr.cz\/n\/wp-json\/wp\/v2\/comments?post=70611"}],"version-history":[{"count":1,"href":"https:\/\/www.infokuryr.cz\/n\/wp-json\/wp\/v2\/posts\/70611\/revisions"}],"predecessor-version":[{"id":70613,"href":"https:\/\/www.infokuryr.cz\/n\/wp-json\/wp\/v2\/posts\/70611\/revisions\/70613"}],"wp:featuredmedia":[{"embeddable":true,"href":"https:\/\/www.infokuryr.cz\/n\/wp-json\/wp\/v2\/media\/70612"}],"wp:attachment":[{"href":"https:\/\/www.infokuryr.cz\/n\/wp-json\/wp\/v2\/media?parent=70611"}],"wp:term":[{"taxonomy":"category","embeddable":true,"href":"https:\/\/www.infokuryr.cz\/n\/wp-json\/wp\/v2\/categories?post=70611"},{"taxonomy":"post_tag","embeddable":true,"href":"https:\/\/www.infokuryr.cz\/n\/wp-json\/wp\/v2\/tags?post=70611"}],"curies":[{"name":"wp","href":"https:\/\/api.w.org\/{rel}","templated":true}]}}