{"id":70600,"date":"2025-01-21T00:45:23","date_gmt":"2025-01-20T23:45:23","guid":{"rendered":"https:\/\/www.infokuryr.cz\/n\/?p=70600"},"modified":"2025-01-20T16:04:55","modified_gmt":"2025-01-20T15:04:55","slug":"iran-odhalil-podzemni-namorni-zakladnu","status":"publish","type":"post","link":"https:\/\/www.infokuryr.cz\/n\/2025\/01\/21\/iran-odhalil-podzemni-namorni-zakladnu\/","title":{"rendered":"\u00cdr\u00e1n odhalil podzemn\u00ed n\u00e1mo\u0159n\u00ed z\u00e1kladnu"},"content":{"rendered":"<div id=\"fb-root\"><\/div>\n<p><strong><span>Sbor gard isl\u00e1msk\u00e9 revoluce (IRGC) \u00edr\u00e1nsk\u00e9ho n\u00e1mo\u0159nictva odhalil 18. ledna podzemn\u00ed z\u00e1kladnu, na kter\u00e9 se ubytov\u00e1vaj\u00ed r\u016fzn\u00e1 bojov\u00e1 plavidla.<\/span><\/strong><\/p>\n<p><span>Ofici\u00e1ln\u00ed zpravodajsk\u00fd kan\u00e1l IRGC Sepah News popsal podzemn\u00ed z\u00e1kladnu jako jedno z n\u011bkolika \u201em\u011bst\u201c pro n\u00e1mo\u0159nictvo str\u00e1\u017e\u00ed.<\/span><\/p>\n<p><span>Ta byla odhalena na ceremonii, kter\u00e9 se z\u00fa\u010dastnili hlavn\u00ed velitel IRGC Hossein Salami a Alireza Tangsiri, velitel n\u00e1mo\u0159n\u00edch sil, uv\u00e1d\u00ed zpr\u00e1va.<\/span><\/p>\n<p><span>Ve sv\u00fdch pozn\u00e1mk\u00e1ch na ceremonii Salami uvedl, \u017ee n\u00e1mo\u0159nictvo IRGC provozuje mnoho takov\u00fdch podzemn\u00edch z\u00e1kladen, kde s\u00eddl\u00ed r\u016fzn\u00e1 bojov\u00e1 plavidla, plavidla odpaluj\u00edc\u00ed rakety a plavidla pro kladen\u00ed min. Zd\u016fraznil tak\u00e9, \u017ee nov\u011b odhalen\u00e1 z\u00e1kladna je jen malou \u010d\u00e1st\u00ed celkov\u00fdch obrann\u00fdch schopnost\u00ed sil.<\/span><\/p>\n<p><em>&#8222;Uji\u0161\u0165ujeme velk\u00fd \u00edr\u00e1nsk\u00fd n\u00e1rod, \u017ee jeho mlad\u00ed lid\u00e9 jsou schopni vyj\u00edt \u010destn\u011b a v\u00edt\u011bzn\u011b z bitvy na mo\u0159\u00edch proti velk\u00fdm i mal\u00fdm nep\u0159\u00e1tel\u016fm,&#8220; \u0159ekl Salami.<\/em><\/p>\n<div style=\"width: 640px;\" class=\"wp-video\"><!--[if lt IE 9]><script>document.createElement('video');<\/script><![endif]-->\n<video class=\"wp-video-shortcode\" id=\"video-70600-1\" width=\"640\" height=\"360\" preload=\"metadata\" controls=\"controls\"><source type=\"video\/mp4\" src=\"http:\/\/www.infokuryr.cz\/n\/wp-content\/uploads\/2025\/01\/Iranetqq324R63TSqz3C.mp4?_=1\" \/><a href=\"http:\/\/www.infokuryr.cz\/n\/wp-content\/uploads\/2025\/01\/Iranetqq324R63TSqz3C.mp4\">http:\/\/www.infokuryr.cz\/n\/wp-content\/uploads\/2025\/01\/Iranetqq324R63TSqz3C.mp4<\/a><\/video><\/div>\n<p>&nbsp;<\/p>\n<p><span>\u00cdr\u00e1nsk\u00e1 st\u00e1tn\u00ed televize uvedla, \u017ee z\u00e1kladna byla postavena v hloubce 500 metr\u016f n\u011bkde v z\u00e1livu. Na z\u00e1b\u011brech z\u00e1kladny byly vid\u011bt tunely s dlouh\u00fdmi \u0159adami toho, o \u010dem se \u0159\u00edkalo, \u017ee jde o novou verzi radarov\u00fdch \u010dlun\u016f t\u0159\u00eddy Taregh, kter\u00e9 mohou odpalovat \u0159\u00edzen\u00e9 st\u0159ely, a \u0159\u00edkalo se, \u017ee n\u011bkter\u00e1 plavidla byla \u201eschopn\u00e1 zni\u010dit v\u00e1le\u010dn\u00e9 lod\u011b a torp\u00e9doborce Spojen\u00fdch st\u00e1t\u016f. \u201c<\/span><\/p>\n<p><span>Za\u010d\u00e1tkem tohoto m\u011bs\u00edce \u00cdr\u00e1n zah\u00e1jil vojensk\u00e1 cvi\u010den\u00ed, kter\u00e1 maj\u00ed trvat dva m\u011bs\u00edce a ji\u017e zahrnovala v\u00e1le\u010dn\u00e9 hry, ve kter\u00fdch IRGC br\u00e1nily jadern\u00e1 za\u0159\u00edzen\u00ed v Natanzu p\u0159ed fale\u0161n\u00fdmi \u00fatoky raket a dron\u016f. Odhalila tak\u00e9 podzemn\u00ed \u201eraketov\u00e9 m\u011bsto\u201c.<\/span><\/p>\n<p><strong><span>Ned\u00e1vn\u00e9 kroky \u00edr\u00e1nsk\u00e9 arm\u00e1dy a IRGC se zdaj\u00ed b\u00fdt pokusem odradit jak USA, tak Izrael. Ned\u00e1vn\u00e9 zpr\u00e1vy m\u00e9di\u00ed nazna\u010duj\u00ed, \u017ee Izrael se po p\u0159\u00edm\u011b\u0159\u00ed v p\u00e1smu Gazy zam\u011b\u0159\u00ed na \u00cdr\u00e1n a \u017ee nov\u011b zvolen\u00fd americk\u00fd prezident Donald Trump pl\u00e1nuje zv\u00fd\u0161it tlak proti Teher\u00e1nu a m\u016f\u017ee dokonce zva\u017eovat \u00fadery proti jadern\u00fdm za\u0159\u00edzen\u00edm zem\u011b.<\/span><\/strong><\/p>\n<p><img decoding=\"async\" loading=\"lazy\" class=\"alignnone size-full wp-image-1185\" src=\"http:\/\/www.infokuryr.cz\/n\/wp-content\/uploads\/2021\/04\/kuryr-podpis.png\" alt=\"\" width=\"84\" height=\"24\" \/><\/p>\n<p>&nbsp;<\/p>\n","protected":false},"excerpt":{"rendered":"<p>Sbor gard isl\u00e1msk\u00e9 revoluce (IRGC) \u00edr\u00e1nsk\u00e9ho n\u00e1mo\u0159nictva odhalil 18. ledna podzemn\u00ed z\u00e1kladnu, na kter\u00e9 se&#8230;<\/p>\n","protected":false},"author":2,"featured_media":70602,"comment_status":"closed","ping_status":"closed","sticky":false,"template":"","format":"standard","meta":[],"categories":[7],"tags":[38,8291,889],"_links":{"self":[{"href":"https:\/\/www.infokuryr.cz\/n\/wp-json\/wp\/v2\/posts\/70600"}],"collection":[{"href":"https:\/\/www.infokuryr.cz\/n\/wp-json\/wp\/v2\/posts"}],"about":[{"href":"https:\/\/www.infokuryr.cz\/n\/wp-json\/wp\/v2\/types\/post"}],"author":[{"embeddable":true,"href":"https:\/\/www.infokuryr.cz\/n\/wp-json\/wp\/v2\/users\/2"}],"replies":[{"embeddable":true,"href":"https:\/\/www.infokuryr.cz\/n\/wp-json\/wp\/v2\/comments?post=70600"}],"version-history":[{"count":1,"href":"https:\/\/www.infokuryr.cz\/n\/wp-json\/wp\/v2\/posts\/70600\/revisions"}],"predecessor-version":[{"id":70603,"href":"https:\/\/www.infokuryr.cz\/n\/wp-json\/wp\/v2\/posts\/70600\/revisions\/70603"}],"wp:featuredmedia":[{"embeddable":true,"href":"https:\/\/www.infokuryr.cz\/n\/wp-json\/wp\/v2\/media\/70602"}],"wp:attachment":[{"href":"https:\/\/www.infokuryr.cz\/n\/wp-json\/wp\/v2\/media?parent=70600"}],"wp:term":[{"taxonomy":"category","embeddable":true,"href":"https:\/\/www.infokuryr.cz\/n\/wp-json\/wp\/v2\/categories?post=70600"},{"taxonomy":"post_tag","embeddable":true,"href":"https:\/\/www.infokuryr.cz\/n\/wp-json\/wp\/v2\/tags?post=70600"}],"curies":[{"name":"wp","href":"https:\/\/api.w.org\/{rel}","templated":true}]}}