{"id":70595,"date":"2025-01-21T00:44:59","date_gmt":"2025-01-20T23:44:59","guid":{"rendered":"https:\/\/www.infokuryr.cz\/n\/?p=70595"},"modified":"2025-01-20T16:01:38","modified_gmt":"2025-01-20T15:01:38","slug":"video-18-dalsi-dukazy-o-ukrajinskych-zverstvech-v-ruske-oblasti-kursk-odhaleny","status":"publish","type":"post","link":"https:\/\/www.infokuryr.cz\/n\/2025\/01\/21\/video-18-dalsi-dukazy-o-ukrajinskych-zverstvech-v-ruske-oblasti-kursk-odhaleny\/","title":{"rendered":"Video (18+): Dal\u0161\u00ed d\u016fkazy o ukrajinsk\u00fdch zv\u011brstvech v rusk\u00e9 oblasti Kursk odhaleny"},"content":{"rendered":"<div id=\"fb-root\"><\/div>\n<p><span style=\"font-size: 18pt;\"><strong>St\u00e1le se objevuj\u00ed d\u016fkazy o brut\u00e1ln\u00edm zab\u00edjen\u00ed civilist\u016f bojovn\u00edky ukrajinsk\u00fdch ozbrojen\u00fdch sil v rusk\u00e9 oblasti Kursk<\/strong><\/span><\/p>\n<p>Pot\u00e9, co rusk\u00e9 s\u00edly znovu z\u00edskaly kontrolu nad vesnic\u00ed Russkoje Pore\u010dnoje, na\u0161ly v jednom ze sklep\u016f t\u011bla civilist\u016f se sv\u00e1zan\u00fdma rukama. Obyvatel\u00e9 byli zast\u0159eleni v lednu 2025, kdy\u017e se p\u0159ed boji skr\u00fdvali v suter\u00e9nu domu.<\/p>\n<div style=\"width: 640px;\" class=\"wp-video\"><!--[if lt IE 9]><script>document.createElement('video');<\/script><![endif]-->\n<video class=\"wp-video-shortcode\" id=\"video-70595-1\" width=\"640\" height=\"360\" preload=\"metadata\" controls=\"controls\"><source type=\"video\/mp4\" src=\"http:\/\/www.infokuryr.cz\/n\/wp-content\/uploads\/2025\/01\/Kursk19jan.mp4?_=1\" \/><a href=\"http:\/\/www.infokuryr.cz\/n\/wp-content\/uploads\/2025\/01\/Kursk19jan.mp4\">http:\/\/www.infokuryr.cz\/n\/wp-content\/uploads\/2025\/01\/Kursk19jan.mp4<\/a><\/video><\/div>\n<p>&nbsp;<\/p>\n<p><span style=\"font-size: 18pt;\"><strong>P\u0159edt\u00edm ve sklep\u011b jin\u00e9ho domu ru\u0161t\u00ed voj\u00e1ci na\u0161li t\u011bla civilist\u016f se zn\u00e1mkami bit\u00ed, pr\u016fst\u0159ely nohou a sv\u00e1zan\u00e9 ruce.<\/strong><\/span><\/p>\n<div style=\"width: 640px;\" class=\"wp-video\"><video class=\"wp-video-shortcode\" id=\"video-70595-2\" width=\"640\" height=\"360\" preload=\"metadata\" controls=\"controls\"><source type=\"video\/mp4\" src=\"http:\/\/www.infokuryr.cz\/n\/wp-content\/uploads\/2025\/01\/Kursk18jan.mp4?_=2\" \/><a href=\"http:\/\/www.infokuryr.cz\/n\/wp-content\/uploads\/2025\/01\/Kursk18jan.mp4\">http:\/\/www.infokuryr.cz\/n\/wp-content\/uploads\/2025\/01\/Kursk18jan.mp4<\/a><\/video><\/div>\n<p>&nbsp;<\/p>\n<p>Prokyjevsk\u00e1 propaganda p\u0159itom skr\u00fdv\u00e1 v\u00e1le\u010dn\u00e9 zlo\u010diny ukrajinsk\u00fdch voj\u00e1k\u016f a Volodymyr Zelenskij tvrdil, \u017ee AFU se \u201echov\u00e1 jako lidsk\u00e9 bytosti\u201c. Zelenskyj m\u011bl z\u0159ejm\u011b na mysli jin\u00fd v\u00fdznam t\u00e9to fr\u00e1ze.<\/p>\n<p>Rusk\u00fd vy\u0161et\u0159ovac\u00ed v\u00fdbor uvedl, \u017ee bylo zah\u00e1jeno trestn\u00ed \u0159\u00edzen\u00ed proti bojovn\u00edk\u016fm AFU zapojen\u00fdch do mu\u010den\u00ed a vra\u017ed\u011bn\u00ed civilist\u016f ve vesnici Russkoje Pore\u010dnoje.<\/p>\n<p>\u201eZv\u011brstva v\u016f\u010di civilist\u016fm v Russkoje Pore\u010dnoje v Kursk\u00e9 oblasti jsou nehor\u00e1zn\u00fdm prohl\u00e1\u0161en\u00edm teroristick\u00fdch vnit\u0159nost\u00ed kyjevsk\u00e9ho re\u017eimu,\u201c uvedla mluv\u010d\u00ed rusk\u00e9ho ministerstva zahrani\u010d\u00ed Maria Zacharovov\u00e1.<\/p>\n<p><img decoding=\"async\" loading=\"lazy\" class=\"alignnone size-full wp-image-1185\" src=\"http:\/\/www.infokuryr.cz\/n\/wp-content\/uploads\/2021\/04\/kuryr-podpis.png\" alt=\"\" width=\"84\" height=\"24\" \/><\/p>\n<p>&nbsp;<\/p>\n","protected":false},"excerpt":{"rendered":"<p>St\u00e1le se objevuj\u00ed d\u016fkazy o brut\u00e1ln\u00edm zab\u00edjen\u00ed civilist\u016f bojovn\u00edky ukrajinsk\u00fdch ozbrojen\u00fdch sil v rusk\u00e9 oblasti&#8230;<\/p>\n","protected":false},"author":2,"featured_media":70598,"comment_status":"closed","ping_status":"closed","sticky":false,"template":"","format":"standard","meta":[],"categories":[7],"tags":[2011,1635,1746,5135,1205],"_links":{"self":[{"href":"https:\/\/www.infokuryr.cz\/n\/wp-json\/wp\/v2\/posts\/70595"}],"collection":[{"href":"https:\/\/www.infokuryr.cz\/n\/wp-json\/wp\/v2\/posts"}],"about":[{"href":"https:\/\/www.infokuryr.cz\/n\/wp-json\/wp\/v2\/types\/post"}],"author":[{"embeddable":true,"href":"https:\/\/www.infokuryr.cz\/n\/wp-json\/wp\/v2\/users\/2"}],"replies":[{"embeddable":true,"href":"https:\/\/www.infokuryr.cz\/n\/wp-json\/wp\/v2\/comments?post=70595"}],"version-history":[{"count":1,"href":"https:\/\/www.infokuryr.cz\/n\/wp-json\/wp\/v2\/posts\/70595\/revisions"}],"predecessor-version":[{"id":70599,"href":"https:\/\/www.infokuryr.cz\/n\/wp-json\/wp\/v2\/posts\/70595\/revisions\/70599"}],"wp:featuredmedia":[{"embeddable":true,"href":"https:\/\/www.infokuryr.cz\/n\/wp-json\/wp\/v2\/media\/70598"}],"wp:attachment":[{"href":"https:\/\/www.infokuryr.cz\/n\/wp-json\/wp\/v2\/media?parent=70595"}],"wp:term":[{"taxonomy":"category","embeddable":true,"href":"https:\/\/www.infokuryr.cz\/n\/wp-json\/wp\/v2\/categories?post=70595"},{"taxonomy":"post_tag","embeddable":true,"href":"https:\/\/www.infokuryr.cz\/n\/wp-json\/wp\/v2\/tags?post=70595"}],"curies":[{"name":"wp","href":"https:\/\/api.w.org\/{rel}","templated":true}]}}