{"id":70593,"date":"2025-01-21T00:43:41","date_gmt":"2025-01-20T23:43:41","guid":{"rendered":"https:\/\/www.infokuryr.cz\/n\/?p=70593"},"modified":"2025-01-20T15:45:48","modified_gmt":"2025-01-20T14:45:48","slug":"argentinsky-ekonomicky-zazrak-milei-vzdoruje-vsem-proroctvim-o-zkaze","status":"publish","type":"post","link":"https:\/\/www.infokuryr.cz\/n\/2025\/01\/21\/argentinsky-ekonomicky-zazrak-milei-vzdoruje-vsem-proroctvim-o-zkaze\/","title":{"rendered":"Argentinsk\u00fd ekonomick\u00fd z\u00e1zrak: Milei vzdoruje v\u0161em proroctv\u00edm o zk\u00e1ze"},"content":{"rendered":"<div id=\"fb-root\"><\/div>\n<p><strong><span>V Argentin\u011b doch\u00e1z\u00ed k pozoruhodn\u00e9mu v\u00fdvoji. Prezident Javier Milei, liber\u00e1ln\u00ed ekonom s divok\u00fdmi vlasy, dal sv\u00e9 zemi n\u011bco, co mnoz\u00ed pova\u017eovali za nemo\u017en\u00e9: jej\u00ed prvn\u00ed rozpo\u010dtov\u00fd p\u0159ebytek za 14 let.<\/span><\/strong><\/p>\n<p><a href=\"https:\/\/www.foxbusiness.com\/fox-news-world\/hailed-trump-musk-argentinas-milei-economic-miracle-maker\"><span>Podle aktu\u00e1ln\u00ed zpr\u00e1vy \u201eFox\u201c<\/span><\/a><span>\u00a0\u010d\u00edsla hovo\u0159\u00ed\u00a0sama za sebe: m\u011bs\u00ed\u010dn\u00ed m\u00edra inflace klesla z d\u011bsiv\u00fdch 25,5 procenta v prosinci 2023 na m\u00edrn\u00fdch 2,7 procenta v \u0159\u00edjnu 2024. Argentinsk\u00e9 peso, dlouho probl\u00e9mov\u00e9 d\u00edt\u011b jihoamerick\u00fdch m\u011bn, je v\u016f\u010di dolaru p\u0159ekvapiv\u011b robustn\u00ed \u2013 co\u017e je ukazatel, kter\u00fd nut\u00ed finan\u010dn\u00ed experty sed\u011bt a v\u0161\u00edmat si. Mart\u00edn Menem, p\u0159edseda argentinsk\u00e9 Poslaneck\u00e9 sn\u011bmovny, hrd\u011b oznamuje: \u201eEkonomika expanduje, \u00fav\u011bry se vracej\u00ed, chudoba kles\u00e1 a re\u00e1ln\u00e9 mzdy se m\u011bs\u00edc co m\u011bs\u00edc zotavuj\u00ed.\u201c Prohl\u00e1\u0161en\u00ed, kter\u00e9 by bylo p\u0159ed rokem odm\u00edtnuto jako utopick\u00e9.<\/span><\/p>\n<p><span>Cesta k hospod\u00e1\u0159sk\u00e9mu o\u017eiven\u00ed v\u0161ak byla dl\u00e1\u017ed\u011bna tvrd\u00fdmi \u0161krty. Radik\u00e1ln\u00ed \u00fasporn\u00e1 opat\u0159en\u00ed Milei zanechala hlubok\u00e9 jizvy: v\u00edce ne\u017e polovina populace se pot\u00fdk\u00e1 s d\u016fsledky \u00fasporn\u00fdch politik. Ekonom Roberto Cachanosky kriticky poznamen\u00e1v\u00e1: &#8222;Jeho protr\u017en\u00ed r\u00e9torika je v rozporu s pokra\u010duj\u00edc\u00ed vl\u00e1dn\u00ed kontrolou m\u011bnov\u00e9ho trhu.&#8220;<\/span><\/p>\n<p><span>Milei si jist\u011b z\u00edsk\u00e1 mezin\u00e1rodn\u00ed pozornost. Donald Trump nad\u0161en\u011b pochv\u00e1lil Argentince za jeho \u00fasp\u011bchy a ud\u011blal dojem i na technologick\u00e9ho magn\u00e1ta Elona Muska. Ale zat\u00edmco n\u011bkte\u0159\u00ed mluv\u00ed o \u201eekonomick\u00e9m z\u00e1zraku\u201c, jin\u00ed varuj\u00ed p\u0159ed soci\u00e1ln\u00edmi n\u00e1klady t\u00e9to politiky. Realita je patrn\u00e1 v ka\u017edodenn\u00edch detailech: Spot\u0159eba masa \u2013 tradi\u010dn\u011b z\u00e1kladn\u00edho kamene argentinsk\u00e9 kultury \u2013 klesla o 11 procent. Na obl\u00edben\u00fd Asados \u200b\u200bsi u\u017e nem\u016f\u017ee dovolit 71 procent rodin. Rostouc\u00ed n\u00e1klady na elekt\u0159inu, vodu a plyn p\u0159edstavuj\u00ed dal\u0161\u00ed z\u00e1t\u011b\u017e pro dom\u00e1cnosti.<\/span><\/p>\n<p><span>Joseph Humire z Centra pro bezpe\u010dnou svobodnou spole\u010dnost shrnuje: \u201eMilei dos\u00e1hla zd\u00e1nliv\u011b nemo\u017en\u00e9ho. Ekonomika se ub\u00edr\u00e1 pozitivn\u00edm sm\u011brem, i kdy\u017e je st\u00e1le co d\u011blat.\u201c Debata o hospod\u00e1\u0159sk\u00e9 politice Milei ukazuje, \u017ee vyv\u00e1\u017een\u00ed hospod\u00e1\u0159sk\u00e9 stabilizace a soci\u00e1ln\u00ed politiky z\u016fst\u00e1v\u00e1 pro jihoamerickou zemi jednou z nejv\u011bt\u0161\u00edch v\u00fdzev.\u00a0<\/span><strong><span>Zd\u00e1 se v\u0161ak, \u017ee po pr\u016fchodu \u201e\u00dadol\u00edm slz\u201c lze pro obyvatele Argentiny o\u010dek\u00e1vat mnohem lep\u0161\u00ed budoucnost.<\/span><\/strong><span>\u00a0\u201ePokra\u010dujte v tom\u201c by pravd\u011bpodobn\u011b jen prodlou\u017eilo utrpen\u00ed je\u0161t\u011b v\u00edce, bez nad\u011bje na zlep\u0161en\u00ed.<\/span><\/p>\n<p><img decoding=\"async\" loading=\"lazy\" class=\"alignnone size-full wp-image-1185\" src=\"http:\/\/www.infokuryr.cz\/n\/wp-content\/uploads\/2021\/04\/kuryr-podpis.png\" alt=\"\" width=\"84\" height=\"24\" \/><\/p>\n<p>&nbsp;<\/p>\n","protected":false},"excerpt":{"rendered":"<p>V Argentin\u011b doch\u00e1z\u00ed k pozoruhodn\u00e9mu v\u00fdvoji. Prezident Javier Milei, liber\u00e1ln\u00ed ekonom s divok\u00fdmi vlasy, dal&#8230;<\/p>\n","protected":false},"author":2,"featured_media":70594,"comment_status":"closed","ping_status":"closed","sticky":false,"template":"","format":"standard","meta":[],"categories":[7],"tags":[756,59,165,855],"_links":{"self":[{"href":"https:\/\/www.infokuryr.cz\/n\/wp-json\/wp\/v2\/posts\/70593"}],"collection":[{"href":"https:\/\/www.infokuryr.cz\/n\/wp-json\/wp\/v2\/posts"}],"about":[{"href":"https:\/\/www.infokuryr.cz\/n\/wp-json\/wp\/v2\/types\/post"}],"author":[{"embeddable":true,"href":"https:\/\/www.infokuryr.cz\/n\/wp-json\/wp\/v2\/users\/2"}],"replies":[{"embeddable":true,"href":"https:\/\/www.infokuryr.cz\/n\/wp-json\/wp\/v2\/comments?post=70593"}],"version-history":[{"count":0,"href":"https:\/\/www.infokuryr.cz\/n\/wp-json\/wp\/v2\/posts\/70593\/revisions"}],"wp:featuredmedia":[{"embeddable":true,"href":"https:\/\/www.infokuryr.cz\/n\/wp-json\/wp\/v2\/media\/70594"}],"wp:attachment":[{"href":"https:\/\/www.infokuryr.cz\/n\/wp-json\/wp\/v2\/media?parent=70593"}],"wp:term":[{"taxonomy":"category","embeddable":true,"href":"https:\/\/www.infokuryr.cz\/n\/wp-json\/wp\/v2\/categories?post=70593"},{"taxonomy":"post_tag","embeddable":true,"href":"https:\/\/www.infokuryr.cz\/n\/wp-json\/wp\/v2\/tags?post=70593"}],"curies":[{"name":"wp","href":"https:\/\/api.w.org\/{rel}","templated":true}]}}