{"id":70569,"date":"2025-01-20T05:57:21","date_gmt":"2025-01-20T04:57:21","guid":{"rendered":"https:\/\/www.infokuryr.cz\/n\/?p=70569"},"modified":"2025-01-20T05:57:21","modified_gmt":"2025-01-20T04:57:21","slug":"michael-svatos-plan-tzv-nordicke-divize-nato-na-rozpoutani-okamzite-valky-s-ruskem-a-za-zachranu-kyjevskeho-rezimu","status":"publish","type":"post","link":"https:\/\/www.infokuryr.cz\/n\/2025\/01\/20\/michael-svatos-plan-tzv-nordicke-divize-nato-na-rozpoutani-okamzite-valky-s-ruskem-a-za-zachranu-kyjevskeho-rezimu\/","title":{"rendered":"Michael Svato\u0161: Pl\u00e1n tzv. \u201cNordick\u00e9 divize\u201d NATO na rozpout\u00e1n\u00ed okam\u017eit\u00e9 v\u00e1lky s Ruskem a za z\u00e1chranu kyjevsk\u00e9ho re\u017eimu"},"content":{"rendered":"<div id=\"fb-root\"><\/div>\n<h3><span style=\"font-size: 18pt;\">(1) Rusk\u00e1 odpov\u011b\u010f na nejnov\u011bj\u0161\u00ed strategii \u201cNordick\u00e9 divize NATO\u201d, jak vyhr\u00e1t v\u00e1lku na Ukrajin\u011b, p\u0159i\u0161la okam\u017eit\u011b.\u00a0<\/span><\/h3>\n<p>Ve st\u0159edu 8. ledna Rusov\u00e9 klouzavou bombou \u0424\u0410\u0411-500\u0422, (500 kg), p\u0159esn\u011b zas\u00e1hli\u00a0<a href=\"https:\/\/www.google.com\/maps\/place\/Motor+Sich\/@47.0867566,35.6646478,306932m\/data=!3m1!1e3!4m6!3m5!1s0x40dc5dddc05878bd:0xe682fa38e1cdd4ee!8m2!3d47.8220535!4d35.1963482!16s%2Fg%2F11bzv_f6r8?entry=ttu&amp;g_ep=EgoyMDI1MDExNS4wIKXMDSoASAFQAw%3D%3D\">tov\u00e1rnu Motor S\u00ed\u010d v Z\u00e1poro\u017e\u00ed<\/a>\u00a0\u2013\u00a0<a href=\"https:\/\/t.me\/swodki\/457907\">velmi odstra\u0161iv\u011b p\u016fsobiv\u00e9 video zde<\/a>. \u00datok byl proveden p\u0159es den v pracovn\u00ed dob\u011b a vy\u017e\u00e1dal si nejm\u00e9n\u011b 13 ob\u011bt\u00ed, v\u010detn\u011b jedn\u00e9 d\u00edvky. Dal\u0161\u00edch 100 osob bylo v\u00fdbuchem zran\u011bno. Rusov\u00e9 klouzav\u00e9 bomby \u0424\u0410\u0411-500\u0422 v\u011bt\u0161inou shazuj\u00ed z letadel SU-34, a dosud s nimi \u00fato\u010dili tak\u0159ka v\u00fdhradn\u011b na ukrajinsk\u00e9 vojensk\u00e9 a pr\u016fmyslov\u00e9 c\u00edle pobl\u00ed\u017e sv\u00e9 hranice, a nebo bl\u00edzko linie fronty,\u00a0 v Charkov\u011b, na Donbase, a u m\u011bsta Sumy, kde si Ukrajinci z\u0159\u00eddili mohutn\u00fd logistick\u00fd hub pro z\u00e1sobov\u00e1n\u00ed sv\u00e9 kursk\u00e9 invazn\u00ed arm\u00e1dy.<\/p>\n<p>\u00dader na leteckou tov\u00e1rnu Motor S\u00ed\u010d v Z\u00e1poro\u017e\u00ed je oproti bombardov\u00e1n\u00ed c\u00edl\u016f v Charkov\u011b, ve m\u011bst\u011b Sumy, nebo na Donbase, zna\u010dn\u011b n\u00e1ro\u010dn\u011bj\u0161\u00ed, proto\u017ee rusk\u00e1 letadla p\u0159i n\u011bm mus\u00ed vlet\u011bt do z\u00f3ny kontroly ukrajinsk\u00e9 PVO.\u00a0 Rusov\u00e9 shazuj\u00ed tyto bomby \u0424\u0410\u0411-500\u0422 asi 75 a\u017e 100 km od c\u00edle, z velk\u00e9 v\u00fd\u0161ky, a letoun, kter\u00fd bombu odhazuje se vystavuje zna\u010dn\u00e9mu nebezpe\u010d\u00ed sest\u0159elen\u00ed americk\u00fdmi raketami Patriot. Skute\u010dnost, \u017ee Rusov\u00e9 8. ledna na tov\u00e1rnu Motor S\u00ed\u010d za\u00fato\u010dili mimo\u0159\u00e1dn\u011b drah\u00fdm a velmi nedostatkov\u00fdm bombard\u00e9rem SU-34, ukazuje na \u201cvelmi vysokou prioritu\u201d, kterou nejvy\u0161\u0161\u00ed rusk\u00e9 velen\u00ed p\u0159i\u0159adilo naru\u0161en\u00ed tamn\u00ed ukrajinsk\u00e9 v\u00fdroby motor\u016f do letadel, dron\u016f, a do raket. Podstoupen\u00ed rizika sest\u0159elen\u00ed SU-34 p\u0159i t\u00e9to bombardovac\u00ed misi, jednak dokazuje, vzm\u00e1haj\u00edc\u00ed se ukrajinskou v\u00fdrobu motor\u016f pro d\u00e1lkov\u00e9 drony, kter\u00e9 st\u00e1le \u010dast\u011bji vypaluj\u00ed rusk\u00e9 rafinerie, a dal\u0161\u00ed d\u016fle\u017eit\u00e9 objekty, a Gerasimov tak rad\u011bji riskoval ztr\u00e1tu drahocenn\u00e9ho SU-34, jen aby v\u00fdrobu naru\u0161il. A jednak dokazuje, kritick\u00fd nedostatek raket a syst\u00e9m\u016f Patriot, a dal\u0161\u00edch z\u00e1padn\u00edch protiletadlov\u00fdch st\u0159el v ukrajinsk\u00e9m v\u00e1le\u010dn\u00e9m arzen\u00e1lu, i skute\u010dnost, \u017ee v\u0161echny prost\u0159edky PVO Zelenskyj d\u016fsledn\u011b sysl\u00ed pouze na ochranu sv\u00e9ho kyjevsk\u00e9ho doup\u011bte, a osud ostatn\u00edch ukrajinsk\u00fdch m\u011bst ho v\u00edce m\u00e9n\u011b nezaj\u00edm\u00e1.<\/p>\n<p>A nakonec dokazuje to nejd\u016fle\u017eit\u011bj\u0161\u00ed: Rusov\u00e9 po ovl\u00e1dnut\u00ed linie Pokrovsk \u2013 Kurachove \u2013 Velyka Novosilka u\u017e odtla\u010dili ukrajinskou obranu dostate\u010dn\u011b na z\u00e1pad, aby jejich bombard\u00e9ry SU-34 mohly za\u010d\u00edt v relativn\u00edm bezpe\u010d\u00ed z letu nad t\u00edmto nov\u011b kontrolovan\u00fdm \u00fazem\u00edm vypou\u0161t\u011bt klouzav\u00e9 bomby na Z\u00e1poro\u017e\u00ed na Dn\u011bpru, kter\u00e9 je jedn\u00edm z nejd\u016fle\u017eit\u011bj\u0161\u00edm ukrajinsk\u00fdch pr\u016fmyslov\u00fdch center pro v\u00e1le\u010dnou v\u00fdrobu. Jakmile Rusov\u00e9 odtla\u010d\u00ed Ukrajince je\u0161t\u011b o dal\u0161\u00edch 30 a\u017e 50 km d\u00e1le na z\u00e1pad, za\u010dnou jejich klouzav\u00e9 bomby \u0424\u0410\u0411-500\u0422 padat i na Dn\u011bpropetrovsk. Ukazuje se tak, \u017ee ve v\u00e1lce na Ukrajin\u011b nyn\u00ed sta\u010d\u00ed Gosudarovi je\u0161t\u011b postoupit o p\u00e1r des\u00edtek kilometr\u016f, (viz anal\u00fdza MAP 2197), a hned se cel\u00e1 nejnov\u011bj\u0161\u00ed Zelensk\u00e9ho\u00a0 strategie, jak vyp\u00e1lit Rusko vlastn\u00edmi na Ukrajin\u011b vyr\u00e1b\u011bn\u00fdmi zbran\u011bmi, za\u010dne hroutit pod rusk\u00fdmi bombami \u0424\u0410\u0411-500\u0422.<\/p>\n<h3><span style=\"font-size: 18pt;\">(2) Prvn\u00ed US arm\u00e1dn\u00ed specialist\u00e9 na sest\u0159elov\u00e1n\u00ed rusk\u00fdch letadel zah\u00e1jili svoji \u010dinnost na Ukrajin\u011b u\u017e v roce 2021.<\/span><\/h3>\n<p>US Army zah\u00e1jila bezprost\u0159edn\u00ed p\u0159\u00edpravu na v\u00e1lku Ukrajiny s Ruskem u\u017e koncem roku 2021, kdy do Kyjeva vyslala sv\u00e9 vy\u0161\u0161\u00ed komand\u00fdry, techniky a specialisty PVO, aby urychlen\u011b integrovali ukrajinskou protivzdu\u0161nou obranu do syst\u00e9mu PVO NATO.\u00a0(<a href=\"https:\/\/x.com\/AirPowerNEW1\/status\/1799820211266494585\">D\u016fkazn\u00ed video zde<\/a>.)<\/p>\n<p>US v\u00e1le\u010dn\u00edci ov\u0161em p\u0159i v\u00fdcviku Ukrajinc\u016f, jak sest\u0159elovat rusk\u00e1 letadla, naprosto propadli, proto\u017ee jsou podle sv\u00e9 doktr\u00edny navykl\u00ed, Patrioty vypou\u0161t\u011bt pouze ze stacion\u00e1rn\u00edch, dob\u0159e zabezpe\u010den\u00fdch a opevn\u011bn\u00fdch pozic. Rusov\u00e9 tak v\u017edy v\u011bd\u00ed, kde se ukrajinsk\u00e9 US Patrioty nach\u00e1zej\u00ed, a do jejich palebn\u00e9ho pole nikdy nevl\u00e9taj\u00ed letadly, ale naopak proti jejich opevn\u011bn\u00fdm \u00fakryt\u016fm odpaluj\u00ed sv\u00e9 balistick\u00e9 rakety, se kter\u00fdmi si syst\u00e9m Patriot neporad\u00ed.<\/p>\n<p>Mnohem efektivn\u011bj\u0161\u00ed se uk\u00e1zali germ\u00e1n\u0161t\u00ed v\u00e1le\u010dn\u00edci \u2013\u00a0<a href=\"https:\/\/x.com\/AirPowerNEW1\/status\/1799841080084742508\">video zde<\/a>. Ti si pozvali Ukrajince do Polska, a tam je ka\u017edou noc budili, a nechali je i s germ\u00e1nsk\u00fdmi Patrioty p\u0159ej\u00ed\u017ed\u011bt z m\u00edsta na m\u00edsto, a touto neust\u00e1lou zm\u011bnou palebn\u00fdch postaven\u00ed vytv\u00e1\u0159et p\u0159epadov\u00e9 l\u00e9\u010dky na pravd\u011bpodobn\u00fdch tras\u00e1ch n\u00e1let\u016f rusk\u00fdch letadel. N\u011bmeck\u00e1 taktika na rozd\u00edl od americk\u00e9 slavila \u00fasp\u011bch, a Ukrajinc\u016fm se poda\u0159ilo p\u00e1r rusk\u00fdch letadel a vrtuln\u00edk\u016f i sest\u0159elit. Nakonec dopadli stejn\u011b jako jejich US-kolegov\u00e9. Rusov\u00e9 za\u010dali vys\u00edlat sv\u00e1 letadla, tak aby na n\u011b v Polsku vycvi\u010den\u00ed Ukrajinci mohli za\u010d\u00edst kl\u00e1st po noc\u00edch nadrilovan\u00e9 germ\u00e1nsk\u00e9 l\u00e9\u010dky, a p\u0159itom tak sami padli do nastra\u017een\u00e9 rusk\u00e9 l\u00e9\u010dky. B\u011bhem chvilky se situace oto\u010dila, a m\u00edsto sest\u0159elov\u00e1n\u00ed rusk\u00fdch letadel Patrioty nastalo vra\u017ed\u011bn\u00ed Patriot\u016f Iskandery. Ob\u011b koncepce NATO, jak se maj\u00ed Ukrajinci br\u00e1nit Patrioty proti rusk\u00fdm n\u00e1let\u016fm, selhaly na prost\u00e9m faktu \u2013 rusk\u00e9 balistick\u00e9 rakety a modern\u00ed man\u00e9vruj\u00edc\u00ed st\u0159ely dolet\u00ed d\u00e1l, a nav\u00edc se mimo\u0159\u00e1dn\u011b obt\u00ed\u017en\u011b, nebo absolutn\u011b v\u016fbec (Ore\u0161nik), daj\u00ed sest\u0159elit. Rus\u016fm je tak jedno, jestli germ\u00e1nsk\u00fd Patriot driftuje bl\u00edzko fronty po boji\u0161ti, aby \u010d\u00edhal na rusk\u00e9 letadlo, \u010di anglosask\u00fd se schov\u00e1v\u00e1 v bunkru a\u017e u Kyjeva, aby vy\u010dk\u00e1val, zda n\u011bjak\u00fd Rus n\u00e1hodou na letadle nepolet\u00ed okolo, proto\u017ee rusk\u00e9 rakety s v\u011bt\u0161\u00edm dost\u0159elem spolehliv\u011b zni\u010d\u00ed oba.<\/p>\n<p>Po prvn\u00edch \u00fasp\u011b\u0161\u00edch p\u0159i sest\u0159elov\u00e1n\u00ed rusk\u00fdch letadel taktikou germ\u00e1nsk\u00fdch l\u00e9\u010dek, a rusk\u00fdch star\u0161\u00edch \u0159\u00edzen\u00fdch st\u0159el americkou taktikou \u010d\u00edh\u00e1n\u00e9 z bunkru u Kyjeva, na p\u0159elomu let 23\/24, p\u0159i\u0161lo rychl\u00e9 vyst\u0159\u00edzliv\u011bn\u00ed. Rusk\u00e9 balistick\u00e9 rakety a modern\u00ed \u0159\u00edzen\u00e9 st\u0159ely za\u010daly Patrioty odpravovat na onen sv\u011bt rychleji, ne\u017e je str\u00fd\u010dek Sam v Americe st\u00edhal rodit. Z\u00e1pad proto dal s Ukrajinci op\u011bt hlavy do hromady, a zrodila se dal\u0161\u00ed nov\u00e1 taktika!<\/p>\n<p>Zelenskyj z\u0159\u00eddil v Kyjev\u011b 9688. brig\u00e1du PVO, a do n\u00ed seskupil v\u0161echny zbyl\u00e9 Patrioty, IRIS-T, NASAMS, S-300, S-125, Avangery a Gepardy, a \u010detn\u00e9 tlupy protiletadlov\u00fdch kulomet\u010d\u00edk\u016f na ter\u00e9nn\u00edch off-roadech. A jak p\u0159iznali ameri\u010dt\u00ed velitel\u00e9, Patriot podle t\u00e9to nov\u00e9 taktiky st\u00e1le \u010d\u00edh\u00e1 v bunkru, stejn\u011b jako \u010d\u00edhal p\u0159ed t\u00edm, ale IRIS-T, NASAMS, S-300, S-125, Avangery, Gepardy, a dal\u0161\u00ed z\u00e1padn\u00ed syst\u00e9my PVO,<a href=\"https:\/\/x.com\/AirPowerNEW1\/status\/1799833242251719096\">\u00a0ho te\u010f p\u0159i \u010d\u00edhan\u00e9 chr\u00e1n\u00ed<\/a>\u00a0p\u0159ed rusk\u00fdmi drony Geranium-2, a star\u0161\u00edmi st\u0159elami z konce 90-t\u00fdch let, aby je nemusel sest\u0159elovat sv\u00fdmi vlastn\u00edmi nedostatkov\u00fdmi a drah\u00fdmi raketami, a aby t\u011bmito rusk\u00fdmi st\u0159elami nebyl s\u00e1m zni\u010den. Samotn\u00fd Patriot se podle t\u00e9to nov\u00e9 taktiky pokou\u0161\u00ed jen sest\u0159elovat rusk\u00e9 modern\u00ed nav\u00e1d\u011bn\u00e9 st\u0159ely, a jeho obsluha se p\u0159itom usilovn\u011b modl\u00ed, aby na ni nep\u0159ilet\u011bla n\u011bjak\u00e1 modern\u00ed rusk\u00e1 balistick\u00e1 raketa. Cel\u00e1 9688. brig\u00e1da PVO Ukrajiny tak dot\u00e1hla protiletadlovou obranu do jej\u00ed z\u00e1padn\u00ed absurdn\u00ed dokonalosti \u2013 chr\u00e1n\u00ed jenom sama sebe p\u0159ed sv\u00fdm vlastn\u00edm zni\u010den\u00edm za cenu vyu\u017eit\u00ed ve\u0161ker\u00e9 z\u00e1padn\u00ed protileteck\u00e9 techniky, kterou za 3 roky v\u00e1lky Ukrajina dostala. A rusk\u00e9 balistick\u00e9 rakety, st\u0159ely, i drony p\u0159itom\u00a0 d\u00e1le pusto\u0161\u00ed Kyjev. A v\u0161echna dal\u0161\u00ed ukrajinsk\u00e1 m\u011bsta pod\u00e9l b\u0159ehu Dn\u011bpru, a na v\u00fdchod od n\u011bj,\u00a0 jsou z\u00e1rove\u0148 vyd\u00e1na na pospas rusk\u00fdm bomb\u00e1m a raket\u00e1m, pouze dle skute\u010dnosti, zda se Gosudar vyspal dob\u0159e, nebo mu p\u0159i rann\u00edm \u010daji gener\u00e1l Garsimov zkazil tr\u00e1ven\u00ed fotkami dal\u0161\u00ed rusk\u00e9 rafinerie vyp\u00e1len\u00e9 Budanov\u00fdmi drony.<\/p>\n<h3><span style=\"font-size: 18pt;\">(3) Proto\u017ee v\u0161em na Z\u00e1pad\u011b i v Kyjev\u011b je jasn\u00e9, \u017ee v\u00e1lka s Ruskem je prohran\u00e1. Vymysleli dal\u0161\u00ed nov\u00fd pl\u00e1n, jak Rusko porazit. \u017de je to nejlep\u0161\u00ed cesta, jak rozpoutat III. sv\u011btovou jadernou v\u00e1lku, hlavouny nezaj\u00edm\u00e1.\u00a0<\/span><\/h3>\n<div id=\"attachment_15654\" class=\"wp-caption aligncenter\" style=\"width: 951px;\"><img decoding=\"async\" loading=\"lazy\" class=\" wp-image-15654\" src=\"https:\/\/www.michalapetr.com\/wp-content\/uploads\/2025\/01\/photo_2025-01-20_04-26-44.jpg\" sizes=\"(max-width: 1183px) 100vw, 1183px\" srcset=\"https:\/\/www.michalapetr.com\/wp-content\/uploads\/2025\/01\/photo_2025-01-20_04-26-44.jpg 1183w, https:\/\/www.michalapetr.com\/wp-content\/uploads\/2025\/01\/photo_2025-01-20_04-26-44-300x300.jpg 300w, https:\/\/www.michalapetr.com\/wp-content\/uploads\/2025\/01\/photo_2025-01-20_04-26-44-1030x1030.jpg 1030w, https:\/\/www.michalapetr.com\/wp-content\/uploads\/2025\/01\/photo_2025-01-20_04-26-44-80x80.jpg 80w, https:\/\/www.michalapetr.com\/wp-content\/uploads\/2025\/01\/photo_2025-01-20_04-26-44-768x769.jpg 768w, https:\/\/www.michalapetr.com\/wp-content\/uploads\/2025\/01\/photo_2025-01-20_04-26-44-36x36.jpg 36w, https:\/\/www.michalapetr.com\/wp-content\/uploads\/2025\/01\/photo_2025-01-20_04-26-44-180x180.jpg 180w, https:\/\/www.michalapetr.com\/wp-content\/uploads\/2025\/01\/photo_2025-01-20_04-26-44-705x705.jpg 705w, https:\/\/www.michalapetr.com\/wp-content\/uploads\/2025\/01\/photo_2025-01-20_04-26-44-120x120.jpg 120w, https:\/\/www.michalapetr.com\/wp-content\/uploads\/2025\/01\/photo_2025-01-20_04-26-44-450x450.jpg 450w\" alt=\"\" width=\"951\" height=\"952\" aria-describedby=\"caption-attachment-15654\" \/><\/p>\n<p id=\"caption-attachment-15654\" class=\"wp-caption-text\" style=\"text-align: justify;\"><strong>I. f\u00e1ze<\/strong> pl\u00e1nu hlavoun\u016f NATO, jak porazit Rusko, a rozpoutat z\u00e1v\u011bre\u010dnou sv\u011btovou jadernou v\u00e1lku. \u010cern\u00e9 body = v\u00fdcvikov\u00e1 centra na z\u00e1pad\u011b Ukrajiny \u0159\u00edzen\u00e1 voj\u00e1ky NATO, na nich\u017e se bude cvi\u010dit nov\u00e1 ukrajinsk\u00e1 arm\u00e1da, dle v\u0161eho tedy chud\u00ed mlad\u00edci ve v\u011bku 18 a\u017e 25 let, kte\u0159\u00ed budou kyjevsk\u00fdm re\u017eimem pochyt\u00e1ni a navle\u010deni do uniforem, proto\u017ee chud\u00ed star\u0161\u00ed u\u017e do\u0161li, a bohat\u00ed star\u0161\u00ed i mlad\u0161\u00ed jsou pod re\u017eimn\u00ed ochranou. V\u00fdcvikov\u00e1 centra NATO na Ukrajin\u011b maj\u00ed chr\u00e1nit rakety PVO NATO z \u00fazem\u00ed Polska, Slovenska, Ma\u010farska a Rumunska. Hlavouni jsou d\u011btinsky p\u0159esv\u011bd\u010deni, \u017ee na rakety PVO na \u00fazem\u00ed NATO chr\u00e1n\u00edc\u00ed voj\u00e1ky NATO na \u00fazem\u00ed Ukrajiny Putin neza\u00fato\u010d\u00ed, aby nerozpoutal III. sv\u011btovou jadernou v\u00e1lku.<\/p>\n<\/div>\n<div id=\"attachment_15655\" class=\"wp-caption aligncenter\" style=\"width: 993px;\"><img decoding=\"async\" loading=\"lazy\" class=\" wp-image-15655\" src=\"https:\/\/www.michalapetr.com\/wp-content\/uploads\/2025\/01\/photo_2025-01-20_04-26-48.jpg\" sizes=\"(max-width: 1183px) 100vw, 1183px\" srcset=\"https:\/\/www.michalapetr.com\/wp-content\/uploads\/2025\/01\/photo_2025-01-20_04-26-48.jpg 1183w, https:\/\/www.michalapetr.com\/wp-content\/uploads\/2025\/01\/photo_2025-01-20_04-26-48-300x300.jpg 300w, https:\/\/www.michalapetr.com\/wp-content\/uploads\/2025\/01\/photo_2025-01-20_04-26-48-1030x1030.jpg 1030w, https:\/\/www.michalapetr.com\/wp-content\/uploads\/2025\/01\/photo_2025-01-20_04-26-48-80x80.jpg 80w, https:\/\/www.michalapetr.com\/wp-content\/uploads\/2025\/01\/photo_2025-01-20_04-26-48-768x769.jpg 768w, https:\/\/www.michalapetr.com\/wp-content\/uploads\/2025\/01\/photo_2025-01-20_04-26-48-36x36.jpg 36w, https:\/\/www.michalapetr.com\/wp-content\/uploads\/2025\/01\/photo_2025-01-20_04-26-48-180x180.jpg 180w, https:\/\/www.michalapetr.com\/wp-content\/uploads\/2025\/01\/photo_2025-01-20_04-26-48-705x705.jpg 705w, https:\/\/www.michalapetr.com\/wp-content\/uploads\/2025\/01\/photo_2025-01-20_04-26-48-120x120.jpg 120w, https:\/\/www.michalapetr.com\/wp-content\/uploads\/2025\/01\/photo_2025-01-20_04-26-48-450x450.jpg 450w\" alt=\"\" width=\"993\" height=\"994\" aria-describedby=\"caption-attachment-15655\" \/><\/p>\n<p id=\"caption-attachment-15655\" class=\"wp-caption-text\" style=\"text-align: justify;\"><strong>II. f\u00e1ze<\/strong> pl\u00e1nu hlavoun\u016f NATO, jak porazit Rusko, a rozpoutat z\u00e1v\u011bre\u010dnou sv\u011btovou jadernou v\u00e1lku. V\u0161echny ukrajinsk\u00e9 jednotky vycvi\u010den\u00e9 voj\u00e1ky NATO na \u00fazem\u00ed Ukrajiny podle f\u00e1ze I,\u00a0 se p\u0159esunou ze z\u00e1padn\u00ed Ukrajiny p\u0159es Dn\u011bpr na v\u00fdchodn\u00ed Ukrajinu, a zah\u00e1j\u00ed tam boj s Rusy. Vojska NATO p\u0159itom obsad\u00ed celou z\u00e1padn\u00ed Ukrajinu a\u017e do b\u0159ehu Dn\u011bpru, a budou bojuj\u00edc\u00ed Ukrajince podporovat ze z\u00e1padn\u00edho b\u0159ehu, stejn\u011b jako je podporovali z \u00fazem\u00ed NATO p\u0159i I. f\u00e1zi pl\u00e1nu.\u00a0 Na z\u00e1padn\u00edm b\u0159ehu Ukrajiny u\u017e nebudou tak\u0159ka \u017e\u00e1dn\u00ed Ukrajin\u0161t\u00ed voj\u00e1ci.<\/p>\n<\/div>\n<div id=\"attachment_15656\" class=\"wp-caption aligncenter\" style=\"width: 990px;\"><img decoding=\"async\" loading=\"lazy\" class=\" wp-image-15656\" src=\"https:\/\/www.michalapetr.com\/wp-content\/uploads\/2025\/01\/photo_2025-01-20_04-26-51.jpg\" sizes=\"(max-width: 1183px) 100vw, 1183px\" srcset=\"https:\/\/www.michalapetr.com\/wp-content\/uploads\/2025\/01\/photo_2025-01-20_04-26-51.jpg 1183w, https:\/\/www.michalapetr.com\/wp-content\/uploads\/2025\/01\/photo_2025-01-20_04-26-51-300x300.jpg 300w, https:\/\/www.michalapetr.com\/wp-content\/uploads\/2025\/01\/photo_2025-01-20_04-26-51-1030x1030.jpg 1030w, https:\/\/www.michalapetr.com\/wp-content\/uploads\/2025\/01\/photo_2025-01-20_04-26-51-80x80.jpg 80w, https:\/\/www.michalapetr.com\/wp-content\/uploads\/2025\/01\/photo_2025-01-20_04-26-51-768x769.jpg 768w, https:\/\/www.michalapetr.com\/wp-content\/uploads\/2025\/01\/photo_2025-01-20_04-26-51-36x36.jpg 36w, https:\/\/www.michalapetr.com\/wp-content\/uploads\/2025\/01\/photo_2025-01-20_04-26-51-180x180.jpg 180w, https:\/\/www.michalapetr.com\/wp-content\/uploads\/2025\/01\/photo_2025-01-20_04-26-51-705x705.jpg 705w, https:\/\/www.michalapetr.com\/wp-content\/uploads\/2025\/01\/photo_2025-01-20_04-26-51-120x120.jpg 120w, https:\/\/www.michalapetr.com\/wp-content\/uploads\/2025\/01\/photo_2025-01-20_04-26-51-450x450.jpg 450w\" alt=\"\" width=\"990\" height=\"991\" aria-describedby=\"caption-attachment-15656\" \/><\/p>\n<p id=\"caption-attachment-15656\" class=\"wp-caption-text\" style=\"text-align: justify;\"><strong>III. f\u00e1ze<\/strong> pl\u00e1nu hlavoun\u016f NATO, jak porazit Rusko, a rozpoutat z\u00e1v\u011bre\u010dnou sv\u011btovou jadernou v\u00e1lku. State\u010dn\u00ed Ukrajinci vycvi\u010den\u00ed v I. f\u00e1zi, vybojuj\u00ed ve II. f\u00e1zi rozhoduj\u00edc\u00ed bitvu s Rusy na v\u00fdchodn\u00edm b\u0159ehu Dn\u011bpru, poraz\u00ed je a donut\u00ed je p\u0159ijmout p\u0159\u00edm\u011b\u0159\u00ed. Jakmile bude p\u0159\u00edm\u011b\u0159\u00ed uzav\u0159eno vojska NATO se p\u0159esunou ze z\u00e1padn\u00edho b\u0159ehu Dn\u011bpru na v\u00fdchodn\u00ed a zaujmou linii frontu vybojovanou udatn\u00fdmi Ukrajinci. Cel\u00fd pl\u00e1n je absolutn\u00ed tupost, a podle pravidel v\u00e1lek mezi mocnostmi, kter\u00e1 definoval Henry Kissinger, skon\u010d\u00ed u\u017e ve f\u00e1zi I preventivn\u00edm rusk\u00fdm nukle\u00e1rn\u00edm \u00fatokem na Polsko, a dal\u0161\u00ed zem\u011b Evropy, proto\u017ee mocnosti ne\u010dekaj\u00ed s jadern\u00fdm preventivn\u00edm \u00faderem a\u017e na okam\u017eik, kdy maj\u00ed b\u00fdt pora\u017eeny, ale uskute\u010dn\u00ed ho okam\u017eit\u011b, jakmile je jasn\u00e9, a z podstaty v\u011bci vypl\u00fdv\u00e1, \u017ee maj\u00ed b\u00fdt pora\u017eeny, a to proto, aby preventivn\u00edm jadern\u00fdm \u00faderem odvr\u00e1tily \u00faplnou vz\u00e1jemnou kone\u010dnou jadernou v\u00fdm\u011bnu, po n\u00ed\u017e u\u017e nic, a nikdo, neexistuje.\u00a0 Pl\u00e1n na z\u00e1chranu Kyjeva p\u0159ed m\u00edrem s Ruskem podle Putinov\u00fdch podm\u00ednek tak ve skute\u010dnosti p\u0159edstavuje pouze pl\u00e1n na konec sv\u011bta.<\/p>\n<\/div>\n<p>(Pokra\u010dov\u00e1n\u00ed anal\u00fdzy, z\u00edtra.) (<a href=\"https:\/\/t.me\/swodki\/457768\">Zdroj v\u0161ech t\u0159\u00ed map k pl\u00e1nu, zde.<\/a>)<\/p>\n<p><a href=\"https:\/\/www.michalapetr.com\/map-2198-plan-tzv-nordicke-divize-nato-na-rozpoutani-okamzite-valky-s-ruskem-a-za-zachranu-kyjevskeho-rezimu\/\">Michael Svato\u0161<\/a><\/p>\n<p><img decoding=\"async\" loading=\"lazy\" class=\"alignnone size-full wp-image-27204\" src=\"http:\/\/www.infokuryr.cz\/n\/wp-content\/uploads\/2023\/05\/Michael_Svatos.png\" alt=\"\" width=\"180\" height=\"180\" srcset=\"https:\/\/www.infokuryr.cz\/n\/wp-content\/uploads\/2023\/05\/Michael_Svatos.png 180w, https:\/\/www.infokuryr.cz\/n\/wp-content\/uploads\/2023\/05\/Michael_Svatos-150x150.png 150w\" sizes=\"(max-width: 180px) 100vw, 180px\" \/><\/p>\n<p>&nbsp;<\/p>\n","protected":false},"excerpt":{"rendered":"<p>(1) Rusk\u00e1 odpov\u011b\u010f na nejnov\u011bj\u0161\u00ed strategii \u201cNordick\u00e9 divize NATO\u201d, jak vyhr\u00e1t v\u00e1lku na Ukrajin\u011b, p\u0159i\u0161la&#8230;<\/p>\n","protected":false},"author":2,"featured_media":62323,"comment_status":"closed","ping_status":"closed","sticky":false,"template":"","format":"standard","meta":[],"categories":[6],"tags":[1042,39,1505,22,40],"_links":{"self":[{"href":"https:\/\/www.infokuryr.cz\/n\/wp-json\/wp\/v2\/posts\/70569"}],"collection":[{"href":"https:\/\/www.infokuryr.cz\/n\/wp-json\/wp\/v2\/posts"}],"about":[{"href":"https:\/\/www.infokuryr.cz\/n\/wp-json\/wp\/v2\/types\/post"}],"author":[{"embeddable":true,"href":"https:\/\/www.infokuryr.cz\/n\/wp-json\/wp\/v2\/users\/2"}],"replies":[{"embeddable":true,"href":"https:\/\/www.infokuryr.cz\/n\/wp-json\/wp\/v2\/comments?post=70569"}],"version-history":[{"count":0,"href":"https:\/\/www.infokuryr.cz\/n\/wp-json\/wp\/v2\/posts\/70569\/revisions"}],"wp:featuredmedia":[{"embeddable":true,"href":"https:\/\/www.infokuryr.cz\/n\/wp-json\/wp\/v2\/media\/62323"}],"wp:attachment":[{"href":"https:\/\/www.infokuryr.cz\/n\/wp-json\/wp\/v2\/media?parent=70569"}],"wp:term":[{"taxonomy":"category","embeddable":true,"href":"https:\/\/www.infokuryr.cz\/n\/wp-json\/wp\/v2\/categories?post=70569"},{"taxonomy":"post_tag","embeddable":true,"href":"https:\/\/www.infokuryr.cz\/n\/wp-json\/wp\/v2\/tags?post=70569"}],"curies":[{"name":"wp","href":"https:\/\/api.w.org\/{rel}","templated":true}]}}