{"id":70559,"date":"2025-01-20T05:14:25","date_gmt":"2025-01-20T04:14:25","guid":{"rendered":"https:\/\/www.infokuryr.cz\/n\/?p=70559"},"modified":"2025-01-20T05:14:25","modified_gmt":"2025-01-20T04:14:25","slug":"orban-soros-prohral-bitvu-v-americe","status":"publish","type":"post","link":"https:\/\/www.infokuryr.cz\/n\/2025\/01\/20\/orban-soros-prohral-bitvu-v-americe\/","title":{"rendered":"Orb\u00e1n: Soros \u201eprohr\u00e1l bitvu v Americe\u201c"},"content":{"rendered":"<div id=\"fb-root\"><\/div>\n<p><span style=\"font-size: 18pt;\"><strong>Donald Trump \u201eosvobodil\u201c zemi od vlivu globalistick\u00e9ho magn\u00e1ta a p\u0159inutil ho st\u00e1hnout se do Evropy, \u0159ekl ma\u010farsk\u00fd premi\u00e9r<\/strong><\/span><\/p>\n<p><span>Volebn\u00ed v\u00edt\u011bzstv\u00ed nov\u011b zvolen\u00e9ho americk\u00e9ho prezidenta Donalda Trumpa bylo velkou por\u00e1\u017ekou pro aktivistick\u00e9ho miliard\u00e1\u0159e George Sorose a jeho spojence v Demokratick\u00e9 stran\u011b, kte\u0159\u00ed se sna\u017eili uvrhnout Ameriku do\u00a0<\/span><em><span>\u201egenderov\u00e9ho \u0161\u00edlenstv\u00ed\u201c,<\/span><\/em><span>\u00a0prohl\u00e1sil ma\u010farsk\u00fd premi\u00e9r Viktor Orban.\u00a0\u00a0<\/span><\/p>\n<p><span>V rozhovoru pro st\u00e1tn\u00ed Kossuth Radio v p\u00e1tek Orban obvinil 94let\u00e9ho filantropa ma\u010farsk\u00e9ho p\u016fvodu z udr\u017eov\u00e1n\u00ed\u00a0<\/span><em><span>\u201evelk\u00e9 s\u00edt\u011b\u201c<\/span><\/em><span>\u00a0propojen\u00e9 s Demokratickou stranou a tvrdil, \u017ee jejich \u00fasil\u00ed bylo zam\u011b\u0159eno na prosazov\u00e1n\u00ed globalistick\u00fdch ideologi\u00ed. prosazovat sv\u00e9 ekonomick\u00e9 z\u00e1jmy.\u00a0\u00a0<\/span><\/p>\n<p><em><span>&#8222;V\u011b\u0159\u00ed, \u017ee je jejich povinnost\u00ed&#8230; napravit lidstvo.&#8220; Jin\u00fdmi slovy, vnutit zem\u00edm to, co pova\u017euj\u00ed za spr\u00e1vn\u00e9,\u201c<\/span><\/em><span>\u00a0\u0159ekl s t\u00edm, \u017ee\u00a0po t\u011bchto snah\u00e1ch \u010dasto n\u00e1sleduje\u00a0<\/span><em><span>\u201emigra\u010dn\u00ed chaos\u201c<\/span><\/em><span>\u00a0. Podle Orbana vedla demokratick\u00e1 dominance tak\u00e9 k nekontrolovan\u00e9mu \u0161\u00ed\u0159en\u00ed probuzen\u00e9 politiky.\u00a0<\/span><em><span>\u201eP\u0159i\u0161li ameri\u010dt\u00ed demokrat\u00e9, proto\u017ee pak bude hrdost, duhov\u00e9 vlajky a transgender probl\u00e9my,\u201c<\/span><\/em><span>\u00a0\u0159ekl.\u00a0\u00a0<\/span><\/p>\n<p><span>Podle Orbana znamenalo Trumpovo v\u00edt\u011bzstv\u00ed v tomto ohledu v\u00fdznamn\u00fd posun.\u00a0<\/span><em><span>\u201eGeorge Soros prohr\u00e1l bitvu v Americe. Mohl bych \u0159\u00edci, \u017ee Ameriku osvobodil Donald Trump,\u201c<\/span><\/em><span>\u00a0\u0159ekl premi\u00e9r a nazna\u010dil, \u017ee spojenci magn\u00e1ta byli nuceni st\u00e1hnout se zp\u011bt do Bruselu.\u00a0\u00a0<\/span><\/p>\n<p><em><span>\u201eMy, Evropan\u00e9, nyn\u00ed mus\u00edme \u010delit velmi obt\u00ed\u017en\u00e9mu obdob\u00ed, proto\u017ee se upev\u0148uj\u00ed v Bruselu&#8230; je t\u0159eba je z Bruselu vytla\u010dit,\u201c<\/span><\/em><span>\u00a0\u0159ekl. Orb\u00e1n tak\u00e9 vyj\u00e1d\u0159il rozho\u0159\u010den\u00ed nad t\u00edm, \u017ee Sorosova s\u00ed\u0165 je financov\u00e1na z rozpo\u010dtu EU.\u00a0\u00a0<\/span><\/p>\n<p><em><span>&#8222;To nem\u016f\u017eeme tolerovat, jsou to i na\u0161e pen\u00edze&#8230; Nejv\u011bt\u0161\u00ed korup\u010dn\u00ed skand\u00e1l v politice je ten, \u017ee Brusel je v kapse George Sorose,&#8220;<\/span><\/em><span>\u00a0obvinil.\u00a0\u00a0<\/span><\/p>\n<p><span>Orban dlouhodob\u011b kritizuje Sorose a jeho Open Society Foundations (OSF), obvi\u0148uje je z financov\u00e1n\u00ed promigra\u010dn\u00edch politik, podkop\u00e1v\u00e1n\u00ed tradi\u010dn\u00edch rodinn\u00fdch hodnot a prosazov\u00e1n\u00ed globalistick\u00e9 agendy. Kritici Sorose ho tak\u00e9 obvinili, \u017ee podn\u011bcuje n\u011bkolik takzvan\u00fdch \u201ebarevn\u00fdch\u201c revoluc\u00ed a m\u00e1 finan\u010dn\u00ed vazby na stovky m\u00e9di\u00ed, kter\u00e1 ho chr\u00e1n\u00ed p\u0159ed jak\u00fdmkoli odporem, formuj\u00ed ve\u0159ejn\u00e9 m\u00edn\u011bn\u00ed a propaguj\u00ed to, co Orban naz\u00fdval\u00a0<\/span><em><span>\u201eLGBT fanatismus\u201c.<\/span><\/em><span>\u00a0OSF v\u0161ak trv\u00e1 na tom, \u017ee jej\u00edm jedin\u00fdm posl\u00e1n\u00edm je podporovat lidsk\u00e1 pr\u00e1va a demokracii po cel\u00e9m sv\u011bt\u011b.<\/span><\/p>\n<p><img decoding=\"async\" loading=\"lazy\" class=\"alignnone size-full wp-image-1185\" src=\"http:\/\/www.infokuryr.cz\/n\/wp-content\/uploads\/2021\/04\/kuryr-podpis.png\" alt=\"\" width=\"84\" height=\"24\" \/><\/p>\n<p>&nbsp;<\/p>\n","protected":false},"excerpt":{"rendered":"<p>Donald Trump \u201eosvobodil\u201c zemi od vlivu globalistick\u00e9ho magn\u00e1ta a p\u0159inutil ho st\u00e1hnout se do Evropy,&#8230;<\/p>\n","protected":false},"author":2,"featured_media":19338,"comment_status":"closed","ping_status":"closed","sticky":false,"template":"","format":"standard","meta":[],"categories":[7],"tags":[439,151,452,37],"_links":{"self":[{"href":"https:\/\/www.infokuryr.cz\/n\/wp-json\/wp\/v2\/posts\/70559"}],"collection":[{"href":"https:\/\/www.infokuryr.cz\/n\/wp-json\/wp\/v2\/posts"}],"about":[{"href":"https:\/\/www.infokuryr.cz\/n\/wp-json\/wp\/v2\/types\/post"}],"author":[{"embeddable":true,"href":"https:\/\/www.infokuryr.cz\/n\/wp-json\/wp\/v2\/users\/2"}],"replies":[{"embeddable":true,"href":"https:\/\/www.infokuryr.cz\/n\/wp-json\/wp\/v2\/comments?post=70559"}],"version-history":[{"count":0,"href":"https:\/\/www.infokuryr.cz\/n\/wp-json\/wp\/v2\/posts\/70559\/revisions"}],"wp:featuredmedia":[{"embeddable":true,"href":"https:\/\/www.infokuryr.cz\/n\/wp-json\/wp\/v2\/media\/19338"}],"wp:attachment":[{"href":"https:\/\/www.infokuryr.cz\/n\/wp-json\/wp\/v2\/media?parent=70559"}],"wp:term":[{"taxonomy":"category","embeddable":true,"href":"https:\/\/www.infokuryr.cz\/n\/wp-json\/wp\/v2\/categories?post=70559"},{"taxonomy":"post_tag","embeddable":true,"href":"https:\/\/www.infokuryr.cz\/n\/wp-json\/wp\/v2\/tags?post=70559"}],"curies":[{"name":"wp","href":"https:\/\/api.w.org\/{rel}","templated":true}]}}