{"id":70556,"date":"2025-01-20T05:06:10","date_gmt":"2025-01-20T04:06:10","guid":{"rendered":"https:\/\/www.infokuryr.cz\/n\/?p=70556"},"modified":"2025-01-20T05:06:10","modified_gmt":"2025-01-20T04:06:10","slug":"trump-zmrazi-britskeho-premiera","status":"publish","type":"post","link":"https:\/\/www.infokuryr.cz\/n\/2025\/01\/20\/trump-zmrazi-britskeho-premiera\/","title":{"rendered":"Trump zmraz\u00ed britsk\u00e9ho premi\u00e9ra"},"content":{"rendered":"<div id=\"fb-root\"><\/div>\n<p><span style=\"font-size: 18pt;\"><strong>Neju\u017e\u0161\u00ed kruh zvolen\u00e9ho prezidenta USA \u00fadajn\u011b pova\u017euje Keira Starmera za \u201eirelevantn\u00edho\u201c a \u201ene za prioritu\u201c<\/strong><\/span><\/p>\n<p><span>Nastupuj\u00edc\u00ed americk\u00fd prezident Donald Trump m\u016f\u017ee po obvin\u011bn\u00ed z vm\u011b\u0161ov\u00e1n\u00ed Labouristick\u00e9 strany do americk\u00fdch voleb odsunout britsk\u00e9ho premi\u00e9ra Keira Starmera na vedlej\u0161\u00ed kolej a za\u0159adit ho\u00a0<\/span><em><span>\u201edo zadn\u00ed \u010d\u00e1sti fronty\u201c<\/span><\/em><span>\u00a0sv\u011btov\u00fdch v\u016fdc\u016f pozvan\u00fdch do Washingtonu.<\/span><\/p>\n<p><span>Podle zdroj\u016f Mail on Sunday bude Starmer\u00a0<\/span><em><span>muset \u201esn\u00edst skromn\u00fd kol\u00e1\u010d\u201c,<\/span><\/em><span>\u00a0aby si zajistil sch\u016fzku v B\u00edl\u00e9m dom\u011b. V \u010dl\u00e1nku zve\u0159ejn\u011bn\u00e9m v sobotu noviny uvedly, \u017ee Trumpovi poradci zva\u017euj\u00ed opat\u0159en\u00ed, kter\u00e1 by Starmera urazila, v\u010detn\u011b odm\u00edtnut\u00ed kandidatury labouristy lorda Mandelsona na britsk\u00e9ho velvyslance ve Washingtonu kv\u016fli jeho domn\u011bl\u00fdm vazb\u00e1m na \u010c\u00ednu.<\/span><\/p>\n<p><span>N\u011bkte\u0159\u00ed z Trumpov\u00fdch spojenc\u016f \u00fadajn\u011b vid\u00ed Nigela Farage jako potenci\u00e1ln\u00edho n\u00e1stupce Starmera, p\u0159i\u010dem\u017e noviny tento krok popisuj\u00ed jako\u00a0<\/span><em><span>\u201epomstu\u201c<\/span><\/em><span>\u00a0za \u010diny labourist\u016f. O\u010dek\u00e1v\u00e1 se, \u017ee Farage se v pond\u011bl\u00ed z\u00fa\u010dastn\u00ed Trumpovy inaugurace spolu s b\u00fdval\u00fdmi premi\u00e9ry Liz Trussovou a Borisem Johnsonem.<\/span><\/p>\n<p><span>B\u011bhem prezidentsk\u00fdch voleb v USA v roce 2024 zve\u0159ejnila provozn\u00ed \u0159editelka labourist\u016f Sofia Patel na LinkedIn v\u00fdzvu, v n\u00ed\u017e povzbuzovala zam\u011bstnance strany, aby vedli kampa\u0148 za Kamalu Harris v kl\u00ed\u010dov\u00fdch swingov\u00fdch st\u00e1tech. Zpr\u00e1vy nazna\u010duj\u00ed, \u017ee se tohoto \u00fasil\u00ed z\u00fa\u010dastnilo t\u00e9m\u011b\u0159 100 zam\u011bstnanc\u016f labourist\u016f, co\u017e vyvolalo ostrou kritiku Trumpova t\u00fdmu. Trumpovi spojenci v reakci na to podali form\u00e1ln\u00ed st\u00ed\u017enost u Feder\u00e1ln\u00ed volebn\u00ed komise s \u00fadajn\u00fdm ciz\u00edm vm\u011b\u0161ov\u00e1n\u00edm.<\/span><\/p>\n<p><span>Nejmenovan\u00fd Trump\u016fv spojenec v rozhovoru pro Mail on Sunday odsoudil po\u010d\u00edn\u00e1n\u00ed labourist\u016f jako\u00a0<\/span><em><span>\u201eprost\u00e9 a jednoduch\u00e9 vm\u011b\u0161ov\u00e1n\u00ed do voleb\u201c.<\/span><\/em><span>\u00a0Dodali:\u00a0<\/span><em><span>\u201eKdo si sakra tito lid\u00e9 mysl\u00ed, \u017ee jsou? Trump\u016fv n\u00e1zor je, \u017ee to, co se tady d\u011bje, nen\u00ed jejich v\u011bc, a m\u011bli se dr\u017eet stranou.&#8220;<\/span><\/em><span>\u00a0Zdroj poznamenal, \u017ee \u00fasil\u00ed labourist\u016f zanechalo\u00a0Trumpovi a jeho t\u00fdmu\u00a0<\/span><em><span>\u201enep\u0159\u00edjemnou pachu\u0165 v \u00fastech\u201c .<\/span><\/em><\/p>\n<p><span>Dal\u0161\u00ed zasv\u011bcenec uvedl, \u017ee Trump m\u00e1 siln\u00e9 britsk\u00e9 kontakty a preferuje operovat netradi\u010dn\u00edmi cestami, co\u017e\u00a0<\/span><em><span>mu \u201evyhovuje\u201c.<\/span><\/em><span>\u00a0Odm\u00edtli Starmera jako\u00a0<\/span><em><span>\u201eirelevantn\u00edho\u201c<\/span><\/em><span>\u00a0a navrhli, \u017ee i kdy\u017e k setk\u00e1n\u00ed m\u016f\u017ee nakonec doj\u00edt,\u00a0<\/span><em><span>\u201eoptika je d\u016fle\u017eit\u011bj\u0161\u00ed\u201c<\/span><\/em><span>\u00a0pro britsk\u00e9ho premi\u00e9ra ne\u017e pro Trumpa.<\/span><\/p>\n<p><span>Zdroj z Downing Street zm\u00edrnil nap\u011bt\u00ed a uvedl, \u017ee\u00a0<\/span><em><span>\u201eani Sir Keir, ani \u010d\u00edslo 10 se p\u0159\u00edli\u0161 nestresuj\u00ed, kdy\u017e se tam dostane.\u201c<\/span><\/em><span>\u00a0Vl\u00e1dn\u00ed zasv\u011bcenci potvrdili, \u017ee\u00a0prob\u00edhaj\u00ed\u00a0<\/span><em><span>\u201ekonstruktivn\u00ed\u201c<\/span><\/em><span>\u00a0diskuse s Trumpov\u00fdm t\u00fdmem o zaji\u0161t\u011bn\u00ed Starmerovy n\u00e1v\u0161t\u011bvy ve Washingtonu. V rozhovoru pro Financial Times Starmer zd\u016fraznil sv\u00e9 \u00fasil\u00ed o vybudov\u00e1n\u00ed\u00a0<\/span><em><span>\u201ekonstruktivn\u00edho\u201c<\/span><\/em><span>\u00a0vztahu s Trumpem a vyj\u00e1d\u0159il optimismus, \u017ee by to pomohlo ochr\u00e1nit Spojen\u00e9 kr\u00e1lovstv\u00ed p\u0159ed potenci\u00e1ln\u00edmi represivn\u00edmi obchodn\u00edmi tarify.<\/span><\/p>\n<p><span>Trump, kter\u00fd m\u00e1 b\u00fdt inaugurov\u00e1n v pond\u011bl\u00ed, se \u00fadajn\u011b chyst\u00e1 na druhou st\u00e1tn\u00ed n\u00e1v\u0161t\u011bvu Spojen\u00e9ho kr\u00e1lovstv\u00ed. Zasv\u011bcen\u00ed navrhuj\u00ed, \u017ee by mohl obej\u00edt britskou vl\u00e1du t\u00edm, \u017ee se odvol\u00e1 p\u0159\u00edmo ke kr\u00e1lovsk\u00e9 rodin\u011b. Pokud by to bylo ud\u011bleno, Trump by se stal prvn\u00edm zvolen\u00fdm politikem v modern\u00ed historii, kter\u00fd po jeho cest\u011b v roce 2019 po\u0159\u00e1dan\u00e9 zesnulou kr\u00e1lovnou p\u0159ijal dv\u011b st\u00e1tn\u00ed n\u00e1v\u0161t\u011bvy.<\/span><\/p>\n<p><img decoding=\"async\" loading=\"lazy\" class=\"alignnone size-full wp-image-1185\" src=\"http:\/\/www.infokuryr.cz\/n\/wp-content\/uploads\/2021\/04\/kuryr-podpis.png\" alt=\"\" width=\"84\" height=\"24\" \/><\/p>\n<p>&nbsp;<\/p>\n","protected":false},"excerpt":{"rendered":"<p>Neju\u017e\u0161\u00ed kruh zvolen\u00e9ho prezidenta USA \u00fadajn\u011b pova\u017euje Keira Starmera za \u201eirelevantn\u00edho\u201c a \u201ene za prioritu\u201c&#8230;<\/p>\n","protected":false},"author":2,"featured_media":66877,"comment_status":"closed","ping_status":"closed","sticky":false,"template":"","format":"standard","meta":[],"categories":[7],"tags":[452,37,303],"_links":{"self":[{"href":"https:\/\/www.infokuryr.cz\/n\/wp-json\/wp\/v2\/posts\/70556"}],"collection":[{"href":"https:\/\/www.infokuryr.cz\/n\/wp-json\/wp\/v2\/posts"}],"about":[{"href":"https:\/\/www.infokuryr.cz\/n\/wp-json\/wp\/v2\/types\/post"}],"author":[{"embeddable":true,"href":"https:\/\/www.infokuryr.cz\/n\/wp-json\/wp\/v2\/users\/2"}],"replies":[{"embeddable":true,"href":"https:\/\/www.infokuryr.cz\/n\/wp-json\/wp\/v2\/comments?post=70556"}],"version-history":[{"count":0,"href":"https:\/\/www.infokuryr.cz\/n\/wp-json\/wp\/v2\/posts\/70556\/revisions"}],"wp:featuredmedia":[{"embeddable":true,"href":"https:\/\/www.infokuryr.cz\/n\/wp-json\/wp\/v2\/media\/66877"}],"wp:attachment":[{"href":"https:\/\/www.infokuryr.cz\/n\/wp-json\/wp\/v2\/media?parent=70556"}],"wp:term":[{"taxonomy":"category","embeddable":true,"href":"https:\/\/www.infokuryr.cz\/n\/wp-json\/wp\/v2\/categories?post=70556"},{"taxonomy":"post_tag","embeddable":true,"href":"https:\/\/www.infokuryr.cz\/n\/wp-json\/wp\/v2\/tags?post=70556"}],"curies":[{"name":"wp","href":"https:\/\/api.w.org\/{rel}","templated":true}]}}