{"id":70551,"date":"2025-01-20T04:53:27","date_gmt":"2025-01-20T03:53:27","guid":{"rendered":"https:\/\/www.infokuryr.cz\/n\/?p=70551"},"modified":"2025-01-20T04:53:49","modified_gmt":"2025-01-20T03:53:49","slug":"tak-to-se-nepovedlo-nemecke-deti-se-nejradeji-chteji-fotit-s-sefkou-opozicni-anti-imigrantske-afd","status":"publish","type":"post","link":"https:\/\/www.infokuryr.cz\/n\/2025\/01\/20\/tak-to-se-nepovedlo-nemecke-deti-se-nejradeji-chteji-fotit-s-sefkou-opozicni-anti-imigrantske-afd\/","title":{"rendered":"Tak to se nepovedlo! N\u011bmeck\u00e9 d\u011bti se nejrad\u011bji cht\u011bj\u00ed fotit s \u0161\u00e9fkou opozi\u010dn\u00ed anti imigrantsk\u00e9 AfD"},"content":{"rendered":"<div id=\"fb-root\"><\/div>\n<p>M\u011bla to b\u00fdt takov\u00e1 p\u011bkn\u00e1 liber\u00e1ln\u011b demokratick\u00e1 \u0161koln\u00ed n\u00e1v\u0161t\u011bva Bundestagu (n\u011bmeck\u00fd parlament). J<strong>en\u017ee \u017e\u00e1ci (teenagerovsk\u00e9ho v\u011bku) uvid\u011bli na chodb\u011b p\u0159edsedkyni opozi\u010dn\u00ed anti imigrantsk\u00e9 AfD a mnoz\u00ed si sn\u00ed cht\u011bli ud\u011blat selfie fotku<\/strong>. (video\u00a0<a href=\"https:\/\/jungefreiheit.de\/politik\/2024\/video-schueler-wollen-selfies-mit-alice-weidel-lehrerin-schimpft\/\">ZDE<\/a>)<\/p>\n<p><strong>To vyvolalo zd\u011b\u0161en\u00ed u jejich u\u010ditelky. Kter\u00e1 je rychle odh\u00e1n\u011bla pry\u010d? Ot\u00e1zkou je, zda to byly ideologick\u00e9 d\u016fvody, nebo se jen prost\u011b boj\u00ed o sv\u00e9 zam\u011bstn\u00e1n\u00ed<\/strong>?<\/p>\n<p><strong>Mlad\u00ed N\u011bmci p\u0159es masivn\u00ed vym\u00fdv\u00e1n\u00ed mozku st\u00e1le \u010dast\u011bji podporuj\u00ed opozi\u010dn\u00ed AfD. Maj\u00ed toti\u017e osobn\u00ed zku\u0161enosti s terorem a \u0161ikanou ze strany d\u011bti imigrant\u016f, kdy nemaj\u00ed ve \u0161kole \u017e\u00e1dn\u00e9 zast\u00e1n\u00ed. D\u00edvky jsou osah\u00e1v\u00e1ny a bity. Chlapci \u0161ikanov\u00e1ni a ml\u00e1ceni. Uprchl\u00edci je okr\u00e1daj\u00ed o pen\u00edze a telefony a veden\u00ed \u0161kol a policie z\u00e1m\u011brn\u011b nic ned\u011bl\u00e1.\u00a0<\/strong>P\u0159ece si nenechaj\u00ed kazit vysp\u011blou multikulturn\u00ed spole\u010dnost, \u017ee?!<\/p>\n<p>H\u00e1d\u00e1m, \u017ee fotky s \u0161\u00e9fem Zelen\u00fdch by j\u00ed nijak nevadily?!<\/p>\n<p><a href=\"https:\/\/ceskavec.com\/2025\/01\/tak-to-se-nepovedlo-nemecke-deti-se-nejradeji-chteji-fotit-s-sefkou-opozicni-anti-imigrantske-afd\">Aron G.<\/a><\/p>\n<p>&nbsp;<\/p>\n","protected":false},"excerpt":{"rendered":"<p>M\u011bla to b\u00fdt takov\u00e1 p\u011bkn\u00e1 liber\u00e1ln\u011b demokratick\u00e1 \u0161koln\u00ed n\u00e1v\u0161t\u011bva Bundestagu (n\u011bmeck\u00fd parlament). Jen\u017ee \u017e\u00e1ci (teenagerovsk\u00e9ho&#8230;<\/p>\n","protected":false},"author":2,"featured_media":70552,"comment_status":"closed","ping_status":"closed","sticky":false,"template":"","format":"standard","meta":[],"categories":[7],"tags":[83,245,84],"_links":{"self":[{"href":"https:\/\/www.infokuryr.cz\/n\/wp-json\/wp\/v2\/posts\/70551"}],"collection":[{"href":"https:\/\/www.infokuryr.cz\/n\/wp-json\/wp\/v2\/posts"}],"about":[{"href":"https:\/\/www.infokuryr.cz\/n\/wp-json\/wp\/v2\/types\/post"}],"author":[{"embeddable":true,"href":"https:\/\/www.infokuryr.cz\/n\/wp-json\/wp\/v2\/users\/2"}],"replies":[{"embeddable":true,"href":"https:\/\/www.infokuryr.cz\/n\/wp-json\/wp\/v2\/comments?post=70551"}],"version-history":[{"count":0,"href":"https:\/\/www.infokuryr.cz\/n\/wp-json\/wp\/v2\/posts\/70551\/revisions"}],"wp:featuredmedia":[{"embeddable":true,"href":"https:\/\/www.infokuryr.cz\/n\/wp-json\/wp\/v2\/media\/70552"}],"wp:attachment":[{"href":"https:\/\/www.infokuryr.cz\/n\/wp-json\/wp\/v2\/media?parent=70551"}],"wp:term":[{"taxonomy":"category","embeddable":true,"href":"https:\/\/www.infokuryr.cz\/n\/wp-json\/wp\/v2\/categories?post=70551"},{"taxonomy":"post_tag","embeddable":true,"href":"https:\/\/www.infokuryr.cz\/n\/wp-json\/wp\/v2\/tags?post=70551"}],"curies":[{"name":"wp","href":"https:\/\/api.w.org\/{rel}","templated":true}]}}