{"id":70547,"date":"2025-01-20T04:45:52","date_gmt":"2025-01-20T03:45:52","guid":{"rendered":"https:\/\/www.infokuryr.cz\/n\/?p=70547"},"modified":"2025-01-20T05:00:21","modified_gmt":"2025-01-20T04:00:21","slug":"peter-koenig-svycarska-neutralita-na-hrane","status":"publish","type":"post","link":"https:\/\/www.infokuryr.cz\/n\/2025\/01\/20\/peter-koenig-svycarska-neutralita-na-hrane\/","title":{"rendered":"Peter Koenig: \u0160v\u00fdcarsk\u00e1 neutralita na hran\u011b"},"content":{"rendered":"<div id=\"fb-root\"><\/div>\n<h2>B\u00fdval\u00fd diplomat odhaluje rusk\u00e9 m\u00edrov\u00e9 snahy, NATO ni\u010d\u00ed m\u00edr<\/h2>\n<section class=\"perex\">\u201eOd p\u00e1du Berl\u00ednsk\u00e9 zdi Rusov\u00e9 nejm\u00e9n\u011b t\u0159ikr\u00e1t navrhli nov\u00e9 bezpe\u010dnostn\u00ed uspo\u0159\u00e1d\u00e1n\u00ed pro Evropu v r\u00e1mci OBSE (Organizace pro bezpe\u010dnost a spolupr\u00e1ci v Evrop\u011b), zalo\u017een\u00e9 na smlouv\u011b s Radou bezpe\u010dnosti. Bylo to v devades\u00e1t\u00fdch letech minul\u00e9ho stolet\u00ed. Naposledy p\u0159edlo\u017eili n\u00e1vrh, m\u00e9n\u011b ambici\u00f3zn\u00ed, to bylo v prosinci 2021, navrhli otev\u0159en\u00e9 rozhovory s NATO na jedn\u00e9 stran\u011b, s USA na stran\u011b druh\u00e9, aby se pokusili naj\u00edt ujedn\u00e1n\u00ed, kter\u00e9 by vytvo\u0159ilo stabiln\u00ed bezpe\u010dnostn\u00ed syst\u00e9m nejen pro Evropu&#8230;.\u201c. \u2013 Jean-Daniel Ruch, b\u00fdval\u00fd \u0161v\u00fdcarsk\u00fd diplomat a velvyslanec (Cel\u00fd rozhovor s velvyslancem Jeanem-Danielem Ruchem naleznete n\u00ed\u017ee.)<\/section>\n<section class=\"clanek-obsah\">\n<div class=\"karta\">\n<figure><iframe loading=\"lazy\" src=\"https:\/\/www.youtube-nocookie.com\/embed\/ypFqFCFjRLE\" width=\"560\" height=\"315\" frameborder=\"0\" allowfullscreen=\"allowfullscreen\" data-mce-fragment=\"1\"><\/iframe><\/figure>\n<\/div>\n<p>V tomto rozhovoru pan Jean-Daniel Ruch popisuje, jak kroky \u0160v\u00fdcarska sm\u011b\u0159uj\u00edc\u00ed k integraci do NATO a Evropsk\u00e9 unie ohro\u017euj\u00ed nejen \u0161v\u00fdcarskou neutralitu, ale tak\u00e9 \u0161v\u00fdcarskou identitu a d\u016fv\u011bryhodnost \u0160v\u00fdcarska jako neutr\u00e1ln\u00edho st\u00e1tu, kter\u00fd m\u016f\u017ee nab\u00eddnout sv\u00e9 diplomatick\u00e9 slu\u017eby pro zprost\u0159edkov\u00e1n\u00ed konflikt\u016f mezi zem\u011bmi.<\/p>\n<p>K tomu se ji\u017e n\u011bkolikr\u00e1t vyj\u00e1d\u0159il rusk\u00fd ministr zahrani\u010d\u00ed Sergej Lavrov. Lavrov nap\u0159\u00edklad v rozhovoru pro rusk\u00e9 rozhlasov\u00e9 stanice uvedl, \u017ee \u0160v\u00fdcarsko se z neutr\u00e1ln\u00ed zem\u011b zm\u011bnilo v \u201eotev\u0159en\u011b nep\u0159\u00e1telskou zemi\u201c. Nebylo proto vhodn\u00e9 pro veden\u00ed m\u00edrov\u00fdch jedn\u00e1n\u00ed o Ukrajin\u011b.<\/p>\n<p>P\u0159i jin\u00e9 p\u0159\u00edle\u017eitosti, kdy se ministr Lavrov v lednu 2024 setkal se \u0161v\u00fdcarsk\u00fdm ministrem zahrani\u010d\u00ed Ignaciem Cassisem na okraj otev\u0159en\u00e9 debaty Rady bezpe\u010dnosti OSN o situaci na palestinsk\u00fdch \u00fazem\u00edch, Lavrov hodnotil pokra\u010duj\u00edc\u00ed odklon \u0160v\u00fdcarska od z\u00e1sad neutrality a jej\u00ed (\u0161v\u00fdcarskou) bezohlednou podporu kyjevsk\u00e9mu re\u017eimu. Zd\u016fraznil, \u017ee Rusko bere tyto kroky a nep\u0159\u00e1telskou politiku v \u00favahu p\u0159i pl\u00e1nov\u00e1n\u00ed sv\u00e9ho p\u0159\u00edstupu ke \u0161v\u00fdcarsk\u00e9 ot\u00e1zce.<\/p>\n<p>Velvyslanec Ruch \u0159\u00edk\u00e1, \u017ee koncept neutrality se ve sv\u011bt\u011b t\u00e9m\u011b\u0159 vytratil, a bohu\u017eel tak\u00e9 a zejm\u00e9na ve \u0160v\u00fdcarsku, kter\u00e9 m\u011blo dlouhou, staletou tradici, a\u010dkoli neutralita nebyla nikdy zaps\u00e1na do \u0161v\u00fdcarsk\u00e9 \u00fastavy. Pro \u0160v\u00fdcarsko by to byl t\u011b\u017ek\u00fd boj, aby obnovilo svou image neutr\u00e1ln\u00ed zem\u011b. Jean-Daniel Ruch se v\u0161ak nevzd\u00e1v\u00e1 a st\u00e1le o to usiluje.<\/p>\n<p>\u0160v\u00e9dsko a Finsko \u2013 tradi\u010dn\u011b dv\u011b neutr\u00e1ln\u00ed zem\u011b \u2013 se b\u011bhem necel\u00e9ho roku za\u010dle\u0148uj\u00ed do NATO, co\u017e je bezprecedentn\u00ed urychlen\u00fd krok, jen aby demonstrovaly dal\u0161\u00ed agresi v\u016f\u010di Rusku, p\u0159i\u010dem\u017e nyn\u00ed m\u00e1 ka\u017ed\u00e1 z t\u011bchto dvou zem\u00ed 15 nebo 17 po zuby ozbrojen\u00fdch vojensk\u00fdch z\u00e1kladen NATO.<\/p>\n<p>To v\u0161e z\u0159ejm\u011b v reakci na ruskou \u201eagresi\u201c \u2013 nez\u00e1konnou invazi na Ukrajinu \u2013 my\u0161lenku prod\u00e1vanou (z\u00e1padn\u00ed) sv\u011btov\u00e9 ve\u0159ejnosti, aby se v\u011bt\u0161ina lid\u00ed, dosud v\u011b\u0159\u00edc\u00edch mainstreamu, stala vehementn\u011b protiruskou.<\/p>\n<p>A p\u0159esn\u011b toho jsme byli sv\u011bdky.<\/p>\n<p>Vl\u00e1dy t\u011bchto zem\u00ed p\u0159esn\u011b v\u011bd\u00ed, \u017ee se \u0159\u00edd\u00ed l\u017e\u00ed, \u017ee se prostituuj\u00ed z\u00e1padn\u00edm mocnostem, \u017ee Rusko pro n\u011b nikdy nebylo a nebude nep\u0159\u00edtelem, nikdy v minulosti neprojevilo sebemen\u0161\u00ed n\u00e1znaky, \u017ee by mohlo \u201enapadnout\u201c nebo jinak agresivn\u011b napadnout \u0160v\u00e9dsko a Finsko.<\/p>\n<p>Finsko bylo v jednu chv\u00edli v konfliktu se Sov\u011btsk\u00fdm svazem. Byly to jin\u00e9 \u010dasy a Finsko dob\u0159e v\u00ed, \u017ee sou\u010dasn\u00e9 Rusko je na hony vzd\u00e1leno tehdej\u0161\u00edmu Sov\u011btsk\u00e9mu svazu.<\/p>\n<p>Pro\u010d to d\u011blaj\u00ed?<\/p>\n<p>Mus\u00ed za t\u00edm b\u00fdt zlov\u011bstn\u00e9 pl\u00e1ny.<\/p>\n<p>Pro\u010d Evropsk\u00e1 unie prakticky nut\u00ed sv\u00e9 \u010dleny, aby sankcionovali Rusko, zat\u00edmco tito lid\u00e9, p\u0159ede v\u0161emi pan\u00ed von der Leyenov\u00e1, nezvolen\u00e1 p\u0159edsedkyn\u011b Evropsk\u00e9 komise, tak\u00e9 dob\u0159e v\u011bd\u00ed, \u017ee Rusko nen\u00ed nebezpe\u010d\u00edm, ale sp\u00ed\u0161e by cht\u011blo s Evropou spolupracovat a obchodovat?<\/p>\n<p>Op\u011bt za t\u00edm mus\u00ed b\u00fdt n\u011bjak\u00fd zlov\u011bstn\u00fd pl\u00e1n.<\/p>\n<p>Jedn\u00edm z vysv\u011btlen\u00ed je, \u017ee tyto dv\u011b zem\u011b, zejm\u00e9na \u0160v\u00e9dsko, v posledn\u00edch zhruba 20 letech p\u0159estaly b\u00fdt p\u0159esv\u011bd\u010deny o sv\u00e9 neutralit\u011b. Jej\u00ed arm\u00e1da byla p\u0159ipravena vstoupit do NATO \u2013 nebo do p\u0159edch\u016fdce NATO, s arm\u00e1dou, kterou naz\u00fdvaj\u00ed \u201einteroperabilitou\u201c s NATO, co\u017e znamen\u00e1, \u017ee \u0159\u00edzen\u00ed sv\u00e9 obrany p\u0159edala NATO, nebo vlastn\u011b Washingtonu.<\/p>\n<p>N\u011bco podobn\u00e9ho se p\u0159ipravuje ve \u0160v\u00fdcarsku. Tich\u00fdm krokem sm\u011brem k NATO nemus\u00ed b\u00fdt zat\u00edm p\u0159\u00edm\u00e9 \u010dlenstv\u00ed, ale tak\u00e9 p\u0159ed\u00e1n\u00ed arm\u00e1dy do zna\u010dn\u00e9 m\u00edry pod velen\u00ed NATO, tedy Washingtonu.<\/p>\n<p>V dob\u011b, kdy byl velvyslanec Ruch st\u00e1tn\u00edm tajemn\u00edkem ministra obrany, \u0159\u00edkal, byl v\u017edy proti a netajil se t\u00edm, \u017ee se \u0160v\u00fdcarsko st\u00e1le v\u00edce p\u0159ibli\u017euje k NATO. Hovo\u0159\u00ed o hlubok\u00e9m pronik\u00e1n\u00ed americk\u00fdch a tak\u00e9 izraelsk\u00fdch vliv\u016f do \u201ena\u0161eho [\u0161v\u00fdcarsk\u00e9ho] vojensk\u00e9ho syst\u00e9mu\u201c.<\/p>\n<p>Jedn\u00edm z posledn\u00edch skand\u00e1l\u016f byl n\u00e1kup izraelsk\u00fdch bezpilotn\u00edch letoun\u016f v hodnot\u011b 300 milion\u016f \u0161v\u00fdcarsk\u00fdch frank\u016f. Byly objedn\u00e1ny v roce 2019, ale k dispozici budou a\u017e v roce 2029, a pak tyto \u201ehra\u010dky\u201c mus\u00ed doprov\u00e1zet vrtuln\u00edk nebo letadlo \u2013 tak\u017ee, \u0159\u00edk\u00e1 s \u00fasm\u011bvem, \u201ese div\u00edte, pro\u010d pot\u0159ebujete drony, kdy\u017e je mus\u00ed doprov\u00e1zet vrtuln\u00edk nebo letadlo\u201c.<\/p>\n<p>Tak\u00e9: \u201eNa\u0161e neutralita byla do zna\u010dn\u00e9 m\u00edry zni\u010dena na\u0161\u00edm sou\u010dasn\u00fdm ministrem zahrani\u010d\u00ed a tak\u00e9 nem\u00e1me ve Spolkov\u00e9 rad\u011b lidi, kte\u0159\u00ed by m\u011bli vizi, jak\u00e1 by m\u011bla b\u00fdt role \u0160v\u00fdcarska ve sv\u011bt\u011b.\u201c Jin\u00fdmi slovy, ustoupili nebo se zaprodali z\u00e1padn\u00edm mocnostem.<\/p>\n<p>Lid\u00e9 ve \u0160v\u00fdcarsk\u00e9 feder\u00e1ln\u00ed rad\u011b jsou slab\u00ed. U\u017e nemaj\u00ed smysl pro \u0161v\u00fdcarskou identitu, u\u017e nerozum\u00ed tomu, co \u0161v\u00fdcarsk\u00e1 neutralita znamen\u00e1 pro \u0160v\u00fdcarsko a pro sv\u011bt.<\/p>\n<p>Velvyslanec Ruch hovo\u0159\u00ed o obrovsk\u00e9 nekompetentnosti \u2013 nebo korupci \u2013 ve \u0161v\u00fdcarsk\u00e9m ministerstvu obrany. Je mo\u017en\u00e9, \u017ee z tohoto d\u016fvodu existuje tato slep\u00e1 d\u016fv\u011bra v americkou arm\u00e1du, v NATO \u2013 a\u017e do t\u00e9 m\u00edry, \u017ee je ochoten p\u0159edat \u0159\u00edzen\u00ed \u0161v\u00fdcarsk\u00e9 arm\u00e1dy NATO, nebo vlastn\u011b Washingtonu.<\/p>\n<p><em>\u201eV na\u0161\u00ed zemi [\u0160v\u00fdcarsku] existuje velmi mal\u00e1 nebo \u017e\u00e1dn\u00e1 demokratick\u00e1 nebo ob\u010dansk\u00e1 kontrola nad na\u0161imi ozbrojen\u00fdmi silami, nad t\u00edm, co d\u011blaj\u00ed, zat\u00edmco my jsme na \u017denevsk\u00e9 univerzit\u011b vytvo\u0159ili institut, kter\u00fd u\u010d\u00ed africk\u00e9 a mal\u00e9 v\u00fdchodoevropsk\u00e9 zem\u011b, jak by jejich demokracie a ob\u010dansk\u00e1 spole\u010dnost m\u011bly kontrolovat sv\u00e9 ozbrojen\u00e9 s\u00edly.\u201c<\/em>P\u0159i \u010dten\u00ed nejnov\u011bj\u0161\u00ed zpr\u00e1vy zpravodajsk\u00fdch slu\u017eeb o hrozb\u00e1ch pro \u0160v\u00fdcarsko, \u0159\u00edk\u00e1 pan Ruch, \u010dlov\u011bk uv\u011b\u0159\u00ed, \u017ee byla naps\u00e1na ve Washingtonu nebo v Tel Avivu.<\/p>\n<p><em>\u201eNa\u0161imi [\u0161v\u00fdcarsk\u00fdmi] nep\u0159\u00e1teli jsou samoz\u0159ejm\u011b \u010c\u00edna, Severn\u00ed Korea, \u00cdr\u00e1n a Rusko. Je to vize z Washingtonu, ale zjevn\u011b ne ze \u0160v\u00fdcarska.\u201c<\/em><\/p>\n<p>Proto\u017ee Jean-Danile Ruch otev\u0159en\u011b a otev\u0159en\u011b vystupoval proti t\u011bmto odchylk\u00e1m ve \u0161v\u00fdcarsk\u00e9m obrann\u00e9m syst\u00e9mu, byl vystaven pomlouva\u010dn\u00e9 kampani a marginalizov\u00e1n.<\/p>\n<p>Velvyslanec Ruch \u0159\u00edk\u00e1, \u017ee Ameri\u010dan\u00e9 se op\u011bt c\u00edt\u00ed na vrcholu sv\u011bta a ovl\u00e1daj\u00ed Z\u00e1pad, a proto jsou si jisti, \u017ee \u0160v\u00fdcarsko je \u201ejen dal\u0161\u00ed hra\u010dkou\u201c a bude se chovat slu\u0161n\u011b. Nen\u00ed si jist, zda a jak lze tento trend zvr\u00e1tit.<\/p>\n<p><em>\u201eProto je takov\u00fd protivn\u00edk, jako jsem j\u00e1, ne\u017e\u00e1douc\u00ed, a oni proti mn\u011b zah\u00e1jili o\u0161klivou pomlouva\u010dnou kampa\u0148&#8230;\u201c<\/em>Zmi\u0148uje se o korupci p\u0159i zad\u00e1v\u00e1n\u00ed ve\u0159ejn\u00fdch zak\u00e1zek a ozna\u010duje ji za skand\u00e1l \u2013 a aby toho nebylo m\u00e1lo, pan Ruch tvrd\u00ed, \u017ee \u0161v\u00fdcarsk\u00e9 bezpe\u010dnostn\u00ed slo\u017eky \u2013 v\u0161echny \u2013 byly infiltrov\u00e1ny z\u00e1jmov\u00fdmi skupinami, \u010d\u00edm\u017e mysl\u00ed USA a Izrael.<\/p>\n<p>\u0160v\u00fdcarsk\u00e1 m\u00e9dia jsou sice st\u00e1le p\u0159ev\u00e1\u017en\u011b v z\u00e1padn\u00edm t\u00e1bo\u0159e \u2013 \u201erusofobn\u00ed\u201c a pro-NATO \u2013 ale jejich moc u\u017e nen\u00ed takov\u00e1, jak\u00e1 b\u00fdvala. Pozitivn\u00ed je tak\u00e9 to, \u017ee lid\u00e9 se st\u00e1le v\u00edce br\u00e1n\u00ed tomuto nevyb\u00edrav\u00e9mu p\u0159ej\u00edm\u00e1n\u00ed z\u00e1padn\u00edch politick\u00fdch hodnot. Lid\u00e9 reaguj\u00ed a jedn\u00edm z v\u00fdsledk\u016f t\u00e9to reakce je \u0161v\u00fdcarsk\u00e9 referendum o n\u00e1vratu \u0160v\u00fdcarska k neutralit\u011b bez sankc\u00ed v\u016f\u010di vnucen\u00fdm nep\u0159\u00e1tel\u016fm. O tomto referendu se bude hlasovat bu\u010f v roce 2025, nebo v roce 2026. Pokud bude lidem p\u0159ijato, bude neutralita zaps\u00e1na do \u0161v\u00fdcarsk\u00e9 \u00fastavy.<\/p>\n<p><em>\u201eM\u016fj n\u00e1zor byl v\u017edy takov\u00fd, \u017ee si [\u0160v\u00fdcarsko] mus\u00edme zachovat svou u\u017eite\u010dnost ve sv\u011bt\u011b, co\u017e je na\u0161e neutralita, a proto se mus\u00edme od NATO distancovat.\u201c<\/em>Cel\u00fd nesm\u00edrn\u011b zaj\u00edmav\u00fd rozhovor o z\u00e1m\u011brn\u00e9m opu\u0161t\u011bn\u00ed \u0161v\u00fdcarsk\u00e9 neutrality a ml\u010denliv\u00e9m p\u0159\u00edstupu k NATO a o n\u00e1tlaku lid\u00ed na z\u00edsk\u00e1n\u00ed t\u00e9to neoceniteln\u00e9 hodnoty zvan\u00e9 neutralita zp\u011bt \u2013 poslechn\u011bte si cel\u00fd (48minutov\u00fd) videorozhovor ze 14. ledna 2025 v\u00fd\u0161e.<\/p>\n<div class=\"podcarou\">\n<p><a href=\"https:\/\/www.globalresearch.ca\/swiss-neutrality-ex-diplomat-reveals-russian-peace-efforts-nato-destroys-peace\/5877618\" target=\"_blank\" rel=\"external noopener\">Swiss Neutrality on the Brink<\/a> vy\u0161el 19.1.2025 na Global Reseach. P\u0159eklad\u00a0<a href=\"https:\/\/zvedavec.news\/komentare\/2025\/01\/10362-svycarska-neutralita-na-hrane.htm\">Zvedavec.org<\/a><\/p>\n<p>&nbsp;<\/p>\n<p>&nbsp;<\/p>\n<\/div>\n<\/section>\n","protected":false},"excerpt":{"rendered":"<p>B\u00fdval\u00fd diplomat odhaluje rusk\u00e9 m\u00edrov\u00e9 snahy, NATO ni\u010d\u00ed m\u00edr \u201eOd p\u00e1du Berl\u00ednsk\u00e9 zdi Rusov\u00e9 nejm\u00e9n\u011b&#8230;<\/p>\n","protected":false},"author":2,"featured_media":56585,"comment_status":"closed","ping_status":"closed","sticky":false,"template":"","format":"standard","meta":[],"categories":[7],"tags":[1042,39,1942,467],"_links":{"self":[{"href":"https:\/\/www.infokuryr.cz\/n\/wp-json\/wp\/v2\/posts\/70547"}],"collection":[{"href":"https:\/\/www.infokuryr.cz\/n\/wp-json\/wp\/v2\/posts"}],"about":[{"href":"https:\/\/www.infokuryr.cz\/n\/wp-json\/wp\/v2\/types\/post"}],"author":[{"embeddable":true,"href":"https:\/\/www.infokuryr.cz\/n\/wp-json\/wp\/v2\/users\/2"}],"replies":[{"embeddable":true,"href":"https:\/\/www.infokuryr.cz\/n\/wp-json\/wp\/v2\/comments?post=70547"}],"version-history":[{"count":0,"href":"https:\/\/www.infokuryr.cz\/n\/wp-json\/wp\/v2\/posts\/70547\/revisions"}],"wp:featuredmedia":[{"embeddable":true,"href":"https:\/\/www.infokuryr.cz\/n\/wp-json\/wp\/v2\/media\/56585"}],"wp:attachment":[{"href":"https:\/\/www.infokuryr.cz\/n\/wp-json\/wp\/v2\/media?parent=70547"}],"wp:term":[{"taxonomy":"category","embeddable":true,"href":"https:\/\/www.infokuryr.cz\/n\/wp-json\/wp\/v2\/categories?post=70547"},{"taxonomy":"post_tag","embeddable":true,"href":"https:\/\/www.infokuryr.cz\/n\/wp-json\/wp\/v2\/tags?post=70547"}],"curies":[{"name":"wp","href":"https:\/\/api.w.org\/{rel}","templated":true}]}}