{"id":70545,"date":"2025-01-20T00:46:45","date_gmt":"2025-01-19T23:46:45","guid":{"rendered":"https:\/\/www.infokuryr.cz\/n\/?p=70545"},"modified":"2025-01-19T17:28:44","modified_gmt":"2025-01-19T16:28:44","slug":"jiri-vyvadil-jestrabove-odchazejici-vlady-olafa-scholze-dostali-za-ucho","status":"publish","type":"post","link":"https:\/\/www.infokuryr.cz\/n\/2025\/01\/20\/jiri-vyvadil-jestrabove-odchazejici-vlady-olafa-scholze-dostali-za-ucho\/","title":{"rendered":"Ji\u0159\u00ed Vyvadil: Jest\u0159\u00e1bov\u00e9 odch\u00e1zej\u00edc\u00ed vl\u00e1dy Olafa Scholze dostali za ucho\u2026"},"content":{"rendered":"<div id=\"fb-root\"><\/div>\n<p><strong>M\u00e9dii prob\u011bhla vtipn\u00e1 momentka, kdy se st\u00e1vaj\u00edc\u00ed \u2013 a t\u00e9m\u011b\u0159 jist\u011b kon\u010d\u00edc\u00ed kancl\u00e9\u0159 Olaf Scholz sna\u017e\u00ed zastavit odch\u00e1zej\u00edc\u00ed ministryni zahrani\u010d\u00ed Annalenu Baerbockovou, kter\u00e1 ut\u00edk\u00e1 p\u0159edt\u00edm ne\u017e by s n\u00edm p\u0159ipustila spole\u010dnou fotografii na z\u00e1v\u011br jedn\u00e1n\u00ed, kdy Scholz odm\u00edtl posledn\u00ed bal\u00ed\u010dek pro Ukrajinu, kter\u00fd p\u0159ipravovala spole\u010dn\u011b se soci\u00e1ln\u011bdemokratick\u00fdm ministrem obrany Borisem Pistoriem p\u0159ed \u00fanorov\u00fdmi volbami do Spolkov\u00e9ho sn\u011bmu.<\/strong><\/p>\n<p style=\"font-weight: 400;\">N\u00e1vrh bal\u00ed\u010dku byl podle\u00a0t\u00fdden\u00edku Der Spiegel\u00a0sestaven v\u00a0souladu s\u00a0po\u017eadavky ukrajinsk\u00e9 strany. Podle Pistoriuse a\u00a0Baerbockov\u00e9 by \u0161lo o\u00a0d\u016fle\u017eit\u00fd sign\u00e1l, \u017ee n\u011bmeck\u00e1 pomoc Kyjevu se ani v\u00a0budoucnu nesn\u00ed\u017e\u00ed.<\/p>\n<p style=\"font-weight: 400;\">Pl\u00e1n obou ministr\u016f spo\u010d\u00edval v\u00a0tom, \u017ee vl\u00e1da po\u017e\u00e1d\u00e1 rozpo\u010dtov\u00fd v\u00fdbor Spolkov\u00e9ho sn\u011bmu, aby prosadil nepl\u00e1novan\u00e9 v\u00fddaje, s\u00a0argumentem, \u017ee situace na front\u011b je pro Ukrajince slo\u017eit\u00e1 a\u00a0\u017ee panuje nejistota ohledn\u011b dal\u0161\u00ed americk\u00e9 pomoci po n\u00e1vratu Donalda Trumpa do B\u00edl\u00e9ho domu.<\/p>\n<p style=\"font-weight: 400;\">Scholz je ale proti, co\u017e zd\u016fvod\u0148uje t\u00edm, \u017ee nechce budouc\u00ed vl\u00e1du postavit p\u0159ed hotovou v\u011bc. Zdroje v\u00a0SPD ale vid\u00ed i\u00a0dal\u0161\u00ed d\u016fvod, pro\u010d Scholz, kter\u00fd proslul odm\u00edt\u00e1n\u00edm dodat Kyjevu n\u011bmeck\u00e9 rakety Taurus, nov\u00fd bal\u00edk pomoci blokuje: nechce si proti sob\u011b p\u0159ed \u00fanorov\u00fdmi volbami po\u0161tvat voli\u010de, kte\u0159\u00ed s\u00a0pomoc\u00ed Ukrajin\u011b nesouhlas\u00ed.<\/p>\n<p style=\"font-weight: 400;\">Scholzovi zjevn\u011b nelze pomoci. Tak dlouho lav\u00edroval, \u017ee se stal nev\u011brohodn\u00fdm jak jako v\u00e1le\u010dn\u00fd jest\u0159\u00e1b,\u00a0\u00a0tak stejn\u011b jako m\u00edrotvorce. Nev\u011b\u0159\u00ed mu ani jedna strana.<\/p>\n<p style=\"font-weight: 400;\">Co ho zjevn\u011b m\u016f\u017ee alespo\u0148 uspokojit, \u017ee ani jeho pravd\u011bpodobn\u00e9mu n\u00e1stupci protirusk\u00e9mu v\u00e1le\u010dn\u00e9mu jest\u0159\u00e1bovi Merzovi p\u0161enka nemus\u00ed r\u016fst.<\/p>\n<p style=\"font-weight: 400;\">U\u017e fakt, \u017ee hlavn\u00ed Trump\u016fv\u00a0\u00a0medi\u00e1ln\u00ed\u00a0\u00a0poradce Elon Musk naprosto masivn\u011b podporuje krajn\u011b pravicovou a z\u00e1rove\u0148 krajn\u011b proruskou AFD v\u011bci m\u016f\u017ee m\u011bnit nemus\u00ed pro budouc\u00edho kancl\u00e9\u0159e nic dobr\u00e9ho znamenat.<\/p>\n<p style=\"font-weight: 400;\">Vypad\u00e1 to dob\u0159e\u2026<\/p>\n<p style=\"font-weight: 400;\"><a href=\"https:\/\/vasevec.info\/vip-blogy\/jestrabove-odchazejici-vlady-olafa-scholze-dostali-za-ucho\">Ji\u0159\u00ed Vyvadil<\/a><\/p>\n<p><img decoding=\"async\" loading=\"lazy\" class=\"alignnone size-medium wp-image-16474\" src=\"http:\/\/www.infokuryr.cz\/n\/wp-content\/uploads\/2022\/10\/jiri-vyvadil-300x200.jpg\" alt=\"\" width=\"300\" height=\"200\" srcset=\"https:\/\/www.infokuryr.cz\/n\/wp-content\/uploads\/2022\/10\/jiri-vyvadil-300x200.jpg 300w, https:\/\/www.infokuryr.cz\/n\/wp-content\/uploads\/2022\/10\/jiri-vyvadil-768x512.jpg 768w, https:\/\/www.infokuryr.cz\/n\/wp-content\/uploads\/2022\/10\/jiri-vyvadil.jpg 800w\" sizes=\"(max-width: 300px) 100vw, 300px\" \/><\/p>\n<p>&nbsp;<\/p>\n","protected":false},"excerpt":{"rendered":"<p>M\u00e9dii prob\u011bhla vtipn\u00e1 momentka, kdy se st\u00e1vaj\u00edc\u00ed \u2013 a t\u00e9m\u011b\u0159 jist\u011b kon\u010d\u00edc\u00ed kancl\u00e9\u0159 Olaf Scholz&#8230;<\/p>\n","protected":false},"author":2,"featured_media":48349,"comment_status":"closed","ping_status":"closed","sticky":false,"template":"","format":"standard","meta":[],"categories":[6],"tags":[84,1554,122,27],"_links":{"self":[{"href":"https:\/\/www.infokuryr.cz\/n\/wp-json\/wp\/v2\/posts\/70545"}],"collection":[{"href":"https:\/\/www.infokuryr.cz\/n\/wp-json\/wp\/v2\/posts"}],"about":[{"href":"https:\/\/www.infokuryr.cz\/n\/wp-json\/wp\/v2\/types\/post"}],"author":[{"embeddable":true,"href":"https:\/\/www.infokuryr.cz\/n\/wp-json\/wp\/v2\/users\/2"}],"replies":[{"embeddable":true,"href":"https:\/\/www.infokuryr.cz\/n\/wp-json\/wp\/v2\/comments?post=70545"}],"version-history":[{"count":0,"href":"https:\/\/www.infokuryr.cz\/n\/wp-json\/wp\/v2\/posts\/70545\/revisions"}],"wp:featuredmedia":[{"embeddable":true,"href":"https:\/\/www.infokuryr.cz\/n\/wp-json\/wp\/v2\/media\/48349"}],"wp:attachment":[{"href":"https:\/\/www.infokuryr.cz\/n\/wp-json\/wp\/v2\/media?parent=70545"}],"wp:term":[{"taxonomy":"category","embeddable":true,"href":"https:\/\/www.infokuryr.cz\/n\/wp-json\/wp\/v2\/categories?post=70545"},{"taxonomy":"post_tag","embeddable":true,"href":"https:\/\/www.infokuryr.cz\/n\/wp-json\/wp\/v2\/tags?post=70545"}],"curies":[{"name":"wp","href":"https:\/\/api.w.org\/{rel}","templated":true}]}}