{"id":70512,"date":"2025-01-20T00:34:03","date_gmt":"2025-01-19T23:34:03","guid":{"rendered":"https:\/\/www.infokuryr.cz\/n\/?p=70512"},"modified":"2025-01-19T15:56:21","modified_gmt":"2025-01-19T14:56:21","slug":"rezim-v-nemecku-je-stale-invazivnejsi-vecirek-je-zrusen-protoze-by-na-nem-mohla-hrat-spatna-hudba","status":"publish","type":"post","link":"https:\/\/www.infokuryr.cz\/n\/2025\/01\/20\/rezim-v-nemecku-je-stale-invazivnejsi-vecirek-je-zrusen-protoze-by-na-nem-mohla-hrat-spatna-hudba\/","title":{"rendered":"Re\u017eim v N\u011bmecku je st\u00e1le invazivn\u011bj\u0161\u00ed: ve\u010d\u00edrek je zru\u0161en, proto\u017ee by na n\u011bm mohla hr\u00e1t \u0161patn\u00e1 hudba"},"content":{"rendered":"<div id=\"fb-root\"><\/div>\n<p><strong>Ze Saska, kter\u00e9 je pevn\u011b v sev\u0159en\u00ed kontroverzn\u00edho premi\u00e9ra Kretschmera (CDU), byla hl\u00e1\u0161ena nov\u00e1 kvalita st\u00e1tn\u00edho p\u0159esahu. Speci\u00e1ln\u00ed jednotka vtrhla na soukrom\u00fd ve\u010d\u00edrek, proto\u017ee se nedalo vylou\u010dit, \u017ee na akci budou sp\u00e1ch\u00e1ny trestn\u00e9 \u010diny. Tvrzen\u00ed o otev\u0159en\u011b totalitn\u00edm re\u017eimu. Presumpce neviny byla hozena p\u0159es palubu. Je to op\u011bt o repres\u00edch v\u016f\u010di opozici.<\/strong><\/p>\n<p>N\u011bmci se z historie nic nenau\u010dili. V\u017edy se najdou n\u011bjac\u00ed N\u011bmci, kte\u0159\u00ed vystupuj\u00ed jako vzorn\u00ed studenti totality a sna\u017e\u00ed se zdokonalit hr\u016fzu st\u00e1tn\u00edch \u00fatok\u016f. Nakonec se zase \u0159ekne, \u017ee jsi jen plnil rozkazy. \u201eSvobodn\u00ed Sasov\u00e9\u201c hl\u00e1s\u00ed prost\u0159ednictv\u00edm telegramu n\u00e1sleduj\u00edc\u00ed skute\u010dnosti:<\/p>\n<h3 id=\"h-kretschmers-kommandos-sturmen-geburtstagsfeier-junger-patrioten-in-dresden\" class=\"wp-block-heading\">Kretschmerova komanda za\u00fato\u010dila na narozeninovou oslavu mlad\u00fdch vlastenc\u016f v Dr\u00e1\u017e\u010fanech!<\/h3>\n<p>V sobotu ve\u010der vtrhly speci\u00e1ln\u00ed jednotky sask\u00e9 policie BFE na soukromou narozeninovou oslavu v Dr\u00e1\u017e\u010fanech, kde n\u011bkolik mlad\u00fdch vlastenc\u016f slavilo 18. narozeniny. Absurdn\u00ed d\u016fvod: \u201eNelze vylou\u010dit, \u017ee by na oslav\u011b mohly b\u00fdt sp\u00e1ch\u00e1ny zlo\u010diny.\u201c Nezapom\u00ednejte: nebyl to \u017e\u00e1dn\u00fd zlo\u010din, dokud to m\u00edsto nezas\u00e1hla policie, byla to poklidn\u00e1 narozeninov\u00e1 oslava.<\/p>\n<p>Ale to nen\u00ed v\u0161e: bou\u0159e se odehr\u00e1la pr\u00e1v\u011b ve chv\u00edli, kdy kandid\u00e1t na st\u0159edosask\u00e9ho okresn\u00edho spr\u00e1vce ze SVOBODN\u00ddCH SAS\u016e Stefan Trautmann st\u00e1l na p\u00f3diu se svou hobby hudebn\u00ed kapelou a p\u0159edvedl klasiku.<\/p>\n<p>Mus\u00edte si to p\u0159edstavit: Zat\u00edmco n\u011bme\u010dt\u00ed politici kritizuj\u00ed autorit\u00e1\u0159sk\u00e9 pom\u011bry v jin\u00fdch zem\u00edch, t\u00fdden p\u0159ed volbami ve st\u0159edn\u00edm Sasku je kandid\u00e1t okresn\u00edho spr\u00e1vce odvol\u00e1n, proto\u017ee by mohl, dost mo\u017en\u00e1 a bez konkr\u00e9tn\u00ed p\u0159edpov\u011bdi, zahr\u00e1t \u0161patnou p\u00edsni\u010dku v budoucnost. Lid\u00e9 se u\u017e ani neobt\u011b\u017euj\u00ed tuto sv\u00e9voli skr\u00fdvat.<\/p>\n<p>Nep\u0159\u00e1tel\u00e9 vlasteneck\u00e9 hudby ale v\u010dera nemohli zabr\u00e1nit tomu, aby se hudebn\u00ed vystoupen\u00ed konala minim\u00e1ln\u011b na dvou dal\u0161\u00edch m\u00edstech v Sasku: na demonstraci v Chemnitzu p\u0159ednesl dr\u00e1\u017e\u010fansk\u00fd st\u016fl lidov\u00fdch p\u00edsn\u00ed m\u00edstn\u00ed p\u00edsn\u011b a v m\u00edst\u011b setk\u00e1n\u00ed ob\u010dan\u016f SVOBODN\u00ddCH SAS\u016e v r. Aue, kter\u00fd je nyn\u00ed nad korunn\u00edm princem, zn\u00e1m\u00fd po cel\u00e9m m\u011bst\u011b, kytarov\u00fd um\u011blec Frank Rennicke vystoupil p\u0159ed plnou halou.<\/p>\n<p>St\u00e1t, kter\u00fd se boj\u00ed not a p\u00edsn\u00ed, je na posledn\u00ed chv\u00edli sv\u00e9ho ta\u017een\u00ed. Ale nebojte se: hnut\u00ed za svobodu neutichne!<\/p>\n<p><img decoding=\"async\" loading=\"lazy\" class=\"alignnone size-full wp-image-1185\" src=\"http:\/\/www.infokuryr.cz\/n\/wp-content\/uploads\/2021\/04\/kuryr-podpis.png\" alt=\"\" width=\"84\" height=\"24\" \/><\/p>\n<p>&nbsp;<\/p>\n","protected":false},"excerpt":{"rendered":"<p>Ze Saska, kter\u00e9 je pevn\u011b v sev\u0159en\u00ed kontroverzn\u00edho premi\u00e9ra Kretschmera (CDU), byla hl\u00e1\u0161ena nov\u00e1 kvalita&#8230;<\/p>\n","protected":false},"author":2,"featured_media":70513,"comment_status":"closed","ping_status":"closed","sticky":false,"template":"","format":"standard","meta":[],"categories":[7],"tags":[84,86,48,3948],"_links":{"self":[{"href":"https:\/\/www.infokuryr.cz\/n\/wp-json\/wp\/v2\/posts\/70512"}],"collection":[{"href":"https:\/\/www.infokuryr.cz\/n\/wp-json\/wp\/v2\/posts"}],"about":[{"href":"https:\/\/www.infokuryr.cz\/n\/wp-json\/wp\/v2\/types\/post"}],"author":[{"embeddable":true,"href":"https:\/\/www.infokuryr.cz\/n\/wp-json\/wp\/v2\/users\/2"}],"replies":[{"embeddable":true,"href":"https:\/\/www.infokuryr.cz\/n\/wp-json\/wp\/v2\/comments?post=70512"}],"version-history":[{"count":1,"href":"https:\/\/www.infokuryr.cz\/n\/wp-json\/wp\/v2\/posts\/70512\/revisions"}],"predecessor-version":[{"id":70514,"href":"https:\/\/www.infokuryr.cz\/n\/wp-json\/wp\/v2\/posts\/70512\/revisions\/70514"}],"wp:featuredmedia":[{"embeddable":true,"href":"https:\/\/www.infokuryr.cz\/n\/wp-json\/wp\/v2\/media\/70513"}],"wp:attachment":[{"href":"https:\/\/www.infokuryr.cz\/n\/wp-json\/wp\/v2\/media?parent=70512"}],"wp:term":[{"taxonomy":"category","embeddable":true,"href":"https:\/\/www.infokuryr.cz\/n\/wp-json\/wp\/v2\/categories?post=70512"},{"taxonomy":"post_tag","embeddable":true,"href":"https:\/\/www.infokuryr.cz\/n\/wp-json\/wp\/v2\/tags?post=70512"}],"curies":[{"name":"wp","href":"https:\/\/api.w.org\/{rel}","templated":true}]}}