{"id":70510,"date":"2025-01-20T00:33:07","date_gmt":"2025-01-19T23:33:07","guid":{"rendered":"https:\/\/www.infokuryr.cz\/n\/?p=70510"},"modified":"2025-01-19T15:51:41","modified_gmt":"2025-01-19T14:51:41","slug":"syrie-iran-hrozi-nova-spirala-eskalace-s-dalsimi-valkami-na-blizkem-vychode","status":"publish","type":"post","link":"https:\/\/www.infokuryr.cz\/n\/2025\/01\/20\/syrie-iran-hrozi-nova-spirala-eskalace-s-dalsimi-valkami-na-blizkem-vychode\/","title":{"rendered":"S\u00fdrie, \u00cdr\u00e1n: Hroz\u00ed nov\u00e1 spir\u00e1la eskalace s dal\u0161\u00edmi v\u00e1lkami na Bl\u00edzk\u00e9m v\u00fdchod\u011b?"},"content":{"rendered":"<div id=\"fb-root\"><\/div>\n<p><strong>S p\u00e1dem prezidenta Asada a p\u0159evzet\u00edm moci islamisty v S\u00fdrii hroz\u00ed na Bl\u00edzk\u00e9m v\u00fdchod\u011b nov\u00e1 spir\u00e1la eskalace. Zejm\u00e9na \u00cdr\u00e1n je v hled\u00e1\u010dku fanatik\u016f pro zm\u011bnu globalistick\u00e9ho re\u017eimu. Jak v\u00fdbu\u0161n\u00e1 je situace ve skute\u010dnosti?<\/strong><\/p>\n<p>Ned\u00e1vn\u00fd v\u00fdvoj na Bl\u00edzk\u00e9m v\u00fdchod\u011b vykresluje znepokojiv\u00fd obraz geopolitick\u00fdch mocensk\u00fdch p\u0159esun\u016f a pochybn\u00fdch spojenectv\u00ed. To, co za\u010dalo p\u0159ed v\u00edce ne\u017e 20 lety v\u00fdbu\u0161n\u00fdm odhalen\u00edm pl\u00e1nu Pentagonu \u201ezlikvidovat sedm zem\u00ed b\u011bhem p\u011bti let\u201c gener\u00e1lem Wesleym Clarkem, se nyn\u00ed zjevn\u011b projevuje s d\u011bsivou jasnost\u00ed.<\/p>\n<figure class=\"wp-block-embed is-type-rich is-provider-twitter wp-block-embed-twitter\">\n<div class=\"wp-block-embed__wrapper\">\n<div class=\"twitter-tweet twitter-tweet-rendered\"><iframe id=\"twitter-widget-0\" class=\"\" title=\"X p\u0159\u00edsp\u011bvek\" src=\"https:\/\/platform.twitter.com\/embed\/Tweet.html?dnt=true&amp;embedId=twitter-widget-0&amp;features=eyJ0ZndfdGltZWxpbmVfbGlzdCI6eyJidWNrZXQiOltdLCJ2ZXJzaW9uIjpudWxsfSwidGZ3X2ZvbGxvd2VyX2NvdW50X3N1bnNldCI6eyJidWNrZXQiOnRydWUsInZlcnNpb24iOm51bGx9LCJ0ZndfdHdlZXRfZWRpdF9iYWNrZW5kIjp7ImJ1Y2tldCI6Im9uIiwidmVyc2lvbiI6bnVsbH0sInRmd19yZWZzcmNfc2Vzc2lvbiI6eyJidWNrZXQiOiJvbiIsInZlcnNpb24iOm51bGx9LCJ0ZndfZm9zbnJfc29mdF9pbnRlcnZlbnRpb25zX2VuYWJsZWQiOnsiYnVja2V0Ijoib24iLCJ2ZXJzaW9uIjpudWxsfSwidGZ3X21peGVkX21lZGlhXzE1ODk3Ijp7ImJ1Y2tldCI6InRyZWF0bWVudCIsInZlcnNpb24iOm51bGx9LCJ0ZndfZXhwZXJpbWVudHNfY29va2llX2V4cGlyYXRpb24iOnsiYnVja2V0IjoxMjA5NjAwLCJ2ZXJzaW9uIjpudWxsfSwidGZ3X3Nob3dfYmlyZHdhdGNoX3Bpdm90c19lbmFibGVkIjp7ImJ1Y2tldCI6Im9uIiwidmVyc2lvbiI6bnVsbH0sInRmd19kdXBsaWNhdGVfc2NyaWJlc190b19zZXR0aW5ncyI6eyJidWNrZXQiOiJvbiIsInZlcnNpb24iOm51bGx9LCJ0ZndfdXNlX3Byb2ZpbGVfaW1hZ2Vfc2hhcGVfZW5hYmxlZCI6eyJidWNrZXQiOiJvbiIsInZlcnNpb24iOm51bGx9LCJ0ZndfdmlkZW9faGxzX2R5bmFtaWNfbWFuaWZlc3RzXzE1MDgyIjp7ImJ1Y2tldCI6InRydWVfYml0cmF0ZSIsInZlcnNpb24iOm51bGx9LCJ0ZndfbGVnYWN5X3RpbWVsaW5lX3N1bnNldCI6eyJidWNrZXQiOnRydWUsInZlcnNpb24iOm51bGx9LCJ0ZndfdHdlZXRfZWRpdF9mcm9udGVuZCI6eyJidWNrZXQiOiJvbiIsInZlcnNpb24iOm51bGx9fQ%3D%3D&amp;frame=false&amp;hideCard=false&amp;hideThread=false&amp;id=1865600996539507077&amp;lang=cs&amp;origin=https%3A%2F%2Freport24.news%2Fsyrien-iran-droht-eine-neue-eskalationsspirale-mit-weiteren-kriegen-in-nahost%2F&amp;sessionId=572bf761123fc4d4a59e13beecbdede04cad4500&amp;theme=light&amp;widgetsVersion=2615f7e52b7e0%3A1702314776716&amp;width=550px\" frameborder=\"0\" scrolling=\"no\" allowfullscreen=\"allowfullscreen\" data-tweet-id=\"1865600996539507077\" data-mce-fragment=\"1\"><\/iframe><\/div>\n<\/div>\n<\/figure>\n<p>Sou\u010dasn\u00e1 situace v S\u00fdrii je jen \u0161pi\u010dkou ledovce. Zat\u00edmco Z\u00e1pad p\u0159edstavuje b\u00fdval\u00e9ho velitele Al-K\u00e1idy Al-Jolaniho, nyn\u00ed v\u016fdce islamistick\u00e9 Hayat Tahrir al-Sham (HTS), jako domn\u011bl\u00e9ho reform\u00e1tora, v pozad\u00ed prob\u00edh\u00e1 dramatick\u00e1 reorganizace regionu.<\/p>\n<p>Role Turecka za prezidenta Erdogana je obzvl\u00e1\u0161t\u011b v\u00fdbu\u0161n\u00e1. Jeho ned\u00e1vn\u00e1 podpora d\u017eih\u00e1distick\u00fdch skupin proti Asadovi znamen\u00e1 dal\u0161\u00ed obrat v jeho politick\u00e9 spir\u00e1le mezi V\u00fdchodem a Z\u00e1padem. Od ne\u00fasp\u011b\u0161n\u00e9ho pokusu o p\u0159evrat v roce 2016, p\u0159i kter\u00e9m mu rusk\u00e9 tajn\u00e9 slu\u017eby mo\u017en\u00e1 zachr\u00e1nily \u017eivot, Erdogan obratn\u011b man\u00e9vroval mezi hlavn\u00edmi mocnostmi.<\/p>\n<p>Ekonomick\u00e9 vazby hovo\u0159\u00ed samy za sebe: \u010d\u00ednsk\u00e9 banky financuj\u00ed velk\u00e9 tureck\u00e9 projekty, zat\u00edmco Rusko p\u016fsob\u00ed jako d\u016fle\u017eit\u00fd partner v oblasti infrastruktury. Ankara z\u00e1rove\u0148 udr\u017euje dod\u00e1vky ropy do Izraele \u2013 navzdory ostr\u00e9 r\u00e9torice proti politice Tel Avivu.<\/p>\n<p>\u00da\u010dinky tohoto v\u00fdvoje sahaj\u00ed daleko za hranice regionu. Sa\u00fadsk\u00e1 Ar\u00e1bie sleduje situaci s rostouc\u00edmi obavami, co\u017e by mohlo m\u00edt d\u016fsledky i pro alianci BRICS. Pl\u00e1novan\u00fd ropovod Katar-Turecko se vzhledem k rostouc\u00ed nestabilit\u011b v S\u00fdrii ji\u017e nejev\u00ed jako provediteln\u00fd.<\/p>\n<p>Experti\u00a0<a href=\"https:\/\/internationalman.com\/articles\/heres-why-the-stage-has-been-set-for-war-with-iran\/\">jako Chris Macintosh<\/a>\u00a0varuj\u00ed: Region by se mohl vyvinout v nov\u00fd Afgh\u00e1nist\u00e1n \u2013 s nep\u0159edv\u00eddateln\u00fdmi d\u016fsledky pro glob\u00e1ln\u00ed bezpe\u010dnostn\u00ed architekturu. N\u00e1sleduj\u00edc\u00ed m\u011bs\u00edce uk\u00e1\u017eou, zda je mezin\u00e1rodn\u00ed spole\u010denstv\u00ed je\u0161t\u011b schopno zabr\u00e1nit dal\u0161\u00ed eskalaci \u2013 nebo zda vstoup\u00edme do dal\u0161\u00ed f\u00e1ze vojensk\u00e9ho konfliktu.<\/p>\n<p><img decoding=\"async\" loading=\"lazy\" class=\"alignnone size-full wp-image-1185\" src=\"http:\/\/www.infokuryr.cz\/n\/wp-content\/uploads\/2021\/04\/kuryr-podpis.png\" alt=\"\" width=\"84\" height=\"24\" \/><\/p>\n<p>&nbsp;<\/p>\n","protected":false},"excerpt":{"rendered":"<p>S p\u00e1dem prezidenta Asada a p\u0159evzet\u00edm moci islamisty v S\u00fdrii hroz\u00ed na Bl\u00edzk\u00e9m v\u00fdchod\u011b nov\u00e1&#8230;<\/p>\n","protected":false},"author":2,"featured_media":70511,"comment_status":"closed","ping_status":"closed","sticky":false,"template":"","format":"standard","meta":[],"categories":[7],"tags":[1854,3417,38,147],"_links":{"self":[{"href":"https:\/\/www.infokuryr.cz\/n\/wp-json\/wp\/v2\/posts\/70510"}],"collection":[{"href":"https:\/\/www.infokuryr.cz\/n\/wp-json\/wp\/v2\/posts"}],"about":[{"href":"https:\/\/www.infokuryr.cz\/n\/wp-json\/wp\/v2\/types\/post"}],"author":[{"embeddable":true,"href":"https:\/\/www.infokuryr.cz\/n\/wp-json\/wp\/v2\/users\/2"}],"replies":[{"embeddable":true,"href":"https:\/\/www.infokuryr.cz\/n\/wp-json\/wp\/v2\/comments?post=70510"}],"version-history":[{"count":0,"href":"https:\/\/www.infokuryr.cz\/n\/wp-json\/wp\/v2\/posts\/70510\/revisions"}],"wp:featuredmedia":[{"embeddable":true,"href":"https:\/\/www.infokuryr.cz\/n\/wp-json\/wp\/v2\/media\/70511"}],"wp:attachment":[{"href":"https:\/\/www.infokuryr.cz\/n\/wp-json\/wp\/v2\/media?parent=70510"}],"wp:term":[{"taxonomy":"category","embeddable":true,"href":"https:\/\/www.infokuryr.cz\/n\/wp-json\/wp\/v2\/categories?post=70510"},{"taxonomy":"post_tag","embeddable":true,"href":"https:\/\/www.infokuryr.cz\/n\/wp-json\/wp\/v2\/tags?post=70510"}],"curies":[{"name":"wp","href":"https:\/\/api.w.org\/{rel}","templated":true}]}}