{"id":70507,"date":"2025-01-20T00:32:28","date_gmt":"2025-01-19T23:32:28","guid":{"rendered":"https:\/\/www.infokuryr.cz\/n\/?p=70507"},"modified":"2025-01-19T15:47:31","modified_gmt":"2025-01-19T14:47:31","slug":"byvaly-nemecky-ministr-guttenberg-vyzval-k-vojenske-alianci-proti-donaldu-trumpovi","status":"publish","type":"post","link":"https:\/\/www.infokuryr.cz\/n\/2025\/01\/20\/byvaly-nemecky-ministr-guttenberg-vyzval-k-vojenske-alianci-proti-donaldu-trumpovi\/","title":{"rendered":"B\u00fdval\u00fd n\u011bmeck\u00fd ministr Guttenberg vyzval k vojensk\u00e9 alianci proti Donaldu Trumpovi"},"content":{"rendered":"<div id=\"fb-root\"><\/div>\n<p><strong>Karl-Theodor zu Guttenberg, b\u00fdval\u00fd n\u011bmeck\u00fd ministr hospod\u00e1\u0159stv\u00ed a obrany, kter\u00fd neusp\u011bl kv\u016fli skand\u00e1lu s plagi\u00e1tem, nyn\u00ed pracuje jako lobbista. Jako takov\u00fd se objevil na obchodn\u00edm galave\u010deru Oberbank &#8211; a p\u0159ed 1500 hosty vyd\u00e1val \u00fa\u017easn\u00e9 zvuky. Evropa se mus\u00ed st\u00e1t vojensky schopn\u011bj\u0161\u00ed, aby se mohla postavit \u201eBully Trumpovi\u201c. Zn\u00ed to jako tajn\u00e1 touha po v\u00e1lce na dvou front\u00e1ch, kter\u00e1 minule neskon\u010dila nijak zvl\u00e1\u0161\u0165 dob\u0159e.<\/strong><\/p>\n<p>Netrv\u00e1 dlouho h\u00e1dat, pro kter\u00e9 elity a pro kter\u00e9 lobby Karl-Theodor zu Guttenberg pracuje.\u00a0<a href=\"https:\/\/www.meinbezirk.at\/oberoesterreich\/c-politik\/geeint-gegen-den-bully-trump_a7093825\" target=\"_blank\" rel=\"noreferrer noopener\">Na Oberbank Donau Forum v Linci<\/a>\u00a0nab\u00eddl stejn\u00e9 moudro\u00a0, jak\u00e9 m\u016f\u017eete sly\u0161et od Evropsk\u00e9 lidov\u00e9 strany nebo jak\u00e9hokoli globalistick\u00e9ho hr\u00e1\u010de v EU. M\u00edstn\u00ed elita ohromen\u011b poslouchala, a\u017e po \u0161\u00e9fa \u00d6VP Horn\u00ed Rakousko\u00a0<a href=\"https:\/\/www.oberbank.at\/business-gala-2025\" target=\"_blank\" rel=\"noreferrer noopener\">a zemsk\u00e9ho guvern\u00e9ra Thomase Stelzera<\/a> . V provinci\u00edch jsou lid\u00e9 samoz\u0159ejm\u011b velmi hrd\u00ed &#8211; n\u011bmeck\u00fd exministr ud\u011blal tu \u010dest!<\/p>\n<p>V\u00fdroky jsou nesm\u00edrn\u011b zvl\u00e1\u0161tn\u00ed \u2013 jak to, co bylo \u0159e\u010deno otev\u0159en\u011b, tak to, co m\u016f\u017eete vn\u00edmat mezi \u0159\u00e1dky. Nejprve popsal mo\u017enost m\u00edru na Ukrajin\u011b jako \u201eprohnil\u00fd kompromis ve form\u011b p\u0159\u00edm\u011b\u0159\u00ed\u201c. Je to stejn\u00fd nelidsk\u00fd postoj, jak\u00fd v sou\u010dasnosti sl\u00fdch\u00e1me od mnoha lobbist\u016f EU. Nikdo nechce na Ukrajin\u011b p\u0159estat um\u00edrat \u2013 krom\u011b parlamentn\u00ed strany FP\u00d6 v Rakousku a zemsk\u00e9 parlamentn\u00ed strany MFG v Horn\u00edm Rakousku. Ani jeden z nich nebyl k tomuto projevu pozv\u00e1n.<\/p>\n<p>Guttenberg vysv\u011btlil, \u017ee politick\u00e9 okraje jsou nebezpe\u010dn\u00e9. Varoval p\u0159ed siln\u00fdmi n\u00e1rodn\u00edmi st\u00e1ty, zvl\u00e1\u0161t\u011b kdy\u017e tam vl\u00e1dnou nacionalist\u00e9. Mnohem preferoval by vojensky sjednocenou Evropu, kter\u00e1 by se za Trumpa dok\u00e1zala postavit nejen Rusku, ale i USA. &#8222;M\u016fj okres&#8220; p\u00ed\u0161e:<\/p>\n<p><em><strong>United proti \u201eBully Trumpovi\u201c<\/strong><\/em><\/p>\n<p><em>Podle Guttenberga by se Evropa za \u017e\u00e1dn\u00fdch okolnost\u00ed nem\u011bla dostat do pasti vyjedn\u00e1v\u00e1n\u00ed s Trumpem na \u00farovni jednotliv\u00fdch n\u00e1rodn\u00edch st\u00e1t\u016f: \u201eJako evropsk\u00e1 skupina se jako NATO spolu s Kana\u010fany m\u016f\u017eeme postavit mnohem siln\u011bj\u0161\u00ed proti n\u00e1siln\u00edkovi Trumpovi\u201c \u2013 jak z hlediska obrany ve sporech o cla, tak i kontroly v\u00fdvozu. (\u2026) Ale \u010d\u00edm v\u00edce nacionalist\u016f m\u00e1me v \u010dele evropsk\u00fdch metropol\u00ed, t\u00edm slab\u0161\u00ed jsme v jedn\u00e1n\u00ed s t\u011bmi, kte\u0159\u00ed n\u00e1s mohou skute\u010dn\u011b vyd\u00edrat.\u201c Podle Guttenberga bude trvat dlouho, ne\u017e Evropa dos\u00e1hne \u00farovn\u011b vojensk\u00e9 obrany, kter\u00e1 ji\u017e nebude vy\u017eadovat, aby USA odol\u00e1valy \u00fatoku.<\/em><\/p>\n<p><em><cite><a href=\"https:\/\/www.meinbezirk.at\/oberoesterreich\/c-politik\/geeint-gegen-den-bully-trump_a7093825\">Citov\u00e1no z Meinkreis.at<\/a><\/cite><\/em><\/p>\n<p>Lobbista zjistil, \u017ee na tuto obrannou schopnost by bylo t\u0159eba vynalo\u017eit 3,5 procenta nebo v\u00edce ro\u010dn\u011b.<\/p>\n<p>A chyb\u011bt by nem\u011blo ani t\u011b\u017eko skr\u00fdvan\u00e9 vol\u00e1n\u00ed po cenzu\u0159e, kter\u00e9 je v sou\u010dasnosti integrov\u00e1no do ka\u017ed\u00e9ho projevu globalist\u016f EU jako pevn\u00e1 sou\u010d\u00e1st. Soci\u00e1ln\u00ed m\u00e9dia by byla \u201eurychlova\u010dem\u201c toho, jak ve spole\u010dnosti interagujeme. T\u00f3n na soci\u00e1ln\u00edch s\u00edt\u00edch by byl ne\u00fanosn\u00fd. Tam by byl velk\u00fd potenci\u00e1l pro hrozby, hrozby a nen\u00e1vist. Takov\u00e1 prohl\u00e1\u0161en\u00ed nejsou u\u010din\u011bna pro legraci, ale proto, \u017ee cht\u011bj\u00ed prosadit cenzurn\u00ed agendu Ursuly von der Leyenov\u00e9 a jej\u00edch komplic\u016f.<\/p>\n<p>Mo\u017en\u00e1 by m\u011bl n\u011bkdo panu Guttenbergovi p\u0159ipomenout, jak se v\u011bci posledn\u011b vyv\u00edjely, kdy\u017e se N\u011bmecko c\u00edtilo dostate\u010dn\u011b siln\u00e9, aby vedlo v\u00e1lku proti USA a Rusku z\u00e1rove\u0148. Mo\u017en\u00e1 m\u00e1 star\u0161\u00ed p\u0159\u00edbuzn\u00e9, kte\u0159\u00ed n\u00e1m o tom mohou vypr\u00e1v\u011bt. Historick\u00e9 knihy tvrd\u00ed, \u017ee v\u011bci nedopadly tak dob\u0159e \u2013 zejm\u00e9na pro miliony lid\u00ed, kte\u0159\u00ed p\u0159i tomto experimentu zem\u0159eli. Kdo ale m\u00edr na Ukrajin\u011b pova\u017euje za l\u00edn\u00fd kompromis, neboj\u00ed se sv\u011btov\u00e9 v\u00e1lky. Pokud pat\u0159\u00edte mezi elitu, m\u016f\u017eete si s n\u00ed vyd\u011blat spoustu pen\u011bz.<\/p>\n<p>Na Guttenberg\u016fv projev se zamyslel i\u00a0<a href=\"https:\/\/www.thetrumpet.com\/30807-guttenberg-calls-for-militarily-united-europe-against-bully-trump\" target=\"_blank\" rel=\"noreferrer noopener\">k\u0159es\u0165ansk\u00fd \u010dasopis \u201ethe Trumpet\u201c<\/a>\u00a0se s\u00eddlem v americk\u00e9 Philadelphii .<\/p>\n<p>Ale: Ne v\u0161ichni \u010dlenov\u00e9 evropsk\u00e9 \u0161lechty jsou v\u00e1le\u010dn\u00ed \u0161tv\u00e1\u010di. \u010ct\u011bte zde:\u00a0<a href=\"https:\/\/report24.news\/leo-hohenberg-historische-rede-fuer-frieden-werteerhalt-und-eigenverantwortung\/\">Leo Hohenberg: Historick\u00e1 \u0159e\u010d pro m\u00edr, zachov\u00e1n\u00ed hodnot a osobn\u00ed zodpov\u011bdnost.<\/a><\/p>\n<p><img decoding=\"async\" loading=\"lazy\" class=\"alignnone size-full wp-image-1185\" src=\"http:\/\/www.infokuryr.cz\/n\/wp-content\/uploads\/2021\/04\/kuryr-podpis.png\" alt=\"\" width=\"84\" height=\"24\" \/><\/p>\n<p>&nbsp;<\/p>\n","protected":false},"excerpt":{"rendered":"<p>Karl-Theodor zu Guttenberg, b\u00fdval\u00fd n\u011bmeck\u00fd ministr hospod\u00e1\u0159stv\u00ed a obrany, kter\u00fd neusp\u011bl kv\u016fli skand\u00e1lu s plagi\u00e1tem,&#8230;<\/p>\n","protected":false},"author":2,"featured_media":70508,"comment_status":"closed","ping_status":"closed","sticky":false,"template":"","format":"standard","meta":[],"categories":[7],"tags":[8462,120,452,538],"_links":{"self":[{"href":"https:\/\/www.infokuryr.cz\/n\/wp-json\/wp\/v2\/posts\/70507"}],"collection":[{"href":"https:\/\/www.infokuryr.cz\/n\/wp-json\/wp\/v2\/posts"}],"about":[{"href":"https:\/\/www.infokuryr.cz\/n\/wp-json\/wp\/v2\/types\/post"}],"author":[{"embeddable":true,"href":"https:\/\/www.infokuryr.cz\/n\/wp-json\/wp\/v2\/users\/2"}],"replies":[{"embeddable":true,"href":"https:\/\/www.infokuryr.cz\/n\/wp-json\/wp\/v2\/comments?post=70507"}],"version-history":[{"count":1,"href":"https:\/\/www.infokuryr.cz\/n\/wp-json\/wp\/v2\/posts\/70507\/revisions"}],"predecessor-version":[{"id":70509,"href":"https:\/\/www.infokuryr.cz\/n\/wp-json\/wp\/v2\/posts\/70507\/revisions\/70509"}],"wp:featuredmedia":[{"embeddable":true,"href":"https:\/\/www.infokuryr.cz\/n\/wp-json\/wp\/v2\/media\/70508"}],"wp:attachment":[{"href":"https:\/\/www.infokuryr.cz\/n\/wp-json\/wp\/v2\/media?parent=70507"}],"wp:term":[{"taxonomy":"category","embeddable":true,"href":"https:\/\/www.infokuryr.cz\/n\/wp-json\/wp\/v2\/categories?post=70507"},{"taxonomy":"post_tag","embeddable":true,"href":"https:\/\/www.infokuryr.cz\/n\/wp-json\/wp\/v2\/tags?post=70507"}],"curies":[{"name":"wp","href":"https:\/\/api.w.org\/{rel}","templated":true}]}}