{"id":7046,"date":"2021-12-22T04:21:32","date_gmt":"2021-12-22T03:21:32","guid":{"rendered":"http:\/\/www.infokuryr.cz\/n\/?p=7046"},"modified":"2021-12-22T04:21:32","modified_gmt":"2021-12-22T03:21:32","slug":"preventivni-utok-na-rusko-pozadoval-vysoky-politik-eu-a-putin-vyslal-jaderne-bombardery-do-vzduchu","status":"publish","type":"post","link":"https:\/\/www.infokuryr.cz\/n\/2021\/12\/22\/preventivni-utok-na-rusko-pozadoval-vysoky-politik-eu-a-putin-vyslal-jaderne-bombardery-do-vzduchu\/","title":{"rendered":"Preventivn\u00ed \u00fatok na Rusko! Po\u017eadoval vysok\u00fd politik EU a Putin vyslal jadern\u00e9 bombard\u00e9ry do vzduchu!"},"content":{"rendered":"<div id=\"fb-root\"><\/div>\n<p>Litevsk\u00fd ministr obrany\u00a0<a class=\"urlextern\" title=\"https:\/\/www.defenseone.com\/threats\/2021\/12\/diplomacy-no-longer-sufficient-prevent-russian-escalation-lithuanian-defense-chief-says\/359904\/\" href=\"https:\/\/www.defenseone.com\/threats\/2021\/12\/diplomacy-no-longer-sufficient-prevent-russian-escalation-lithuanian-defense-chief-says\/359904\/\" rel=\"nofollow\">po\u017eadoval p\u0159ed p\u00e1r dny v USA<\/a>\u00a0proveden\u00ed preventivn\u00edch operac\u00ed proti Rusku, d\u0159\u00edve ne\u017e Putin napadne Ukrajinu. Ne\u017e se Arvydas Anu\u0161auskas stihnul vr\u00e1tit dom\u016f,\u00a0<a class=\"urlextern\" title=\"https:\/\/archive.md\/7BF3X\" href=\"https:\/\/archive.md\/7BF3X\" rel=\"nofollow\">krou\u017eily u\u017e nad B\u011bloruskem rusk\u00e9 jadern\u00e9 nosi\u010de TU-22-M3<\/a>\u00a0schopn\u00e9 zas\u00e1hnout sv\u00fdmi jadern\u00fdmi hypersonick\u00fdmi raketami z \u010d\u00e1ry odpalu Baranovi\u010di-Lida Berl\u00edn, Lond\u00fdn, Pa\u0159\u00ed\u017e do 8-15 minut. Sv\u011bt tak zase byl na pokraji jadern\u00e9 konfrontace jako za kub\u00e1nsk\u00e9 krize! NATO by m\u011blo podobn\u00e9 politiky, jako je Anu\u0161auskas, co nejrychleji poslat do d\u016fchodu, ne\u017e n\u011bco vyvedou. Zahr\u00e1vat si v dne\u0161n\u00ed vypjat\u00e9 situaci s term\u00ednem preventivn\u00edch operac\u00ed proti Rusku, je jako dr\u00e1\u017edit hada bosou nohou.<\/p>\n<p>&nbsp;<\/p>\n<p><a class=\"media\" title=\"ji4545.jpg\" href=\"http:\/\/michalapetr.cz\/lib\/exe\/detail.php?id=start&amp;media=ji4545.jpg\"><img decoding=\"async\" class=\"mediacenter\" src=\"http:\/\/michalapetr.cz\/lib\/exe\/fetch.php?w=400&amp;tok=e34149&amp;media=ji4545.jpg\" alt=\"\" width=\"400\" \/><\/a><\/p>\n<p>(Foto\u00a0<a class=\"urlextern\" title=\"https:\/\/kam.lt\/en\/top_management_1039\/minister_of_national_defence_3619.html\" href=\"https:\/\/kam.lt\/en\/top_management_1039\/minister_of_national_defence_3619.html\" rel=\"nofollow\">Arvydas Anu\u0161auskas<\/a>)<\/p>\n<p>Obdobn\u011b &#8211; Ukrajinsk\u00fd ministr Reznikov\u00a0<a class=\"urlextern\" title=\"https:\/\/112.international\/politics\/ukraines-defense-minister-urges-nato-eu-to-provide-ukraine-with-weapons-to-deter-russia-67873.html\" href=\"https:\/\/112.international\/politics\/ukraines-defense-minister-urges-nato-eu-to-provide-ukraine-with-weapons-to-deter-russia-67873.html\" rel=\"nofollow\">se do\u017eadoval\u00a0<\/a>, aby USA dodaly Ukrajin\u011b rakety Patriot, \u00fadern\u00e9 zbran\u011b a lod\u011b. Expert NATO zase\u00a0<a class=\"urlextern\" title=\"https:\/\/www.washingtonpost.com\/opinions\/2021\/12\/15\/ukraine-russia-putin-aggression-nato\/\" href=\"https:\/\/www.washingtonpost.com\/opinions\/2021\/12\/15\/ukraine-russia-putin-aggression-nato\/\" rel=\"nofollow\">vyzval k v\u00fdcviku v pou\u017e\u00edv\u00e1n\u00ed finsk\u00fdch a banderovsk\u00fdch! z\u00e1\u0161kodnick\u00fdch technik!\u00a0<\/a>Putin nemus\u00ed b\u00fdt potom nutn\u011b paranoidn\u00ed, aby si myslel, \u017ee se n\u011bjac\u00ed \u0161\u00edlenci rozhodli opakovat 22. \u010derven 1941, a z\u00e1ke\u0159n\u011b p\u0159epadnout Rusko. Finsko v\u010dera potvrdilo n\u00e1kup 64 jadern\u00fdch nosi\u010d\u016f F-35s v \u00faprav\u011b pro vrh\u00e1n\u00ed nejnov\u011bj\u0161\u00edch jadern\u00fdch B61-12 bomb. Z Linie Kotka-Narva mohou tato finsk\u00e1 F-35s teoreticky za 5 minut bombardovat Petrohrad. \u010casy pro rozhodnut\u00ed Ruska, zda bude z\u00e1ke\u0159n\u011b napadeno jadern\u00fdm \u00fatokem se rapidn\u011b sni\u017euj\u00ed. \u010casy pro rozhodnut\u00ed, \u017ee Rusko napadne jadern\u00fdmi zbran\u011bmi EU se rovn\u011b\u017e tak zkracuj\u00ed. \u010c\u00edm jsou \u010dasy pro rozhodnut\u00ed krat\u0161\u00ed, t\u00edm v\u011bt\u0161\u00ed nebezpe\u010d\u00ed, \u017ee se n\u011bco stane.<\/p>\n<p>K tomu v\u0161emu Brusel p\u0159iznal, \u017ee\u00a0<a class=\"urlextern\" title=\"https:\/\/www.bloomberg.com\/news\/articles\/2021-12-19\/europe-braces-for-energy-crunch-this-week-as-deep-freeze-sets-in\" href=\"https:\/\/www.bloomberg.com\/news\/articles\/2021-12-19\/europe-braces-for-energy-crunch-this-week-as-deep-freeze-sets-in\" rel=\"nofollow\">doch\u00e1z\u00ed z\u00e1soby plynu v z\u00e1sobn\u00edc\u00edch<\/a>\u00a0a pokud nenastane v\u00fdjime\u010dn\u011b tepl\u00e1 zima v \u00fanoru 2022 za\u010dnou v Evrop\u011b kolabovat energetick\u00e9 soustavy. Hned se ov\u0161em taky uk\u00e1zalo, \u017ee Brusel se m\u00edsto z\u00e1sobov\u00e1n\u00ed ob\u010dan\u016f plynem rad\u011bji zaj\u00edmal o to, jak by na plyn a elekt\u0159inu\u00a0<a class=\"urlextern\" title=\"https:\/\/www.politico.eu\/article\/eu-plans-to-tax-its-way-out-of-recovery-debt\/\" href=\"https:\/\/www.politico.eu\/article\/eu-plans-to-tax-its-way-out-of-recovery-debt\/\" rel=\"nofollow\">nap\u00e1lil Evropan\u016fm je\u0161t\u011b dal\u0161\u00ed dodate\u010dn\u00e9 dan\u011b<\/a>. U\u017e te\u010f lid\u00e9 nemaj\u00ed na slo\u017eenky a m\u00e1 b\u00fdt je\u0161t\u011b h\u016f\u0159! Je nejvy\u0161\u0161\u00ed \u010das sehnat n\u011bjak\u00e9 schopn\u011bj\u0161\u00ed politiky!<\/p>\n<p><a class=\"media\" title=\"navbharat-times.jpg\" href=\"http:\/\/michalapetr.cz\/lib\/exe\/detail.php?id=start&amp;media=navbharat-times.jpg\"><img decoding=\"async\" class=\"mediacenter\" src=\"http:\/\/michalapetr.cz\/lib\/exe\/fetch.php?w=400&amp;tok=947133&amp;media=navbharat-times.jpg\" alt=\"\" width=\"400\" \/><\/a><\/p>\n<p>(TU-22-M3 s hypersonick\u00fdmi Kind\u017e\u00e1ly)<\/p>\n<p>Po\u0159ad m\u016f\u017eete shl\u00e9dnout zde: <a class=\"urlextern\" title=\"https:\/\/youtu.be\/EhVSVlFCdnw\" href=\"https:\/\/youtu.be\/EhVSVlFCdnw\" rel=\"nofollow\">MAP 1051<\/a>.<\/p>\n<p><a href=\"http:\/\/michalapetr.cz\/doku.php\">ZDROJ<\/a><\/p>\n<p>&nbsp;<\/p>\n","protected":false},"excerpt":{"rendered":"<p>Litevsk\u00fd ministr obrany\u00a0po\u017eadoval p\u0159ed p\u00e1r dny v USA\u00a0proveden\u00ed preventivn\u00edch operac\u00ed proti Rusku, d\u0159\u00edve ne\u017e Putin&#8230;<\/p>\n","protected":false},"author":2,"featured_media":736,"comment_status":"closed","ping_status":"closed","sticky":false,"template":"","format":"standard","meta":[],"categories":[6],"tags":[41,29,102,40],"_links":{"self":[{"href":"https:\/\/www.infokuryr.cz\/n\/wp-json\/wp\/v2\/posts\/7046"}],"collection":[{"href":"https:\/\/www.infokuryr.cz\/n\/wp-json\/wp\/v2\/posts"}],"about":[{"href":"https:\/\/www.infokuryr.cz\/n\/wp-json\/wp\/v2\/types\/post"}],"author":[{"embeddable":true,"href":"https:\/\/www.infokuryr.cz\/n\/wp-json\/wp\/v2\/users\/2"}],"replies":[{"embeddable":true,"href":"https:\/\/www.infokuryr.cz\/n\/wp-json\/wp\/v2\/comments?post=7046"}],"version-history":[{"count":0,"href":"https:\/\/www.infokuryr.cz\/n\/wp-json\/wp\/v2\/posts\/7046\/revisions"}],"wp:featuredmedia":[{"embeddable":true,"href":"https:\/\/www.infokuryr.cz\/n\/wp-json\/wp\/v2\/media\/736"}],"wp:attachment":[{"href":"https:\/\/www.infokuryr.cz\/n\/wp-json\/wp\/v2\/media?parent=7046"}],"wp:term":[{"taxonomy":"category","embeddable":true,"href":"https:\/\/www.infokuryr.cz\/n\/wp-json\/wp\/v2\/categories?post=7046"},{"taxonomy":"post_tag","embeddable":true,"href":"https:\/\/www.infokuryr.cz\/n\/wp-json\/wp\/v2\/tags?post=7046"}],"curies":[{"name":"wp","href":"https:\/\/api.w.org\/{rel}","templated":true}]}}