{"id":70363,"date":"2025-01-17T05:54:07","date_gmt":"2025-01-17T04:54:07","guid":{"rendered":"https:\/\/www.infokuryr.cz\/n\/?p=70363"},"modified":"2025-01-17T05:54:07","modified_gmt":"2025-01-17T04:54:07","slug":"antony-blinken-nechal-ze-sve-uplne-posledni-tiskove-konference-pred-skoncenim-ve-funkci-odvlect-dva-novinare","status":"publish","type":"post","link":"https:\/\/www.infokuryr.cz\/n\/2025\/01\/17\/antony-blinken-nechal-ze-sve-uplne-posledni-tiskove-konference-pred-skoncenim-ve-funkci-odvlect-dva-novinare\/","title":{"rendered":"Antony Blinken nechal ze sv\u00e9 \u00fapln\u011b posledn\u00ed tiskov\u00e9 konference p\u0159ed skon\u010den\u00edm ve funkci odvl\u00e9ct dva novin\u00e1\u0159e!"},"content":{"rendered":"<div id=\"fb-root\"><\/div>\n<h4>Antony Blinken nechal ze sv\u00e9 \u00fapln\u011b posledn\u00ed tiskov\u00e9 konference p\u0159ed skon\u010den\u00edm ve funkci odvl\u00e9ct dva novin\u00e1\u0159e! Nejprve \u017eidovsk\u00e9ho novin\u00e1\u0159e, kter\u00fd Blinkena obvinil z genocidy Palestinc\u016f a z podpory sionismu a izraelsk\u00e9ho fa\u0161ismu! A n\u00e1sledn\u011b byl odvle\u010den i jord\u00e1nsko-palestinsk\u00fd novin\u00e1\u0159, kter\u00fd pokl\u00e1dal ot\u00e1zky okolo Gazy!<\/h4>\n<p>Kdy\u017e se hrout\u00ed re\u017eim a vl\u00e1dn\u00ed moc, poka\u017ed\u00e9 to vyvol\u00e1v\u00e1 obrovsk\u00e9 vlny, kter\u00e9 se sna\u017e\u00ed odch\u00e1zej\u00edc\u00ed garnitura\u00a0<em>mana\u017eovat<\/em>\u00a0a uml\u010dovat. Tot\u00e9\u017e se d\u00e1 v roce 2025 o\u010dek\u00e1vat v \u010cR od Fialovy junty, kter\u00e1 p\u0159ed volbami se bude sna\u017eit uml\u010dit co nejv\u00edce novin\u00e1\u0159\u016f a m\u00e9di\u00ed, kter\u00e1 nejsou na v\u00fdplatn\u00ed p\u00e1sce fialov\u00e9 kampeli\u010dky. V p\u0159\u00edm\u00e9m p\u0159enosu, jak to bude brzy vypadat i v \u010cR, to mohli vid\u011bt ve \u010dtvrtek ameri\u010dt\u00ed div\u00e1ci b\u011bhem v\u016fbec posledn\u00ed a z\u00e1v\u011bre\u010dn\u00e9 tiskov\u00e9 konference odch\u00e1zej\u00edc\u00edho americk\u00e9ho ministra zahrani\u010d\u00ed Antonyho Blinkena p\u0159ed koncem Bidenovy administrativy p\u0159\u00ed\u0161t\u00ed t\u00fdden v pond\u011bl\u00ed.<\/p>\n<p>&nbsp;<\/p>\n<div id=\"rumble_v67vvhy\">\n<div id=\"vid_v67vvhy\" class=\"rumble_v67vvhy-Rumble-cls\" tabindex=\"-1\">\n<div class=\"bigPlayUI ctp\"><div class='videoWrapper'>\r\n\t            <iframe src='https:\/\/rumble.com\/embed\/pj.v67vvhy\/' frameborder='0' allowfullscreen><\/iframe>\r\n\t        <\/div><\/p>\n<div class=\"bigPlayUIInner ctp\"><\/div>\n<\/div>\n<\/div>\n<\/div>\n<p>&nbsp;<\/p>\n<p>Na derni\u00e9\u0159e jeho \u00fa\u010dinkov\u00e1n\u00ed ve funkci do\u0161lo k medi\u00e1ln\u00edmu kolapsu, kdy\u00a0<strong>Blinken tla\u010d\u00edtkem na \u0159e\u010dnick\u00e9m pultu p\u0159ivolal ochranku a nechal z tiskovky odvl\u00e9ct hned dva novin\u00e1\u0159e, co\u017e v historii USA nem\u00e1 prakticky obdoby.<\/strong>\u00a0Prvn\u00ed odvle\u010den\u00ed novin\u00e1\u0159e se odehr\u00e1lo ve chv\u00edli, kdy se Max Blumenthal jako \u017eidovsk\u00fd aktivista a novin\u00e1\u0159 za\u010dal pt\u00e1t Blinkena na to, jestli je hrd\u00fd na to, \u017ee po 4 letech ve funkci za sebou zanech\u00e1v\u00e1 odkaz v podob\u011b genocidy Palestinc\u016f v Gaze, kde Izrael za pomoc\u00ed Blinkenov\u00fdch bomb povra\u017edil p\u0159es 40 000 lid\u00ed a k tomu je\u0161t\u011b nav\u00edc 300 novin\u00e1\u0159\u016f z cel\u00e9ho sv\u011bta. Podle Blumenthala se Blinken dopustil zni\u010den\u00ed judaismu, kdy\u017e ho nechal spojit se sionistick\u00fdm fa\u0161ismem Izraele.<\/p>\n<h6><span style=\"font-size: 18pt;\">Blinken volal ochranku kv\u016fli ot\u00e1zk\u00e1m na izraelsk\u00fd fa\u0161ismus a genocidu Palestinc\u016f<\/span><\/h6>\n<p>N\u00e1sledn\u011b se Blinkena zeptal, jestli nen\u00ed kompromitovan\u00fd Izraelem, a to vzhledem k tomu, \u017ee u\u017e jeho tch\u00e1n pracoval pro Izrael jako lobbista, a dokonce u\u017e i jeho d\u011bde\u010dek byl lobbistou pro Izrael. A Blumenthal pokra\u010doval, \u017ee Blinken pr\u00fd m\u00e1val p\u0159ed Netanjahuem b\u00edlou vlajkou a rovn\u011b\u017e p\u0159ed izraelsk\u00fdm fa\u0161ismem na znamen\u00ed americk\u00e9 kapitulace p\u0159ed izraelsk\u00fdm sionismem.<\/p>\n<p>A nakonec se ho zeptal, pro\u010d dovolil, aby do\u0161lo k nov\u00e9mu holokaustu na\u0161\u00ed doby, tedy k vyhlazov\u00e1n\u00ed palestinsk\u00e9ho n\u00e1roda? To u\u017e bylo na Blinkena moc a na jeho pokyn ji\u017e ochranka novin\u00e1\u0159e odvl\u00e9kala ze s\u00e1lu. Polo\u017een\u00e9 dotazy sed\u011bly jako pozad\u00ed na hrnec a byly z\u00e1sahy do \u010dern\u00e9ho a p\u0159\u00edmo na komoru.<\/p>\n<p><a href=\"https:\/\/aeronet.news\/wp-content\/uploads\/BlinkenLastPresser.jpg\"><img decoding=\"async\" loading=\"lazy\" class=\"wp-image-62359 aligncenter\" src=\"https:\/\/aeronet.news\/wp-content\/uploads\/BlinkenLastPresser.jpg\" sizes=\"(max-width: 1280px) 100vw, 1280px\" srcset=\"https:\/\/aeronet.news\/wp-content\/uploads\/BlinkenLastPresser.jpg 1280w, https:\/\/aeronet.news\/wp-content\/uploads\/BlinkenLastPresser-300x169.jpg 300w, https:\/\/aeronet.news\/wp-content\/uploads\/BlinkenLastPresser-768x432.jpg 768w, https:\/\/aeronet.news\/wp-content\/uploads\/BlinkenLastPresser-1024x576.jpg 1024w, https:\/\/aeronet.news\/wp-content\/uploads\/BlinkenLastPresser-700x394.jpg 700w, https:\/\/aeronet.news\/wp-content\/uploads\/BlinkenLastPresser-635x357.jpg 635w, https:\/\/aeronet.news\/wp-content\/uploads\/BlinkenLastPresser-859x483.jpg 859w\" alt=\"\" width=\"804\" height=\"452\" \/><\/a><\/p>\n<p>Znovu se ukazuje, \u017ee americk\u00e1 administrativa je prost\u011b loutkovou vl\u00e1dou izraelsk\u00e9ho sionismu a po n\u00e1stupu Donalda Trumpa dojde k absolutn\u00edmu pod\u0159\u00edzen\u00ed USA pod z\u00e1jmy Izraele.\u00a0<strong>Bidenova vl\u00e1da sice nakonec podlehla a nakonec Izraeli poskytla bomby v kv\u011btnu minul\u00e9ho roku na pokra\u010dov\u00e1n\u00ed v\u00e1lky a bombardov\u00e1n\u00ed Gazy o dal\u0161\u00edch 8 m\u011bs\u00edc\u016f<\/strong>, co\u017e Izrael po\u017eadoval kv\u016fli dokon\u010den\u00ed vyhlazen\u00ed Gazy.<\/p>\n<p>Jednalo se o to, \u017ee v kv\u011btnu minul\u00e9ho roku je\u0161t\u011b nebylo hotovo. Smlouva o ukon\u010den\u00ed boj\u016f sice byla na stole, ale na n\u00e1tlak Netanjahua nakonec Bidenova administrativa podlehla a dovolila Izraeli pokra\u010dovat v genocid\u011b Palestinc\u016f a USA dodaly Izraeli dal\u0161\u00edch a\u017e 200 000 leteck\u00fdch bomb, podle informac\u00ed izraelsk\u00e9ho tisku.<\/p>\n<h6><span style=\"font-size: 18pt;\">Ochranka na Blinken\u016fv pokyn odvlekla i druh\u00e9ho novin\u00e1\u0159e, kter\u00fd se ptal na p\u0159\u00edkazy Mezin\u00e1rodn\u00edho trestn\u00edho soudu na izraelsk\u00e9 p\u0159edstavitele kv\u016fli genocid\u011b Palestinc\u016f<\/span><\/h6>\n<p>A pr\u00e1v\u011b toho, pro\u010d USA povolily Izraeli pokra\u010dovat v Genocid\u011b, kdy\u017e u\u017e v kv\u011btnu 2024 byla na stole dohoda o p\u0159\u00edm\u011b\u0159\u00ed, se t\u00fdkala i ot\u00e1zka jord\u00e1nsko-palestinsk\u00e9ho novin\u00e1\u0159e Sama Hussein\u00edho, kter\u00fd se\u00a0<strong>Blinkena ptal na tento zlo\u010din,\u00a0pro\u010d USA d\u00e1l dod\u00e1valy Izraeli leteck\u00e9 bomby i po lo\u0148sk\u00e9m kv\u011btnu, a rovn\u011b\u017e se ho ptal na p\u0159\u00edkazy Mezin\u00e1rodn\u00edho trestn\u00edho soudu<\/strong>, kter\u00fdm byly vyd\u00e1ny zatyka\u010de na Benjamina Netanjahua a na ministra obrany Izraele Yoava Gallanta.<\/p>\n<p>Novin\u00e1\u0159 se do\u017eadoval odpov\u011bdi Blinkena, pro\u010d zru\u0161il platnost t\u011bchto p\u0159\u00edkaz\u016f v USA pro americk\u00e9 firmy. USA sice nejsou signat\u00e1\u0159em \u0158\u00edmsk\u00e9ho statusu a neuzn\u00e1vaj\u00ed Mezin\u00e1rodn\u00ed trestn\u00ed soud (ICJ), ale sou\u010d\u00e1st\u00ed p\u0159\u00edkaz\u016f je i rozkaz Mezin\u00e1rodn\u00ed obchodn\u00ed organizace (WTO), kter\u00fdm se zakazuj\u00ed v\u0161em firm\u00e1m \u010dlensk\u00fdch zem\u00ed WTO, tedy i USA, dod\u00e1vky zbran\u00ed Izraeli. A pr\u00e1v\u011b Blinkenovo ministerstvo tento p\u0159\u00edkaz zru\u0161ilo, \u017ee se nevztahuje na americk\u00e9 zbrojn\u00ed firmy.<\/p>\n<p>&nbsp;<\/p>\n<div id=\"rumble_v67w9am\">\n<div id=\"vid_v67w9am\" class=\"rumble_v67w9am-Rumble-cls\" tabindex=\"-1\">\n<div class=\"bigPlayUI ctp\"><div class='videoWrapper'>\r\n\t            <iframe src='https:\/\/rumble.com\/embed\/pj.v67w9am\/' frameborder='0' allowfullscreen><\/iframe>\r\n\t        <\/div><\/p>\n<div class=\"bigPlayUIInner ctp\"><\/div>\n<\/div>\n<\/div>\n<\/div>\n<p>&nbsp;<\/p>\n<p>Ani v p\u0159\u00edpad\u011b Sama Hussein\u00edho to nem\u011blo dlouh\u00e9 trv\u00e1n\u00ed a novin\u00e1\u0159 byl ze s\u00e1lu odvle\u010den stejn\u011b jako p\u0159edt\u00edm \u017eidovsk\u00fd novin\u00e1\u0159 Max Blumenthal. Prost\u011b posledn\u00ed tiskovka Antonyho Blinkena se nepovedla a byla zar\u00e1mov\u00e1na odvl\u00edk\u00e1n\u00edm novin\u00e1\u0159\u016f pokl\u00e1daj\u00edc\u00edch relevantn\u00ed, i kdy\u017e velmi nep\u0159\u00edjemn\u00e9 ot\u00e1zky na podporu izraelsk\u00e9ho fa\u0161ismu a sionismu.<\/p>\n<p>Znovu je t\u0159eba si v\u0161\u00edmat toho, jak v USA je st\u00e1le patrn\u00e9, \u017ee novin\u00e1\u0159i si uv\u011bdomuj\u00ed, \u017ee americk\u00e1 administrativa je pln\u011b ovl\u00e1d\u00e1na sionistick\u00fdm Izraelem a to m\u00e1v\u00e1n\u00ed b\u00edlou vlajkou na znamen\u00e1 kapitulace USA p\u0159ed po\u017eadavky Netanyahua na pokra\u010dov\u00e1n\u00ed vyhlazov\u00e1n\u00ed Gazy v kv\u011btnu minul\u00e9ho roku prost\u011b potvrzuje, \u017ee Bidenova administrativa opravdu kapitulovala a nakonec podlehla a p\u0159istoupila na dikt\u00e1t krvav\u00e9ho Bibiho. D\u016fvodem byly prezidentsk\u00e9 volby v USA a obrovsk\u00fd kapit\u00e1l, kter\u00fdm do voleb p\u0159isp\u00edvaj\u00ed sionistick\u00e9 organizace v USA a rovn\u011b\u017e vojensko-pr\u016fmyslov\u00fd komplex.<\/p>\n<h6><span style=\"font-size: 18pt;\">Novin\u00e1\u0159 se u\u017e nestihl zeptat na Hannibalovu doktr\u00ednu Izraele a bombardov\u00e1n\u00ed izraelsk\u00fdch civilist\u016f<\/span><\/h6>\n<p>Sionistick\u00e1 korouhev nad B\u00edl\u00fdm domem a nad jednotliv\u00fdmi americk\u00fdmi ministerstvy je pevn\u011b ukotven\u00e1 a jej\u00ed odstran\u011bn\u00ed je v nedohlednu, proto\u017ee Trumpova podpora Izraeli je uk\u00e1zkov\u00e1 a prvopl\u00e1nov\u00e1, ten se nebude v ni\u010dem rozm\u00fd\u0161let a bude plnit ve\u0161ker\u00e1 p\u0159\u00e1n\u00ed Izraele, kter\u00e1 p\u0159ijdou na st\u016fl.\u00a0<strong>Novin\u00e1\u0159 Hussein\u00ed po incidentu napsal na X, \u017ee je v po\u0159\u00e1dku, ale pl\u00e1noval polo\u017eit n\u011bkolik r\u016fzn\u00fdch ot\u00e1zek, mimo jin\u00e9 o aplikaci \u017denevsk\u00e9 konvence na Gazu a izraelsk\u00e9\u00a0<em>Hannibalov\u011b sm\u011brnici<\/em>.<\/strong>\u00a0K tomu v\u0161ak nedostal p\u0159\u00edle\u017eitost a cel\u00fd incident bohu\u017eel vystihuje p\u0159\u00edstup Bidenovy administrativy k Izraeli a Gaze, zejm\u00e9na v odpov\u011bd\u00edch na ot\u00e1zky tisku.<\/p>\n<div class=\"twitter-tweet twitter-tweet-rendered\"><a href=\"https:\/\/x.com\/samhusseini\/status\/1879965111835562218?ref_src=twsrc%5Etfw%7Ctwcamp%5Etweetembed%7Ctwterm%5E1879965111835562218%7Ctwgr%5Ef29ff041b79d54d79fc1640419ce70b2ad41b8e3%7Ctwcon%5Es1_&amp;ref_url=https%3A%2F%2Faeronet.news%2Fantony-blinken-nechal-ze-sve-uplne-posledni-tiskove-konference-pred-skoncenim-ve-funkci-odvlect-dva-novinare-nejprve-zidovskeho-novinare-ktery-blinkena-obvinil-z-genocidy-palestincu%2F\"><img decoding=\"async\" loading=\"lazy\" class=\"wp-image-70362 aligncenter\" src=\"http:\/\/www.infokuryr.cz\/n\/wp-content\/uploads\/2025\/01\/vid2-207x300.jpg\" alt=\"\" width=\"455\" height=\"659\" srcset=\"https:\/\/www.infokuryr.cz\/n\/wp-content\/uploads\/2025\/01\/vid2-207x300.jpg 207w, https:\/\/www.infokuryr.cz\/n\/wp-content\/uploads\/2025\/01\/vid2.jpg 540w\" sizes=\"(max-width: 455px) 100vw, 455px\" \/><\/a><\/div>\n<p>Izraelsk\u00e1 arm\u00e1da b\u011bhem \u00fatok\u016f na Izrael veden\u00fdch Ham\u00e1sem 7. \u0159\u00edjna 2023 skute\u010dn\u011b pou\u017eila takzvanou\u00a0<em>Hannibalovu sm\u011brnici<\/em>, kter\u00e1 arm\u00e1d\u011b umo\u017e\u0148uje pou\u017e\u00edt ve\u0161kerou nezbytnou s\u00edlu, aby zabr\u00e1nila zajet\u00ed voj\u00e1k\u016f, co\u017e m\u011blo za n\u00e1sledek ztr\u00e1ty na \u017eivotech izraelsk\u00fdch civilist\u016f i voj\u00e1k\u016f, zjistilo vy\u0161et\u0159ov\u00e1n\u00ed izraelsk\u00e9ho listu Haaretz.<\/p>\n<p>Doktr\u00edna umo\u017e\u0148uje prov\u00e1d\u011bt tzv.\u00a0<em>indiskrimina\u010dn\u00ed<\/em>\u00a0\u00fadery bez rozli\u0161ov\u00e1n\u00ed c\u00edl\u016f\u00a0<em>friend\/foe<\/em>\u00a0a povoluje tak bombardovat a zab\u00edjet i izraelsk\u00e9 ob\u010dany, civilisty i voj\u00e1ky IDF, pokud jsou v oblasti \u00fader\u016f proti Palestinc\u016fm a hroz\u00ed jim zajet\u00ed palestinsk\u00fdmi bojovn\u00edky. Po v\u00edce ne\u017e rok, po \u00fatoc\u00edch ze 7. \u0159\u00edjna 2023, B\u00edl\u00fd d\u016fm a ministerstvo zahrani\u010d\u00ed opakovan\u011b maskovaly brut\u00e1ln\u00ed akce Izraele v Gaze, ignorovaly a kryly mo\u017en\u00e9 v\u00e1le\u010dn\u00e9 zlo\u010diny, p\u0159i\u010dem\u017e dokonce lhaly Kongresu.<\/p>\n<h6><span style=\"font-size: 18pt;\">Trumpova vl\u00e1da bude vl\u00e1dou pro-izraelskou se v\u0161\u00edm v\u0161udy<\/span><\/h6>\n<p>Alternativn\u00ed zp\u016fsoby jedn\u00e1n\u00ed byly odm\u00edtnuty a term\u00edny sd\u011blen\u00e9 ve\u0159ejnosti byly ignorov\u00e1ny. Dokonce i kdy\u017e m\u011bla viceprezidentka Kamala Harrisov\u00e1 mo\u017enost, odm\u00edtla poru\u0161it politiku B\u00edl\u00e9ho domu p\u0159i kandidatu\u0159e na prezidentku, co\u017e ji mo\u017en\u00e1 st\u00e1lo volby v roce 2024. Koneckonc\u016f izraelsk\u00e1 v\u00e1lka, poh\u00e1n\u011bn\u00e1 americk\u00fdmi zbran\u011bmi a ochra\u0148ovan\u00e1 americkou diplomaci\u00ed, ofici\u00e1ln\u011b zabila v\u00edce ne\u017e 46 000 palestinsk\u00fdch civilist\u016f.<\/p>\n<p>A to je podle analytik\u016f a lidskopr\u00e1vn\u00edch skupin pravd\u011bpodobn\u011b zna\u010dn\u011b podhodnocen\u00fd po\u010det.\u00a0<strong>\u010ctvrte\u010dn\u00ed tiskov\u00e1 konference p\u0159ipomn\u011bla, \u017ee Spojen\u00e9 st\u00e1ty pod veden\u00edm Joea Bidena odm\u00edtaj\u00ed uznat svou roli v konfliktu nebo se postavit jak\u00e9koli kontrole.<\/strong>\u00a0A a\u017e Donald Trump v pond\u011bl\u00ed slo\u017e\u00ed p\u0159\u00edsahu v B\u00edl\u00e9m dom\u011b, pravd\u011bpodobn\u011b se to nejen nezm\u011bn\u00ed, ale naopak se podpora Izraeli prohloub\u00ed.<\/p>\n<figure id=\"attachment_61751\" class=\"wp-caption aligncenter\" style=\"width: 688px;\"><a href=\"https:\/\/aeronet.news\/wp-content\/uploads\/Netanyahu_Gallant_FeatHD.jpg\"><img decoding=\"async\" loading=\"lazy\" class=\"wp-image-61751 \" src=\"https:\/\/aeronet.news\/wp-content\/uploads\/Netanyahu_Gallant_FeatHD-1024x576.jpg\" sizes=\"(max-width: 700px) 100vw, 700px\" srcset=\"https:\/\/aeronet.news\/wp-content\/uploads\/Netanyahu_Gallant_FeatHD-1024x576.jpg 1024w, https:\/\/aeronet.news\/wp-content\/uploads\/Netanyahu_Gallant_FeatHD-300x169.jpg 300w, https:\/\/aeronet.news\/wp-content\/uploads\/Netanyahu_Gallant_FeatHD-768x432.jpg 768w, https:\/\/aeronet.news\/wp-content\/uploads\/Netanyahu_Gallant_FeatHD-700x394.jpg 700w, https:\/\/aeronet.news\/wp-content\/uploads\/Netanyahu_Gallant_FeatHD-635x357.jpg 635w, https:\/\/aeronet.news\/wp-content\/uploads\/Netanyahu_Gallant_FeatHD-859x483.jpg 859w, https:\/\/aeronet.news\/wp-content\/uploads\/Netanyahu_Gallant_FeatHD.jpg 1280w\" alt=\"\" width=\"688\" height=\"387\" \/><\/a><figcaption class=\"wp-caption-text\">Benjamin Netanyahu a Yoav Gallant<\/figcaption><\/figure>\n<p>Mezit\u00edm v USA doch\u00e1z\u00ed k masivn\u00edmu skupov\u00e1n\u00ed zbran\u00ed v obchodech, a to p\u0159edev\u0161\u00edm kv\u016fli obav\u00e1m z Trumpovy administrativy, kter\u00e1 chce deportovat z USA stovky tis\u00edc migrant\u016f, proti \u010demu\u017e cht\u011bj\u00ed n\u011bkter\u00e9 st\u00e1ty USA odporovat nasazen\u00edm jednotek N\u00e1rodn\u00ed gardy pod velen\u00edm jednotliv\u00fdch st\u00e1tn\u00edch guvern\u00e9r\u016f. Trumpovo chov\u00e1n\u00ed p\u0159itom st\u00e1le v\u00edce p\u0159ipom\u00edn\u00e1 chov\u00e1n\u00ed mafi\u00e1na, kter\u00fd chce vyd\u00edrat nejen sv\u00e9 nep\u0159\u00e1tele, ale p\u0159edev\u0161\u00edm spojence. Vyhro\u017euje Kanad\u011b, Panam\u011b, D\u00e1nsku a cel\u00e9 EU zaveden\u00edm celn\u00edch tarif\u016f, pokud mu nevyjdou vst\u0159\u00edc a n\u011bco mu neposkytnou.<\/p>\n<h6><span style=\"font-size: 18pt;\">Trump ne jako 47. prezident, ale jako 1. mafi\u00e1nsk\u00fd prezident USA?<\/span><\/h6>\n<p>A\u0165 u\u017e jde o \u00fazem\u00ed, kter\u00e9 chce Trump p\u0159ipojit k USA, anebo o dod\u00e1vky ropy a plynu, kter\u00e9 chce Trump z pozice monopolu prod\u00e1vat Evropsk\u00e9 unii po zni\u010den\u00ed nebo zablokov\u00e1n\u00ed v\u0161ech trubek z Ruska, anebo po\u017eadavky na zem\u011b NATO, aby zv\u00fd\u0161ily v\u00fddaje na zbrojen\u00ed ze 2% na 5% HDP a n\u00e1sledn\u011b za tyto v\u00fddaje nakupovaly od Trumpa americk\u00e9 zbran\u011b z americk\u00fdch zbrojovek.\u00a0<strong>Mezi dobr\u00fdm obchodn\u00edkem a mafi\u00e1nem je velmi tenk\u00e1 linie, kter\u00e1 postupn\u011b u Trumpa \u00fapln\u011b miz\u00ed a rozpl\u00fdv\u00e1 se do ztracena.<\/strong>\u00a0Evropsk\u00e1 unie je v ekonomick\u00e9m propadu a pokud by 27 zem\u00ed EU m\u011blo zv\u00fd\u0161it v\u00fddaje na obranu na 5% HDP, mnoho zem\u00ed EU by to prost\u011b polo\u017eilo.<\/p>\n<figure id=\"attachment_57523\" class=\"wp-caption aligncenter\" style=\"width: 696px;\"><a href=\"https:\/\/aeronet.news\/wp-content\/uploads\/TrumpNetanyahuGolanAnnex.jpg\"><img decoding=\"async\" loading=\"lazy\" class=\"wp-image-57523 \" src=\"https:\/\/aeronet.news\/wp-content\/uploads\/TrumpNetanyahuGolanAnnex-1024x683.jpg\" sizes=\"(max-width: 700px) 100vw, 700px\" srcset=\"https:\/\/aeronet.news\/wp-content\/uploads\/TrumpNetanyahuGolanAnnex-1024x683.jpg 1024w, https:\/\/aeronet.news\/wp-content\/uploads\/TrumpNetanyahuGolanAnnex-300x200.jpg 300w, https:\/\/aeronet.news\/wp-content\/uploads\/TrumpNetanyahuGolanAnnex-768x512.jpg 768w, https:\/\/aeronet.news\/wp-content\/uploads\/TrumpNetanyahuGolanAnnex-700x467.jpg 700w, https:\/\/aeronet.news\/wp-content\/uploads\/TrumpNetanyahuGolanAnnex-535x357.jpg 535w, https:\/\/aeronet.news\/wp-content\/uploads\/TrumpNetanyahuGolanAnnex-724x483.jpg 724w, https:\/\/aeronet.news\/wp-content\/uploads\/TrumpNetanyahuGolanAnnex.jpg 1280w\" alt=\"\" width=\"696\" height=\"464\" \/><\/a><figcaption class=\"wp-caption-text\">Trump\u016fv dekret z roku 2020 uzn\u00e1vaj\u00edc\u00ed Golansk\u00e9 v\u00fd\u0161iny jako uznanou anektovanou sou\u010d\u00e1st st\u00e1tu Izrael<\/figcaption><\/figure>\n<p>Nap\u0159. \u010cR odv\u00e1d\u00ed horko t\u011b\u017eko 2% HDP na zbrojen\u00ed ve v\u00fd\u0161i 160 miliard korun, p\u0159i\u010dem\u017e v\u00fd\u0161en\u00ed na 5% HDP by \u010dinilo 420 miliard ro\u010dn\u011b.\u00a0<strong>Vl\u00e1da \u010cR by musela n\u011bkde naj\u00edt 260 miliard K\u010d<\/strong>\u00a0nav\u00edc\u00a0<strong>[<a href=\"https:\/\/href.li\/?http:\/\/www.lukaskovanda.cz\/cesko-si-musi-pripravit-260-miliard-rocne-navic\/\" target=\"_blank\" rel=\"nofollow noopener\">1<\/a>]<\/strong>, a to by p\u0159i sou\u010dasn\u00e9m deficitu bylo mo\u017en\u00e9 jen zv\u00fd\u0161en\u00edm bu\u010f nep\u0159\u00edm\u00fdch dan\u00ed, nap\u0159. DPH na 25 a\u017e 28%, anebo zv\u00fd\u0161en\u00edm p\u0159\u00edm\u00fdch dan\u00ed, \u010demu\u017e se vl\u00e1dy, a\u0165 u\u017e ta Fialova nebo ta po volb\u00e1ch, budou cht\u00edt vyhnout kv\u016fli obecn\u00e9 nepopularit\u011b s takov\u00fdm krokem. Sou\u010dasn\u011b je t\u0159eba k tomu p\u0159ipo\u010d\u00edtat inflaci v \u010cR, kter\u00e1 by po zv\u00fd\u0161en\u00ed DPH dramaticky narostla v d\u016fsledku tzv. ta\u017een\u00e9 inflace zv\u00fd\u0161en\u00edm DPH. Trump\u016fv\u00a0<em>mafi\u00e1nismus<\/em>\u00a0se tak m\u016f\u017ee ji\u017e brzy projevit na pen\u011b\u017eenk\u00e1ch v\u00edce ne\u017e 400 milion\u016f obyvatel prostoru Evropsk\u00e9 unie.<\/p>\n<p><a href=\"https:\/\/aeronet.news\/antony-blinken-nechal-ze-sve-uplne-posledni-tiskove-konference-pred-skoncenim-ve-funkci-odvlect-dva-novinare-nejprve-zidovskeho-novinare-ktery-blinkena-obvinil-z-genocidy-palestincu\/\">-VK-<\/a><\/p>\n<p>&nbsp;<\/p>\n","protected":false},"excerpt":{"rendered":"<p>Antony Blinken nechal ze sv\u00e9 \u00fapln\u011b posledn\u00ed tiskov\u00e9 konference p\u0159ed skon\u010den\u00edm ve funkci odvl\u00e9ct dva&#8230;<\/p>\n","protected":false},"author":2,"featured_media":70364,"comment_status":"closed","ping_status":"closed","sticky":false,"template":"","format":"standard","meta":[],"categories":[6],"tags":[1042,412,169,8455,1370],"_links":{"self":[{"href":"https:\/\/www.infokuryr.cz\/n\/wp-json\/wp\/v2\/posts\/70363"}],"collection":[{"href":"https:\/\/www.infokuryr.cz\/n\/wp-json\/wp\/v2\/posts"}],"about":[{"href":"https:\/\/www.infokuryr.cz\/n\/wp-json\/wp\/v2\/types\/post"}],"author":[{"embeddable":true,"href":"https:\/\/www.infokuryr.cz\/n\/wp-json\/wp\/v2\/users\/2"}],"replies":[{"embeddable":true,"href":"https:\/\/www.infokuryr.cz\/n\/wp-json\/wp\/v2\/comments?post=70363"}],"version-history":[{"count":1,"href":"https:\/\/www.infokuryr.cz\/n\/wp-json\/wp\/v2\/posts\/70363\/revisions"}],"predecessor-version":[{"id":70365,"href":"https:\/\/www.infokuryr.cz\/n\/wp-json\/wp\/v2\/posts\/70363\/revisions\/70365"}],"wp:featuredmedia":[{"embeddable":true,"href":"https:\/\/www.infokuryr.cz\/n\/wp-json\/wp\/v2\/media\/70364"}],"wp:attachment":[{"href":"https:\/\/www.infokuryr.cz\/n\/wp-json\/wp\/v2\/media?parent=70363"}],"wp:term":[{"taxonomy":"category","embeddable":true,"href":"https:\/\/www.infokuryr.cz\/n\/wp-json\/wp\/v2\/categories?post=70363"},{"taxonomy":"post_tag","embeddable":true,"href":"https:\/\/www.infokuryr.cz\/n\/wp-json\/wp\/v2\/tags?post=70363"}],"curies":[{"name":"wp","href":"https:\/\/api.w.org\/{rel}","templated":true}]}}