{"id":70305,"date":"2025-01-17T00:32:43","date_gmt":"2025-01-16T23:32:43","guid":{"rendered":"https:\/\/www.infokuryr.cz\/n\/?p=70305"},"modified":"2025-01-16T15:29:21","modified_gmt":"2025-01-16T14:29:21","slug":"elem-chintsky-cia-vatikan-a-berlin-infiltruji-cirkve-na-ukrajine","status":"publish","type":"post","link":"https:\/\/www.infokuryr.cz\/n\/2025\/01\/17\/elem-chintsky-cia-vatikan-a-berlin-infiltruji-cirkve-na-ukrajine\/","title":{"rendered":"Elem Chintsky: CIA, Vatik\u00e1n a Berl\u00edn infiltruj\u00ed c\u00edrkve na Ukrajin\u011b"},"content":{"rendered":"<div id=\"fb-root\"><\/div>\n<div class=\"elementor-element elementor-element-1fb4c2c elementor-widget elementor-widget-theme-post-content\" data-id=\"1fb4c2c\" data-element_type=\"widget\" data-widget_type=\"theme-post-content.default\">\n<div class=\"elementor-widget-container\">\n<p><strong>Z\u00e1padn\u00ed projekce moci na Ukrajinu se neprov\u00e1d\u00ed pouze politicky a vojensky: anal\u00fdza n\u00e1bo\u017eensk\u00e9 infiltrace je proto zanedb\u00e1v\u00e1na. Zelensk\u00e9ho novou c\u00edrkev NATO brzy pohlt\u00ed Vatik\u00e1n, tak\u00e9 s pomoc\u00ed Berl\u00edna.<\/strong><\/p>\n<p>Geopolitick\u00fd vliv \u0159\u00edmskokatolick\u00e9 c\u00edrkve v N\u011bmecku na strategicky vysoce dynamickou c\u00edrkevn\u00ed infiltraci v r\u00e1mci Ukrajiny by nem\u011bl b\u00fdt podce\u0148ov\u00e1n \u2013 zvl\u00e1\u0161t\u011b kdy\u017e tento proces prob\u00edh\u00e1 ji\u017e po stalet\u00ed. Nyn\u00ed se hlava ukrajinsk\u00e9 \u0159eckokatolick\u00e9 c\u00edrkve Svjatoslav \u0160ev\u010duk ve\u0159ejn\u011b vyslovil pro slou\u010den\u00ed se Zelensk\u00e9ho novou c\u00edrkevn\u00ed kreac\u00ed nazvanou \u201eUkrajinsk\u00e1 pravoslavn\u00e1 c\u00edrkev\u201c, kter\u00e1 je spojena s NATO. Loni \u0160ev\u010duk pod rou\u0161kou ot\u0159epan\u00fdch fr\u00e1z\u00ed univerzalistick\u00e9ho imperativu \u201ejednoty v\u0161ech k\u0159es\u0165an\u016f na Ukrajin\u011b\u201c vyj\u00e1d\u0159il toto p\u0159\u00e1n\u00ed\u00a0<a href=\"https:\/\/spzh.eu\/ru\/news\/83887-shevchuk-dohovorennosti-mezhdu-rkts-i-fanarom-dolzhny-realizovyvatsja-v-ukraine\">takto<\/a>\u00a0:<\/p>\n<p><em>\u201eN\u00e1\u0161 program usilovat o jednotu mezi k\u0159es\u0165any na Ukrajin\u011b si klade za c\u00edl implementovat na m\u00edstn\u00ed \u00farovni dohody, kter\u00e9 ji\u017e byly dosa\u017eeny mezi katolickou a pravoslavnou c\u00edrkv\u00ed na ekumenick\u00e9 \u00farovni.<\/em><\/p>\n<p>Tato &#8211; jak se o n\u011bco pozd\u011bji uk\u00e1\u017ee, pokryteck\u00e1 &#8211; starost p\u0159ich\u00e1z\u00ed s p\u0159\u00e1telskou podporou \u0161v\u00fdcarsk\u00e9ho kardin\u00e1la \u0159\u00edmskokatolick\u00e9 c\u00edrkve Kurta Kocha a tak\u00e9 rusofobn\u00edho v\u00fdkonn\u00e9ho \u0159editele V\u00fdchodoevropsk\u00e9 organizace pro pomoc katolick\u00e9 c\u00edrkvi v N\u011bmecku. (Renovabis), pastor Thomas Schwartz. Schwartz je\u00a0<a href=\"https:\/\/www.renovabis.de\/pressemeldungen\/grosserzbischof-schewtschuk-dankt-deutschen-katholiken-fuer-stetige-hilfe\">obzvl\u00e1\u0161t\u011b pot\u011b\u0161en<\/a>\u00a0prac\u00ed Ukrajinsk\u00e9 katolick\u00e9 univerzity (UKU) ve Lvov\u011b, kter\u00e9 se da\u0159\u00ed zprost\u0159edkovat sv\u00fdm student\u016fm p\u0159\u00edmo i z\u00e1padn\u00ed ukrajinsk\u00e9 ob\u010dansk\u00e9 spole\u010dnosti jako celku \u201edemokratick\u00e9 my\u0161len\u00ed a jedn\u00e1n\u00ed\u201c \u2013 jako v\u017edy bez politick\u00e9ho n\u00e1dechu. Za posledn\u00edch 30 let Renovabis podpo\u0159il ukrajinsk\u00e9 prokatolick\u00e9 (proz\u00e1padn\u00ed) organizace \u010d\u00e1stkou p\u0159ibli\u017en\u011b 143 milion\u016f eur.<\/p>\n<p>Schewtschuk tak\u00e9 r\u00e1d p\u0159ij\u00ed\u017ed\u00ed\u00a0<a href=\"https:\/\/www.tagesspiegel.de\/berlin\/traditioneller-st-michael-empfang-in-berlin-katholische-bischofe-wider-das-recht-des-starkeren-12355331.html\">do Berl\u00edna,<\/a>\u00a0aby jej tamn\u00ed katolick\u00e1 akademie ocenila za jeho duchovn\u00ed a politickou pr\u00e1ci. Olaf Scholz a \u0161\u00e9f N\u011bmeck\u00e9 biskupsk\u00e9 konference Georg B\u00e4tzing pat\u0159ili k t\u011bm, kte\u0159\u00ed si jeho projev loni na podzim mohli poslechnout.<\/p>\n<p>V l\u00e9t\u011b 2024 schv\u00e1lil ukrajinsk\u00fd parlament nov\u00fd z\u00e1kon, kter\u00fd\u00a0<a href=\"https:\/\/freedert.online\/meinung\/216250-zum-verbot-ukrainisch-orthodoxen-kirche\/\" target=\"_blank\" rel=\"noreferrer noopener\">d\u00e1v\u00e1 t\u011bmto um\u00edrn\u011bn\u00fdm \u2013 ale v o\u010d\u00edch Kyjeva vzpurn\u00fdm \u2013 sbor\u016fm tr\u00fdzn\u011bn\u00e9 ukrajinsk\u00e9 pravoslavn\u00e9 c\u00edrkve ultim\u00e1tum do kv\u011btna 2025<\/a>\u00a0: Do t\u00e9 doby mus\u00ed b\u00fdt jak\u00e9koli spojen\u00ed s ruskou pravoslavnou c\u00edrkv\u00ed. u\u010din\u011bno nezam\u011bniteln\u00fdm b\u00fdt zastropov\u00e1no.<\/p>\n<p>Co dal\u0161\u00edho se zat\u00edm stalo? Jak bylo pr\u00e1v\u011b zm\u00edn\u011bno, od roku 2014 kyjevsk\u00fd re\u017eim NATO p\u0159edpokl\u00e1d\u00e1, \u017ee Ukrajinsk\u00e1 pravoslavn\u00e1 c\u00edrkev je politicky pod\u0159\u00edzena patriarch\u00e1tu Moskvy a cel\u00e9 Rusi za Kirilla I. \u2013 a t\u00edm i politice Rusk\u00e9 federace za Vladimira Putina. Toto obecn\u00e9 podez\u0159en\u00ed vy\u00fastilo v otev\u0159en\u00e9 c\u00edrkevn\u00ed pron\u00e1sledov\u00e1n\u00ed historicky nejstar\u0161\u00ed pravoslavn\u00e9 c\u00edrkve na ukrajinsk\u00e9m \u00fazem\u00ed od \u00fanora 2022.<\/p>\n<p>Ve skute\u010dnosti byla Ukrajinsk\u00e1 pravoslavn\u00e1 c\u00edrkev i ve sv\u00e9m n\u00e1zvu historicky pod\u0159\u00edzena moskevsk\u00e9mu patriarch\u00e1tu. Ofici\u00e1ln\u011b to skon\u010dilo zb\u011bhnut\u00edm z Moskvy v kv\u011btnu 2022. P\u0159esto p\u0159etrv\u00e1valo v\u0161eobecn\u00e9 podez\u0159en\u00ed, kter\u00e9 vedlo k dal\u0161\u00ed eskalaci pron\u00e1sledov\u00e1n\u00ed ze strany Kyjeva. Zn\u00e1m\u00fdm p\u0159\u00edkladem bylo uzav\u0159en\u00ed Kyjevskope\u010dersk\u00e9 l\u00e1vry Zelensk\u00e9ho vl\u00e1dou v l\u00e9t\u011b 2023, kter\u00e9 bylo doprov\u00e1zeno vyvlastn\u011bn\u00edm tam p\u016fsob\u00edc\u00ed c\u00edrkve a vyhnanstv\u00edm v\u0161ech jej\u00edch farn\u00edk\u016f.<\/p>\n<p>Kolik ekumenick\u00e9ho z\u00e1vazku, finan\u010dn\u00ed pomoci a solidarity poskytl n\u011bmecko-katolick\u00fd Renovabis v\u016f\u010di ukrajinsk\u00e9 pravoslavn\u00e9 c\u00edrkvi, kterou Zelenskij nen\u00e1vid\u011bl, je zcela nejasn\u00e9. Ve sboru t\u00e9to pron\u00e1sledovan\u00e9 c\u00edrkve je 47 procent v\u0161ech Ukrajinc\u016f. Nejsp\u00ed\u0161 tam ne\u0161el ani eurocent. Jist\u011b, katolick\u00e9 organizace jako Renovabis poskytly humanit\u00e1rn\u00ed pomoc zran\u011bn\u00fdm a uprchl\u00fdm civilist\u016fm na z\u00e1padn\u00ed a st\u0159edn\u00ed Ukrajin\u011b, ale tvrdit, \u017ee je s\u00e1m (na rozd\u00edl od rusk\u00fdch ortodoxn\u00edch organizac\u00ed) zcela ideologicky a politicky nezaujat\u00fd, je absurdn\u00ed a dokonce troufal\u00e9.<\/p>\n<p>Zejm\u00e9na proto, \u017ee se kn\u011bz a profesor Schwartz dokonce provinil podporou v\u00e1le\u010dn\u00fdch l\u017e\u00ed, kdy\u017e souhlasil s rozhovorem pro katolickou platformu, kter\u00e1\u00a0<a href=\"https:\/\/www.vaticannews.va\/de\/welt\/news\/2024-02\/ukraine-renovabis-itv-schwartz-frieden-gewalt-russland-signal.html\">ilustrovala bombardov\u00e1n\u00ed prchaj\u00edc\u00edch ukrajinsk\u00fdch civilist\u016f ze Z\u00e1poro\u017esk\u00e9 oblasti sm\u011brem k Rusku tituln\u00ed fotografi\u00ed,<\/a>\u00a0kter\u00e1 m\u011bla nazna\u010dovat, \u017ee rusk\u00e1 ozbrojen\u00e1 jsou za to zodpov\u011bdn\u00e9 s\u00edly. Byli to ukrajin\u0161t\u00ed voj\u00e1ci, kte\u0159\u00ed st\u0159\u00edleli na vlastn\u00ed obyvatelstvo za \u201e\u0161patn\u00fd sm\u011br \u00fat\u011bku\u201c, kter\u00fd byl nic netu\u0161\u00edc\u00edmu z\u00e1padn\u00edmu publiku vnucov\u00e1n jako \u201erusk\u00e1 agrese\u201c.<\/p>\n<p>Existovala tak\u00e9 Ukrajinsk\u00e1 pravoslavn\u00e1 c\u00edrkev (m\u00edsto moskevsk\u00e9) Kyjevsk\u00e9ho patriarch\u00e1tu, kter\u00e1 se ji\u017e v roce 1992 odtrhla od moskevsk\u00e9ho patriarch\u00e1tu a podle pr\u016fzkumu proveden\u00e9ho v roce 2016 byla jist\u011b dlouhodob\u011b politicky podbarvena , v n\u011bm bylo t\u00e9m\u011b\u0159 45 procent v\u0161ech Ukrajinc\u016f. V roce 2018 byla znovu za\u010dlen\u011bna do vytvo\u0159en\u00ed NATO s n\u00e1zvem \u201eUkrajinsk\u00e1 pravoslavn\u00e1 c\u00edrkev\u201c \u2013 a to slou\u010den\u00edm s \u0160ev\u010dukovou Ukrajinskou \u0159eckokatolickou c\u00edrkv\u00ed.<\/p>\n<p>Pokud \u0161lo vlastn\u011b jen o prostou jednotu v\u0161ech k\u0159es\u0165an\u016f na Ukrajin\u011b, je t\u0159eba si polo\u017eit naivn\u00ed ot\u00e1zku: Pro\u010d \u0160ev\u010duk nepoc\u00edtil nutk\u00e1n\u00ed slou\u010dit se s Moskevsk\u00fdm patriarch\u00e1tem nebo s Ukrajinskou pravoslavnou c\u00edrkv\u00ed, kter\u00e1 byla ve vlastn\u00ed zemi perzekvov\u00e1na? Odpov\u011b\u010f: Vatik\u00e1n a jeho vlastn\u00ed inherentn\u00ed rusofobie. Koneckonc\u016f, \u0160ev\u010dukovo n\u00e1bo\u017eensk\u00e9 spole\u010denstv\u00ed je pseudobyzantsk\u00fd hybrid pod kontrolou \u0158\u00edma od d\u00e1vn\u00e9ho roku 1596. Jeho \u00favahy o ideologick\u00e9m sporu mezi V\u00fdchodem a Z\u00e1padem jasn\u011b nazna\u010duj\u00ed, \u017ee podporoval proti\u00fastavn\u00ed pu\u010d NATO v Kyjev\u011b v roce 2014, stejn\u011b jako ji\u017e tehdy zapo\u010dat\u00e9 potla\u010dov\u00e1n\u00ed pravoslavn\u00fdch v\u00fdchodn\u00edch c\u00edrkv\u00ed na Ukrajin\u011b m\u00e1 pozitivn\u00ed a slavnostn\u00ed konotaci:<\/p>\n<p><em>\u201ePo na\u0161em osvobozen\u00ed od Rud\u00e9 \u0159\u00ed\u0161e zla jsme vyrazili a p\u0159ipojili se k demokraci\u00edm v Evrop\u011b a ve sv\u011bt\u011b, pro kter\u00e9 jsou svoboda, spravedlnost a respekt k pr\u00e1v\u016fm a d\u016fstojnosti lid\u00ed a n\u00e1rod\u016f z\u00e1kladn\u00edmi ctnostmi,\u201c <\/em>\u0159ekl \u0160ev\u010duk, kter\u00fd byl \u00fadajn\u011b politicky a n\u00e1bo\u017eensky nezaujat\u00fd.<\/p>\n<p>Podle pobo\u010dky Vatik\u00e1nu na Ukrajin\u011b tvo\u0159\u00ed Rusko a jeho st\u00e1tn\u00ed c\u00edrkev \u201e\u0159\u00ed\u0161i zla\u201c. U\u017e p\u0159ed lety 2022 a 2014 byla takov\u00e1 r\u00e9torika p\u0159\u00edli\u0161 ukvapen\u00e1, p\u0159\u00edli\u0161 zi\u0161tn\u00e1 a p\u0159\u00edli\u0161 nehor\u00e1zn\u011b odhaluj\u00edc\u00ed skute\u010dn\u00e9 dlouhodob\u00e9 c\u00edle. Ale te\u010f je v\u0161e dovoleno.\u00a0<a href=\"https:\/\/spzh.eu\/ru\/news\/83805-shevchuk-prizval-vlasti-ukrainy-borotsja-s-obshchinami-upts-za-hranitsej\">P\u0159ed n\u011bkolika t\u00fddny<\/a>\u00a0za\u0161lo \u0160ev\u010dukovo fa\u0161istick\u00e9 nad\u0161en\u00ed p\u0159i povzbuzov\u00e1n\u00ed c\u00edrkevn\u00edho pron\u00e1sledov\u00e1n\u00ed ze strany Kyjeva\u00a0dokonce tak daleko, \u017ee vyzval ukrajinsk\u00e9 \u00fa\u0159ady, aby tak\u00e9 bojovaly proti sbor\u016fm Ukrajinsk\u00e9 pravoslavn\u00e9 c\u00edrkve v zahrani\u010d\u00ed.<\/p>\n<p>V perspektiv\u011b t\u00e9m\u011b\u0159 tis\u00edcilet\u00e9ho konfliktu mezi \u0158\u00edmem a byzantsk\u00fdmi v\u00fdchodn\u00edmi c\u00edrkvemi \u2013 od Velk\u00e9ho schizmatu v roce 1054 \u2013 by takov\u00e9 p\u0159evzet\u00ed na dne\u0161n\u00edm evropsk\u00e9m kontinentu bylo velk\u00fdm geopolitick\u00fdm \u00fasp\u011bchem pro Vatik\u00e1n, a tedy i pro Washington DC a Brusel. Pro k\u0159es\u0165any mimo protestantismus \u2013 jak pro ty v katolicismu, tak pro ty v pravoslav\u00ed \u2013 je neust\u00e1le se rozkl\u00e1daj\u00edc\u00ed mozaika denominac\u00ed na Ukrajin\u011b opakuj\u00edc\u00ed se ranou principu \u201enormativn\u00ed c\u00edrkevn\u00ed autority\u201c.<\/p>\n<p>Na postk\u0159es\u0165ansk\u00e9m z\u00e1pad\u011b hodnot je tento zp\u016fsob \u0159\u00edzen\u00ed k\u0159es\u0165ansk\u00e9 komunity a doktr\u00edny zcela irelevantn\u00ed, proto\u017ee pseudopluralistick\u00e1, intersek\u010dn\u011b-relativistick\u00e1 uniformita (ji\u017e zalo\u017een\u00e1 na str\u00fd\u010dku Samovi ze z\u00e1mo\u0159\u00ed) ji\u017e dominuje sv\u011bton\u00e1zoru b\u011b\u017en\u00e9ho ob\u010dana &#8211; zejm\u00e9na v N\u011bmecku (\u201eN\u00e1bo\u017eenstv\u00ed je opium pro lidi \u2013 my jsme d\u00edky bohu imunn\u00ed\u201c). Naproti tomu ve v\u00fdchodn\u00ed Evrop\u011b je historicky praktikovan\u00e1 k\u0159es\u0165ansk\u00e1 v\u00edra \u2013 navzdory nebo mo\u017en\u00e1 pr\u00e1v\u011b kv\u016fli socialisticko-ateistick\u00e9 \u00e9\u0159e \u00fatlaku ve 20. stolet\u00ed \u2013 skute\u010dnou, dramatickou bitvou o osud v civiliza\u010dn\u00edm m\u011b\u0159\u00edtku, kter\u00e1 ponech\u00e1v\u00e1 jen m\u00e1lo tam nedot\u010deno.<\/p>\n<p>Zat\u00edmco nomin\u00e1ln\u00ed k\u0159es\u0165an\u00e9 protestantismu na Z\u00e1pad\u011b (a je\u0161t\u011b v\u00edce jejich sou\u010dasn\u00ed kolegov\u00e9 ve v\u011bt\u0161in\u011b: nev\u011b\u0159\u00edc\u00ed LGBTQ humanist\u00e9), opil\u00ed \u00fadajn\u00fdmi \u00fasp\u011bchy reformace p\u0159ed 500 lety, konflikt mezi latinsk\u00fdm katolicismem a byzantskou ortodoxi\u00ed na v\u00fdchod\u011b Evropa, pohrdav\u00e1, nevzd\u011blan\u00e1 nebo alespo\u0148 lhostejn\u00e1 v\u016f\u010di v\u00fdchodn\u00ed Evrop\u011b. Je to p\u0159esn\u011b tento postoj, kter\u00fd umo\u017e\u0148uje tomu, co demograficky zbylo ze z\u00e1padn\u00edho protestantismu, aby p\u0159ijalo pro-NATO a pro-EU pozici ve v\u00e1lce na Ukrajin\u011b t\u00e9m\u011b\u0159 automaticky a standardn\u011b, v souladu s navazuj\u00edc\u00edmi masm\u00e9dii.<\/p>\n<p>Z\u00e1padn\u00ed tajn\u00e9 slu\u017eby, jako je CIA, maj\u00ed bohatou historii c\u00edrkevn\u00edch infiltrac\u00ed, kter\u00e9 byly geopoliticky pod\u0159\u00edzeny americko-anglosask\u00e9 \u201eVelk\u00e9 h\u0159e\u201c proti Rusku. V\u00fdslech v\u00fdchodn\u00edho ortodoxn\u00edho patriarch\u00e1tu v Konstantinopoli ze strany CIA bezprost\u0159edn\u011b po druh\u00e9 sv\u011btov\u00e9 v\u00e1lce je\u00a0<a href=\"https:\/\/www.theamericanconservative.com\/the-cias-man-in-constantinople\/\">jen jedn\u00edm p\u0159\u00edkladem<\/a>\u00a0. \u0158eck\u00e1 pravoslavn\u00e1 c\u00edrkev v USA je nyn\u00ed pova\u017eov\u00e1na za zcela infiltrovanou a upravenou.<\/p>\n<p>Jak tento proces funguje na Z\u00e1pad\u011b? Vznikaj\u00ed nep\u0159ekonateln\u00e9 z\u00e1vislosti. C\u00edrkve a n\u00e1bo\u017eensk\u00e9 organizace, kter\u00e9 p\u0159ij\u00edmaj\u00ed \u201evl\u00e1dn\u00ed povolen\u00ed za \u00fa\u010delem finan\u010dn\u00edho zisku\u201c, sch\u016fzov\u00e1 povolen\u00ed, da\u0148ov\u00e9 \u00falevy a podobn\u011b, jsou pak pod kontrolou st\u00e1tu. Nevyhnuteln\u011b se st\u00e1vaj\u00ed n\u00e1stroji vl\u00e1dy, kter\u00e9 realizuj\u00ed p\u0159\u00edslu\u0161nou agendu vl\u00e1dc\u016f a aktivn\u011b \u0161\u00ed\u0159\u00ed st\u00e1tn\u00ed propagandu (nap\u0159. b\u011bhem koronsk\u00e9 krize), nebo je alespo\u0148 pasivn\u011b a bez odporu p\u0159ij\u00edmaj\u00ed.<\/p>\n<p>Mainstreamov\u00fd protestantismus, kter\u00fd tak r\u00e1d \u201eodd\u011bluje c\u00edrkev a st\u00e1t\u201c, je tak\u00e9 v pop\u0159ed\u00ed tohoto principu. Sami \u010dlenov\u00e9 c\u00edrkve \u010dasto po\u017eaduj\u00ed, aby jejich c\u00edrkev byla uzn\u00e1na st\u00e1tem, aby si jejich dary a des\u00e1tky mohly ode\u010d\u00edst z dan\u00ed z p\u0159\u00edjmu. Tento proces finan\u010dn\u00edho a ideologick\u00e9ho vlivu na samotn\u00e9 Ukrajin\u011b \u2013 kde vl\u00e1dne korupce, chaos, perzekuce a v\u00e1le\u010dn\u00e1 cenzura \u2013 tedy prob\u00edh\u00e1 mnohem agresivn\u011bji, neobratn\u011bji a rychleji.<\/p>\n<p>Pak p\u0159ich\u00e1z\u00ed hysterick\u00e1 n\u00e1mitka Z\u00e1padu, \u017ee \u201emoskevsk\u00fd patriarcha tak\u00e9 jedn\u00e1 pod veden\u00edm Vladimira Putina\u201c. Naprosto, ale v tis\u00edcilet\u00e9 historii Ruska nen\u00ed neobvykl\u00e9, \u017ee c\u00edsa\u0159 \u2013 nejvy\u0161\u0161\u00ed ve\u0159ejnost a slu\u017eebn\u00edk lidu \u2013 udr\u017euje symbiotick\u00fd vztah se sv\u00fdmi patriarchy. Jako hlava st\u00e1tu se Vladimir Putin t\u011b\u0161\u00ed souhlasu a podpo\u0159e nejen od Cyrila I., ale od v\u00edce ne\u017e absolutn\u00ed v\u011bt\u0161iny v\u0161ech Rus\u016f, co\u017e zm\u00edr\u0148uje st\u00ed\u017enosti Z\u00e1padu na \u00fadajn\u00e9 demokratick\u00e9 deficity.<\/p>\n<p>Zp\u00e1tky do Vatik\u00e1nu. Prost\u0159ednictv\u00edm sv\u00e9 liber\u00e1ln\u00ed reformy \u2013 vytesan\u00e9 do kamene (ale zaji\u0161t\u011bn\u00e9 fr\u00e1z\u00ed \u201ez\u00e1vazn\u00fd, ale ne neomyln\u00fd\u201c) z Druh\u00e9ho vatik\u00e1nsk\u00e9ho koncilu v letech 1962 a\u017e 1965 \u2013 se normativn\u00ed katolicismus Z\u00e1padu stal de facto otev\u0159en\u00fdm spolupachatelem expanze jak NATO, tak i NATO i EU. Z\u00e1m\u011brn\u011b p\u0159ipraven\u00e9 vypr\u00e1v\u011bn\u00ed o tom, \u017ee poprv\u00e9 v cel\u00e9 historii c\u00edrkve se pape\u017eem stal Pol\u00e1k &#8211; tedy ob\u010dan v\u00fdchodoevropsk\u00e9 socialistick\u00e9 republiky (Polsk\u00e9 lidov\u00e9 republiky) &#8211; a Pontifex Maximus m\u011bl jist\u011b siln\u00fd dopad na ve\u0159ejnost v p\u0159evratn\u00e9 roky 1985 a\u017e 1995 se v tomto geopolitick\u00e9m tahu sm\u011brem na V\u00fdchod zn\u00e1sobily.<\/p>\n<p>Kdy\u017e se bl\u00ed\u017ee pod\u00edv\u00e1te na v\u00e1lku v Jugosl\u00e1vii jako celek, na zv\u011brstvovou propagandu medi\u00e1ln\u00ed ma\u0161in\u00e9rie NATO proti zejm\u00e9na pravoslavn\u00e9mu Srbsku a na bombardov\u00e1n\u00ed Srbska ze strany zem\u00ed NATO v roce 1999, kter\u00e9 poru\u0161ilo mezin\u00e1rodn\u00ed pr\u00e1vo, archaick\u00e9 \u201eCui bono? \u201c je odhalen v tomto smyslu, kter\u00fd p\u0159\u00edmo souvis\u00ed s p\u0159edstaven\u00edmi ve Vatik\u00e1nu. Touha \u0159\u00edmskokatolick\u00e9 c\u00edrkve podrobit a \u201eliberalizovat\u201c byzantsk\u00e9 pravoslavn\u00e9 c\u00edrkve pomoc\u00ed sal\u00e1mov\u00e9 taktiky a d\u00e1le oslabit a udusit jejich vliv. Ne nadarmo Vatik\u00e1n nyn\u00ed aktivoval svou starou pseudobyzantskou odno\u017e na Ukrajin\u011b (Ukrajinsk\u00e1 \u0159eckokatolick\u00e1 c\u00edrkev za rusofoba \u0160ev\u010duka) a p\u0159e\u0159adil ji na \u201evy\u0161\u0161\u00ed rychlostn\u00ed stupe\u0148\u201c \u2013 zat\u00edmco sou\u010dasn\u00fd pape\u017e a iluzionista Franti\u0161ek pravideln\u011b hovo\u0159\u00ed o sv\u011btov\u00fd m\u00edr a liber\u00e1ln\u00ed pala\u010dinky.<\/p>\n<p><span style=\"font-size: 18pt;\"><strong>*<\/strong><\/span><\/p>\n<p><em>Elem Chintsky je n\u011bmecko-polsk\u00fd novin\u00e1\u0159, kter\u00fd p\u00ed\u0161e o geopolitick\u00fdch, historick\u00fdch, finan\u010dn\u00edch a kulturn\u00edch t\u00e9matech. Plodn\u00e1 spolupr\u00e1ce s RT DE existuje od roku 2017. Autor na voln\u00e9 noze \u017eije a pracuje od za\u010d\u00e1tku roku 2020 v Petrohrad\u011b v Rusku. Chintsky, kter\u00fd se p\u016fvodn\u011b vyu\u010dil jako filmov\u00fd re\u017eis\u00e9r a scen\u00e1rista, provozuje tak\u00e9 sv\u016fj vlastn\u00ed\u00a0<a href=\"https:\/\/t.me\/elemread\" target=\"_blank\" rel=\"noreferrer noopener\">kan\u00e1l na Telegramu<\/a>\u00a0, kde si od n\u011bj m\u016f\u017eete p\u0159e\u010d\u00edst v\u00edce.<\/em><\/p>\n<\/div>\n<\/div>\n<div class=\"elementor-element elementor-element-8c57238 quelle dc-has-condition dc-condition-empty elementor-widget elementor-widget-heading\" data-id=\"8c57238\" data-element_type=\"widget\" data-widget_type=\"heading.default\">\n<div class=\"elementor-widget-container\">\n<p>&nbsp;<\/p>\n<\/div>\n<\/div>\n","protected":false},"excerpt":{"rendered":"<p>Z\u00e1padn\u00ed projekce moci na Ukrajinu se neprov\u00e1d\u00ed pouze politicky a vojensky: anal\u00fdza n\u00e1bo\u017eensk\u00e9 infiltrace je&#8230;<\/p>\n","protected":false},"author":2,"featured_media":70306,"comment_status":"closed","ping_status":"closed","sticky":false,"template":"","format":"standard","meta":[],"categories":[7],"tags":[109,250,26,329],"_links":{"self":[{"href":"https:\/\/www.infokuryr.cz\/n\/wp-json\/wp\/v2\/posts\/70305"}],"collection":[{"href":"https:\/\/www.infokuryr.cz\/n\/wp-json\/wp\/v2\/posts"}],"about":[{"href":"https:\/\/www.infokuryr.cz\/n\/wp-json\/wp\/v2\/types\/post"}],"author":[{"embeddable":true,"href":"https:\/\/www.infokuryr.cz\/n\/wp-json\/wp\/v2\/users\/2"}],"replies":[{"embeddable":true,"href":"https:\/\/www.infokuryr.cz\/n\/wp-json\/wp\/v2\/comments?post=70305"}],"version-history":[{"count":0,"href":"https:\/\/www.infokuryr.cz\/n\/wp-json\/wp\/v2\/posts\/70305\/revisions"}],"wp:featuredmedia":[{"embeddable":true,"href":"https:\/\/www.infokuryr.cz\/n\/wp-json\/wp\/v2\/media\/70306"}],"wp:attachment":[{"href":"https:\/\/www.infokuryr.cz\/n\/wp-json\/wp\/v2\/media?parent=70305"}],"wp:term":[{"taxonomy":"category","embeddable":true,"href":"https:\/\/www.infokuryr.cz\/n\/wp-json\/wp\/v2\/categories?post=70305"},{"taxonomy":"post_tag","embeddable":true,"href":"https:\/\/www.infokuryr.cz\/n\/wp-json\/wp\/v2\/tags?post=70305"}],"curies":[{"name":"wp","href":"https:\/\/api.w.org\/{rel}","templated":true}]}}