{"id":70298,"date":"2025-01-16T06:57:29","date_gmt":"2025-01-16T05:57:29","guid":{"rendered":"https:\/\/www.infokuryr.cz\/n\/?p=70298"},"modified":"2025-01-16T06:57:29","modified_gmt":"2025-01-16T05:57:29","slug":"michael-svatos-chysta-rusko-mohutnou-ofenzivu-nebo-jen-blafuje-plan-na-konecne-reseni-tzv-ukrajinske-otazky","status":"publish","type":"post","link":"https:\/\/www.infokuryr.cz\/n\/2025\/01\/16\/michael-svatos-chysta-rusko-mohutnou-ofenzivu-nebo-jen-blafuje-plan-na-konecne-reseni-tzv-ukrajinske-otazky\/","title":{"rendered":"Michael Svato\u0161: Chyst\u00e1 Rusko mohutnou ofenz\u00edvu, nebo jen blafuje? Pl\u00e1n na kone\u010dn\u00e9 \u0159e\u0161en\u00ed tzv. ukrajinsk\u00e9 ot\u00e1zky"},"content":{"rendered":"<div id=\"fb-root\"><\/div>\n<p><span style=\"font-size: 14pt;\"><strong>Chyst\u00e1 Rusko mohutnou ofenz\u00edvu, nebo jen blafuje? Pl\u00e1n na kone\u010dn\u00e9 \u0159e\u0161en\u00ed tzv. ukrajinsk\u00e9 ot\u00e1zky. M\u00edrov\u00e1 jedn\u00e1n\u00ed o Ukrajin\u011b povede Rusko pouze s Washingtonem. Anal\u00fdza pravd\u011bpodobn\u00fdch rusk\u00fdch \u00fato\u010dn\u00fdch operac\u00ed v leto\u0161n\u00edm roce. Odkaz na zdroj informace, podle n\u00ed\u017e se \u010c\u00edna chyst\u00e1 Rus\u016fm zabavit Bajkal.<\/strong><\/span><\/p>\n<p>V \u00fater\u00fd jsem na TV Bure\u0161 diskutoval s Honzou Skalick\u00fdm.\u00a0<a class=\"mfp-iframe lightbox-added\" href=\"https:\/\/www.youtube.com\/watch?v=8dGMPVXwMTU\">Z\u00e1znam po\u0159adu najdete zde<\/a>. Na konci vys\u00edl\u00e1n\u00ed jsem u\u017e byl viditeln\u011b \u201cgrogy\u201d, a proto ve st\u0159edu nebyla anal\u00fdza. D\u011bkuji za pochopen\u00ed.\u00a0 V po\u0159adu jsem mimo jin\u00e9 pro pobaven\u00ed sleduj\u00edc\u00edch hovo\u0159il o \u00fadajn\u00e9m pl\u00e1nu \u010c\u00edny sebrat Rus\u016fm Bajkalsk\u00e9 jezero, a odkazoval se p\u0159itom na profesorku Sarah Paine z\u00a0<a href=\"https:\/\/usnwc.edu\/\">US Naval War College Newport<\/a>\u00a0\u2013\u00a0<a href=\"https:\/\/www.project-syndicate.org\/magazine\/russia-war-of-choice-ukraine-ignores-china-real-enemy-by-s-c-m-paine-2024-12\">cel\u00fd jej\u00ed zdrojov\u00fd text, dokazuj\u00edc\u00ed, \u017ee to ale myslela v\u00e1\u017en\u011b, najdete zde<\/a>.<\/p>\n<h3><span style=\"font-size: 18pt;\">(1) Pl\u00e1n rusk\u00e9 jarn\u00ed ofenz\u00edvy 2025 \u2013 anal\u00fdza.\u00a0<\/span><\/h3>\n<div id=\"attachment_15509\" class=\"wp-caption aligncenter\" style=\"width: 858px;\"><img decoding=\"async\" loading=\"lazy\" class=\" wp-image-15509\" src=\"https:\/\/www.michalapetr.com\/wp-content\/uploads\/2025\/01\/photo_2025-01-15_23-58-0125.png\" sizes=\"(max-width: 1280px) 100vw, 1280px\" srcset=\"https:\/\/www.michalapetr.com\/wp-content\/uploads\/2025\/01\/photo_2025-01-15_23-58-0125.png 1280w, https:\/\/www.michalapetr.com\/wp-content\/uploads\/2025\/01\/photo_2025-01-15_23-58-0125-300x192.png 300w, https:\/\/www.michalapetr.com\/wp-content\/uploads\/2025\/01\/photo_2025-01-15_23-58-0125-1030x658.png 1030w, https:\/\/www.michalapetr.com\/wp-content\/uploads\/2025\/01\/photo_2025-01-15_23-58-0125-768x491.png 768w, https:\/\/www.michalapetr.com\/wp-content\/uploads\/2025\/01\/photo_2025-01-15_23-58-0125-705x451.png 705w, https:\/\/www.michalapetr.com\/wp-content\/uploads\/2025\/01\/photo_2025-01-15_23-58-0125-450x288.png 450w\" alt=\"\" width=\"858\" height=\"549\" aria-describedby=\"caption-attachment-15509\" \/><\/p>\n<p id=\"caption-attachment-15509\" class=\"wp-caption-text\" style=\"text-align: justify;\">Modern\u00ed v\u00e1lka je o logistice, a pr\u016fb\u011bh sou\u010dasn\u00e9 bitvy o m\u011bsto Pokrovsk (rud\u00fd hexagon) tak u\u017e ukazuje, \u017ee Rusov\u00e9 v boji o m\u011bsto u\u017e prakticky zv\u00edt\u011bzili.\u00a0<a href=\"https:\/\/www.unian.ua\/war\/viyna-v-ukrajini-rosiyani-obhodyat-pokrovsk-i-nacililisya-na-vazhlivu-dlya-sil-oboroni-dorogu-12885228.html\">Ukrajinsk\u00e9 zdroje z tamn\u00edho boji\u0161t\u011b v\u010dera p\u0159iznaly<\/a>, \u017ee Rusk\u00e9 \u201cdrony na optick\u00fdch vl\u00e1knech\u201d u\u017e p\u0159eru\u0161ily logistickou tepnu Pavlograd-Pokrovsk (\u010dern\u00e1 \u0161ipka). Minul\u00fd v\u00edkend p\u0159itom u\u017e rusk\u00e1 obrn\u011bn\u00e1 vozidla fyzicky p\u0159e\u0165ala tepny Z\u00e1poro\u017e\u00ed-Pokrovsk (oran\u017eov\u00e1 \u0161ipka), a Konstantinivka \u2013 Pokrovsk (\u017elut\u00e1 \u0161ipka). Ukrajinc\u016fm nyn\u00ed k z\u00e1sobov\u00e1n\u00ed jejich n\u011bkolikatis\u00edcov\u00e9 pos\u00e1dky m\u011bst Pokrovsk a Mirnohrad zb\u00fdv\u00e1 pouze posledn\u00ed cesta ze Slavjanska, (zelen\u00e1 \u0161ipka). I ta je ov\u0161em pod kontrolou rusk\u00e9ho d\u011blost\u0159electva a klasick\u00fdch FPV dron\u016f. Proto\u017ee FPV drony lze elektronicky ru\u0161it, d\u00e1 se touto tepnou p\u0159i velk\u00fdch ztr\u00e1t\u00e1ch automobil\u016f je\u0161t\u011b m\u011bsto omezen\u011b z\u00e1sobovat. Jak dlouho dok\u00e1\u017e\u00ed Ukrajinci ob\u011b m\u011bsta br\u00e1nit p\u0159i omezen\u00e9m z\u00e1sobov\u00e1n\u00ed, ukazuj\u00ed pr\u016fb\u011bhy lo\u0148sk\u00fdch bitev o Avdijivku, Selidove a Kurachove = 30 a\u017e 60 dn\u00ed. Do uzav\u0159en\u00ed m\u00edru, tak ob\u011b m\u011bsta s ur\u010ditost\u00ed padnou Putinovi. Rud\u00e1 hv\u011bzda = 2. rusk\u00e1 arm\u00e1da. \u010cerven\u00e1 hv\u011bzda = 41. rusk\u00e1 arm\u00e1da. Ob\u011b jsou pod\u0159\u00edzeny velen\u00ed opera\u010dn\u00ed skupiny ST\u0158ED, gener\u00e1la Mordvi\u010deva.<\/p>\n<\/div>\n<p>M\u00edsto p\u0159eru\u0161en\u00ed komunikace Z\u00e1poro\u017e\u00ed-Pokrovsk ruskou 2. arm\u00e1dou, (k\u0159\u00ed\u017eek na oran\u017eov\u00e9 \u0161ipce na horn\u00ed map\u011b), vesnici\u00a0<a href=\"https:\/\/uk.wikipedia.org\/wiki\/%D0%A3%D0%B4%D0%B0%D1%87%D0%BD%D0%B5\">\u0423\u0434\u0430\u0447\u043d\u0435<\/a>\u00a0(1600 obyvatel v roce 2022)\u00a0<a href=\"https:\/\/www.unian.ua\/war\/viyna-v-ukrajini-rosiyani-obhodyat-pokrovsk-i-nacililisya-na-vazhlivu-dlya-sil-oboroni-dorogu-12885228.html\">Rusov\u00e9 p\u0159em\u011b\u0148uj\u00ed v siln\u00fd op\u011brn\u00fd bod<\/a>, a nav\u00e1\u017eej\u00ed do n\u011bj posily a z\u00e1soby. Ukrajinci u\u017e v\u010dera 1.5 km severn\u011b od \u0423\u0434\u0430\u0447\u043doe vyhodili do vzduchu ji\u017en\u00ed vstupy do tamn\u00edho dolu na \u010dern\u00e9 uhl\u00ed, proto\u017ee se ob\u00e1vaj\u00ed, \u017ee by Rusov\u00e9 d\u016fln\u00edmi chodbami mohli zase tajn\u011b proniknout do jejich t\u00fdlu, jako se jim to poda\u0159ilo v Avdijivce.<\/p>\n<div id=\"attachment_15523\" class=\"wp-caption aligncenter\" style=\"width: 862px;\"><img decoding=\"async\" loading=\"lazy\" class=\" wp-image-15523\" src=\"https:\/\/www.michalapetr.com\/wp-content\/uploads\/2025\/01\/photo_2025-01-12_14-17-5312.png\" sizes=\"(max-width: 1280px) 100vw, 1280px\" srcset=\"https:\/\/www.michalapetr.com\/wp-content\/uploads\/2025\/01\/photo_2025-01-12_14-17-5312.png 1280w, https:\/\/www.michalapetr.com\/wp-content\/uploads\/2025\/01\/photo_2025-01-12_14-17-5312-300x169.png 300w, https:\/\/www.michalapetr.com\/wp-content\/uploads\/2025\/01\/photo_2025-01-12_14-17-5312-1030x579.png 1030w, https:\/\/www.michalapetr.com\/wp-content\/uploads\/2025\/01\/photo_2025-01-12_14-17-5312-768x432.png 768w, https:\/\/www.michalapetr.com\/wp-content\/uploads\/2025\/01\/photo_2025-01-12_14-17-5312-705x397.png 705w, https:\/\/www.michalapetr.com\/wp-content\/uploads\/2025\/01\/photo_2025-01-12_14-17-5312-450x253.png 450w\" alt=\"\" width=\"862\" height=\"485\" aria-describedby=\"caption-attachment-15523\" \/><\/p>\n<p id=\"caption-attachment-15523\" class=\"wp-caption-text\" style=\"text-align: justify;\">Bitva o Pokrovsk \u2013 leden a\u017e duben 2025: Rusov\u00e9 pot\u0159ebuj\u00ed aglomeraci Pokrovsk-Mirnohrad, (m\u00e9n\u011b ne\u017e 100 000 obyvatel p\u0159ed v\u00e1lkou), nejprve obkl\u00ed\u010dit, respektive drony od\u0159\u00edznout od z\u00e1sobov\u00e1n\u00ed. Sami p\u0159itom maj\u00ed logistick\u00fd probl\u00e9m z\u00e1sobovat 2. arm\u00e1du gener\u00e1la Mordvi\u010deva (rud\u00e1 hv\u011bzda). Jej\u00ed z\u00e1sobov\u00e1n\u00ed vede po dobr\u00e9 cest\u011b z Don\u011bcka a\u017e do Selidovo, ale z n\u011bj u\u017e nevedou \u017e\u00e1dn\u00e9 dobr\u00e9 a hust\u00e9 cesty d\u00e1l na z\u00e1pad, kter\u00e9 by je\u0161t\u011b nekontrolovali Ukrajinci, (\u010dern\u00e9 \u0161ipky). Ani druh\u00e1 osa z\u00e1sobov\u00e1n\u00ed nejz\u00e1padn\u011bj\u0161\u00edch jednotek 2. arm\u00e1dy z Don\u011bcka p\u0159es Kurachove (\u017elut\u00e1 \u0161ipka) nen\u00ed je\u0161t\u011b od Ukrajinc\u016f vy\u010di\u0161t\u011bn\u00e1. Mordvi\u010dev proto, aby mohl obkli\u010dovat 2. arm\u00e1dou Pokrovsk ze z\u00e1padu postupem na sever, mus\u00ed jej\u00ed hlavn\u00ed s\u00edly nejprve vyslat do \u00fatoku na Z\u00e1pad, aby sv\u00e9 komunikace, kter\u00e9 bude pot\u0159ebovat k obkl\u00ed\u010den\u00ed Pokrovska ze z\u00e1padu, vy\u010distil.<\/p>\n<\/div>\n<p>Hlavn\u00ed \u00fader na Z\u00e1pad v\u0161ak povede opera\u010dn\u00ed skupina JIH gener\u00e1la Kuzovleva, (na horn\u00ed map\u011b \u010derven\u00e1 \u0161ipka a \u010derven\u00e1 hv\u011bzda). V \u010desk\u00e9m mainstreamu se \u0161\u00ed\u0159\u00ed \u201chl\u00e1\u0161ky\u201d, \u017ee Rusov\u00e9 t\u00edmto \u00fatokem do Dn\u011bpropetrovsk\u00e9 oblasti, kter\u00e1 nen\u00ed jejich nov\u00fdm \u00fazem\u00edm, sleduj\u00ed Putin\u016fv c\u00edl, dob\u00fdt n\u011bjak\u00e9 \u201c\u0159\u00e1dn\u00e9\u201d ukrajinsk\u00e9 \u00fazem\u00ed na pozd\u011bj\u0161\u00ed m\u00edrovou v\u00fdm\u011bnu za Ukrajinci obsazen\u00e9 rusk\u00e9 \u00fazem\u00ed u Kurska. D\u016fvodem \u00fatoku v\u011bt\u0161\u00ed \u010d\u00e1sti 2. Mordvi\u010devovy arm\u00e1dy a cel\u00e9 Kuzovlevovy opera\u010dn\u00ed skupiny JIH p\u0159\u00edmo na Z\u00e1pad je v\u0161ak \u010dist\u00e1 logistika. Teprve vy\u010dist\u011bn\u00ed Ukrajinc\u016f z linie \u017elut\u00e9 \u0161ipky na map\u011b, a jejich odt\u011bsn\u011bn\u00ed nejm\u00e9n\u011b 10-15 km od t\u00e9to linie na sm\u011brem z\u00e1pad, umo\u017en\u00ed Rus\u016fm dob\u0159e z\u00e1sobovat svoji 2. arm\u00e1du p\u0159i jej\u00edm obkli\u010dovac\u00edm \u00fatoku veden\u00e9m z\u00e1padn\u011b od Pokrovska sm\u011brem na sever.<\/p>\n<p>Hlavn\u00ed \u00fader p\u0159i obkli\u010dov\u00e1n\u00ed Pokrovska, proto bude pravd\u011bpodobn\u011b nejd\u0159\u00edv prov\u00e1d\u011bt 41. arm\u00e1da gener\u00e1la Mordvi\u010deva, (na map\u011b \u017elut\u00e1 hv\u011bzda, \u017elut\u00e9 \u0161ipky), proto\u017ee jej\u00ed z\u00e1sobov\u00e1n\u00ed je nyn\u00ed dob\u0159e mo\u017en\u00e9 jak z Avdijivky, tak ze Selidove. A proto\u017ee Ukrajinci u\u017e mohou sv\u00e9 v\u00e1le\u010dn\u00edky v aglomeraci Pokrovsk-Myrnohrad nyn\u00ed z\u00e1sobovat jen po cest\u011b ze Slavjanska, (oran\u017eov\u00e1 \u0161ipka), a\u010dkoli je tato cesta naru\u0161ovan\u00e1 rusk\u00fdmi FPV drony, mus\u00ed nejprve 41. rusk\u00e1 rusk\u00e1 arm\u00e1da vyhnat Ukrajince z vesnice Nikolajevka, (na map\u011b dvojit\u00e1 zelen\u00e1 linie), proto\u017ee pak u\u017e cestu ze Slavjanska na Pokrovsk definitivn\u011b zataras\u00ed rusk\u00e9 zabij\u00e1ck\u00e9 drony na optick\u00fdch vl\u00e1knech, kter\u00e9 maj\u00ed men\u0161\u00ed r\u00e1dius, ne\u017e drony FPV, ale nedaj\u00ed se elektronicky ru\u0161it.<\/p>\n<p>Tomuto sc\u00e9n\u00e1\u0159i nadch\u00e1zej\u00edc\u00ed rusk\u00e9 jarn\u00ed ofenz\u00edvy odpov\u00edd\u00e1 skute\u010dnost, \u017ee ke 41. arm\u00e1d\u011b se v posledn\u00edch 14. dnech p\u0159esunuly n\u011bkter\u00e9 brig\u00e1dy a pluky od 2. arm\u00e1dy, (z jej\u00edho ji\u017en\u00edho k\u0159\u00eddla, kter\u00e9 do prosince ze severu \u00fato\u010dilo do z\u00e1padn\u00edho t\u00fdlu Kurachove). A \u017ee gener\u00e1l Kuzovlev ve stejnou dobu z\u00edskal \u010derstv\u011b vycvi\u010den\u00e9 jednotky z polygon\u016f na pob\u0159e\u017e\u00ed Azovsk\u00e9ho mo\u0159e. Tato rusk\u00e1 jarn\u00ed ofenz\u00edva na obkl\u00ed\u010den\u00ed m\u011bsta Pokrovsk m\u00e1 za c\u00edl vytvo\u0159it p\u0159edpoklady pro letn\u00ed ofenz\u00edvu, kter\u00e1 by m\u011bla Ukrajince definitivn\u011b vyhnat ze v\u0161ech rusk\u00fdch \u00fazem\u00ed na v\u00fdchod od Dn\u011bpru.<\/p>\n<h3><span style=\"font-size: 18pt;\">(2) Pl\u00e1n rusk\u00e9 letn\u00ed ofenz\u00edvy 2025 \u2013 anal\u00fdza.\u00a0<\/span><\/h3>\n<div id=\"attachment_15530\" class=\"wp-caption aligncenter\" style=\"width: 903px;\"><img decoding=\"async\" loading=\"lazy\" class=\" wp-image-15530\" src=\"https:\/\/www.michalapetr.com\/wp-content\/uploads\/2025\/01\/photo_2025-01-12_14-17-5756.png\" sizes=\"(max-width: 1280px) 100vw, 1280px\" srcset=\"https:\/\/www.michalapetr.com\/wp-content\/uploads\/2025\/01\/photo_2025-01-12_14-17-5756.png 1280w, https:\/\/www.michalapetr.com\/wp-content\/uploads\/2025\/01\/photo_2025-01-12_14-17-5756-300x169.png 300w, https:\/\/www.michalapetr.com\/wp-content\/uploads\/2025\/01\/photo_2025-01-12_14-17-5756-1030x579.png 1030w, https:\/\/www.michalapetr.com\/wp-content\/uploads\/2025\/01\/photo_2025-01-12_14-17-5756-768x432.png 768w, https:\/\/www.michalapetr.com\/wp-content\/uploads\/2025\/01\/photo_2025-01-12_14-17-5756-705x397.png 705w, https:\/\/www.michalapetr.com\/wp-content\/uploads\/2025\/01\/photo_2025-01-12_14-17-5756-450x253.png 450w\" alt=\"\" width=\"903\" height=\"508\" aria-describedby=\"caption-attachment-15530\" \/><\/p>\n<p id=\"caption-attachment-15530\" class=\"wp-caption-text\" style=\"text-align: justify;\">Rusk\u00e1 letn\u00ed ofenz\u00edva by mohla za\u010d\u00edt po\u010d\u00e1tkem kv\u011btna, a\u017e vyschnou poln\u00ed cesty, pokud se ukrajinsk\u00e1 arm\u00e1da do t\u00e9 doby nezhrout\u00ed. Pro jej\u00ed zah\u00e1jen\u00ed je d\u016fle\u017eit\u00e9 obkl\u00ed\u010dit a vy\u010distit Pokrovsk, (viz. jarn\u00ed ofenz\u00edva), a p\u0159evr\u00e1tit toto m\u011bsto v obrovskou v\u00e1le\u010dnou ofenzivn\u00ed z\u00e1sobovac\u00ed z\u00e1kladnu s podobnou rol\u00ed, jakou dosud hr\u00e1l Don\u011bck. Naschv\u00e1l jsem pou\u017eil star\u0161\u00ed mapu, aby bylo z\u0159eteln\u00e9, \u017ee loni \u201cosvobozen\u00e9 \u00fazem\u00ed\u201d (viz \u010derven\u00e9 linie na \u0161ed\u00e9m poli), p\u0159edstavuje sotva 1\/5 \u00fazem\u00ed, kter\u00e9 se chystaj\u00ed Rusov\u00e9 letos vy\u010distit.<\/p>\n<\/div>\n<p>Hlavn\u00edm politick\u00fdm c\u00edlem lo\u0148sk\u00e9 ofenz\u00edvy bylo splnit Putin\u016fv rozkaz, \u201czabr\u00e1nit Ukrajinc\u016fm nad\u00e1le d\u011bly ost\u0159elovat m\u011bsto Don\u011bck\u201d, (v map\u011b b\u00edl\u00fd pentagon). Tento t\u00fdden v\u016fdce b\u00fdval\u00fdch don\u011bck\u00fdch rebel\u016f \u041f\u0443\u0448\u0438\u043b\u0438\u043d,\u00a0<a href=\"https:\/\/t.me\/PushilinDenis\/5677\">nyn\u00ed se tituluj\u00edc\u00ed jako tzv. \u0413\u043b\u0430\u0432a \u0414\u043e\u043d\u0435\u0446\u043a\u043e\u0439 \u041d\u0430\u0440\u043e\u0434\u043d\u043e\u0439 \u0420\u0435\u0441\u043f\u0443\u0431\u043b\u0438\u043a\u0438<\/a>\u00a0Rusk\u00e9 federace, ve\u0159ejn\u011b sl\u00edbil, \u017ee letos skon\u010d\u00ed podobn\u00e9 ost\u0159elov\u00e1n\u00ed m\u011bsta\u00a0<a href=\"https:\/\/ru.wikipedia.org\/wiki\/%D0%93%D0%BE%D1%80%D0%BB%D0%BE%D0%B2%D0%BA%D0%B0\">\u0413\u043e\u0440\u043b\u043e\u0432\u043a\u0430,<\/a>\u00a0(250 tis\u00edc obyvatel p\u0159ed v\u00e1lkou, na map\u011b \u017elut\u00fd pentagon). Aby byl Pu\u0161ilin\u016fv slib letos spln\u011bn, a bez posv\u011bcen\u00ed Gosudara by Denis nic ve\u0159ejn\u011b, jak o n\u011bm zn\u00e1mo,\u00a0 nesliboval, mus\u00ed b\u00fdt Ukrajinsk\u00e1 arm\u00e1da vyhn\u00e1na nejm\u00e9n\u011b a\u017e ke Slavjansku. Jak by to m\u011blo vypadat?\u00a0 Na map\u011b naho\u0159e vid\u00edte zelen\u00e9 \u0161ipky = \u00fadery skupiny Z\u00c1PAD gener\u00e1la Nikiforova, sv\u011btle \u017elutou \u0161ipku = \u00fader 41. arm\u00e1dy skupiny ST\u0158ED gener\u00e1la Mordvi\u010deva, tmav\u011b \u017elut\u00e9 \u0161ipky = \u00fadery 2. arm\u00e1dy skupiny ST\u0158ED gener\u00e1la Mordvi\u010deva, modrou \u0161ipku = \u00fader opera\u010dn\u00ed skupiny JIH gener\u00e1la Kuzovleva, a \u010dern\u00e9 \u0161ipky = \u00fadery skupiny Z\u00c1PAD gener\u00e1la San\u010dika.<\/p>\n<p>Proto\u017ee letos slib nepronesl Gosudar osobn\u011b, ale jen Denis Pu\u0161ilin, m\u016f\u017ee nastat d\u016fle\u017eit\u00e1 zm\u011bna, a Rusov\u00e9 po obkl\u00ed\u010den\u00ed a vy\u010di\u0161t\u011bn\u00ed m\u011bsta Pokrovsk, zam\u00ed\u0159\u00ed p\u0159\u00edmo z\u00e1padn\u011b do t\u00fdlu Slavjanska, aby ho zd\u00e1nliv\u011b usilovn\u011b obkli\u010dovali . Ale sou\u010dasn\u011b vyraz\u00ed Kuzovlev v\u0161\u00ed silou na Dn\u011bpropetrovsk, a San\u010dik na Z\u00e1poro\u017e\u00ed. Pro\u010d?<\/p>\n<p>Proto\u017ee teprve koncem l\u00e9ta dojde k prvn\u00edm v\u00e1\u017en\u00fdm jedn\u00e1n\u00edm o m\u00edru na Ukrajin\u011b, jak p\u0159iznala v\u010dera nastupuj\u00edc\u00ed Trumpova administrativa, a rusk\u00e1 Kuzovlevova d\u011bla, kter\u00e1 maj\u00ed b\u00fdt tou dobou u\u017e rozm\u00edst\u011bn\u00e1 p\u0159ed Dn\u011bpropetrovskem, a p\u0159ipraven\u00e1 ho srovnat se zem\u00ed, budou p\u0159edstavovat velice v\u00e1\u017en\u00fd m\u00edrov\u00fd argument. Jakmile toti\u017e za\u010dnou st\u0159\u00edlet, finan\u010dn\u00ed kalkula\u010dky bank\u00e9\u0159\u016f ve Washingtonu i v Lond\u00fdn\u011b za\u010dnou vzteky kv\u00edlet, a chrlit propo\u010dty, \u017ee Ukrajina nikdy nesplat\u00ed sv\u016fj dluh, jestli Putin pr\u016fmyslov\u00fd Dn\u011bpropetrovsk obr\u00e1t\u00ed v prach. To sam\u00e9 p\u0159itom bude hrozit i Charkovu, proto\u017ee rusk\u00e1 z\u00e1lo\u017en\u00ed arm\u00e1da rozm\u00edst\u011bn\u00e1 v hloubi zem\u011b, je mnohem v\u011bt\u0161\u00ed ne\u017e rusk\u00e1 invazn\u00ed arm\u00e1da na Ukrajin\u011b, a Gerasimov ji za posledn\u00ed rok zna\u010dn\u011b pos\u00edlil. Ostatn\u011b nen\u00ed ani n\u00e1hodou, \u017ee Ruskem nyn\u00ed po kolej\u00edch putuj\u00ed stovky severokorejsk\u00fdch dalekonosn\u00fdch d\u011bl, a stovky ir\u00e1nsk\u00fdch taktick\u00fdch raket se pr\u00e1v\u011b nakl\u00e1daj\u00ed na lod\u011b v kaspick\u00fdch p\u0159\u00edstavech. Ob\u011b tyto zbran\u011b jsou p\u0159itom tak\u0159ka v\u00fdlu\u010dn\u011b u\u017eite\u010dn\u00e9 jen na brut\u00e1ln\u00ed bo\u0159en\u00ed m\u011bst.<\/p>\n<h3><span style=\"font-size: 18pt;\">(3) M\u00edrov\u00e1 jedn\u00e1n\u00ed o Ukrajin\u011b budou velmi tvrd\u00e1, pozice stran jsou nesmi\u0159iteln\u00e9! Ukrajina ani nakonec nemus\u00ed existovat!\u00a0<\/span><\/h3>\n<p>Putin\u016fv vlivn\u00fd poradce a b\u00fdval\u00fd \u0161\u00e9f tajn\u00e9 slu\u017eby\u00a0<span class=\"mw-page-title-main\"><a href=\"https:\/\/ru.wikipedia.org\/wiki\/%D0%9F%D0%B0%D1%82%D1%80%D1%83%D1%88%D0%B5%D0%B2,_%D0%9D%D0%B8%D0%BA%D0%BE%D0%BB%D0%B0%D0%B9_%D0%9F%D0%BB%D0%B0%D1%82%D0%BE%D0%BD%D0%BE%D0%B2%D0%B8%D1%87\">\u041f\u0430\u0442\u0440\u0443\u0448\u0435\u0432<\/a>\u00a0v\u010dera\u00a0<a href=\"https:\/\/www.kp.ru\/daily\/27651\/5036217\/\">deklaroval rusk\u00e9 podm\u00ednky pro m\u00edrov\u00e1 jedn\u00e1n\u00ed<\/a>:\u00a0<\/span><\/p>\n<ul>\n<li>Vyjedn\u00e1vat se bude pouze mezi B\u00edl\u00fdm domem a Kremlem, Brusel i Lond\u00fdn i Kyjev jsou z jedn\u00e1n\u00ed vylou\u010deny.<\/li>\n<li>Ruskou hlavn\u00ed prioritou p\u0159i jedn\u00e1n\u00edch o m\u00edru s USA bude ochrana a blaho rusk\u00fdch ob\u010dan\u016f a krajan\u016f po cel\u00e9m sv\u011bt\u011b. Bude t\u0159eba zastavit diskriminaci rusk\u00e9ho obyvatelstva v \u0159ad\u011b zem\u00ed, samoz\u0159ejm\u011b v pobaltsk\u00fdch st\u00e1tech, a v Moldavsku.<\/li>\n<li>V\u0161echny Putinovy podm\u00ednky budou spln\u011bny, v\u010detn\u011b denacifikace zbytku Ukrajiny, jej\u00ed odzbrojen\u00ed do vojensky nicotn\u00e9 zem\u011b, z\u00e1kaz pobytu ciz\u00edch vojsk na jej\u00edm \u00fazem\u00ed bez souhlasu Ruska, a z\u00e1kaz vstupu Ukrajiny do NATO. OSN i zem\u011b Z\u00e1padu i Ukrajina uznaj\u00ed nov\u00e1 rusk\u00e1 \u00fazem\u00ed za legitimn\u00ed sou\u010d\u00e1st Ruska.<\/li>\n<li>Rusk\u00e9 dod\u00e1vky plynu a dal\u0161\u00edch surovin a energi\u00ed budou obnoveny, respektive nebudou jim \u010din\u011bny \u017e\u00e1dn\u00e9 p\u0159ek\u00e1\u017eky. Skon\u010d\u00ed sankce.<\/li>\n<li>V krajn\u00edm p\u0159\u00edpad\u011b odporu p\u0159estane Ukrajina v roce 2025 existovat jako samostatn\u00fd st\u00e1t, a Moldavsko taky.<\/li>\n<li>Lavrov se sice ve stejn\u00fd den vyj\u00e1d\u0159il diplomati\u010dt\u011bji, ne\u017e v\u00fdhru\u017eky metaj\u00edc\u00ed Patru\u0161ev, ale po\u017eadavky p\u0159ednesl stejn\u00e9.<\/li>\n<li>Aby Rusov\u00e9 takto velkolep\u011b pojat\u00fd Patru\u0161ev\u016fv m\u00edrov\u00fd pl\u00e1n letos prosadili, budou muset na v\u00e1le\u010dn\u00e9m poli p\u0159edv\u00e9st zna\u010dn\u011b lep\u0161\u00ed v\u00fdkony ne\u017e loni. Logicky, tak po letn\u00ed ofenz\u00edv\u011b, pokud nep\u0159inese m\u00edr, budou Rusov\u00e9 muset slevit ze sv\u00fdch po\u017eadavk\u016f, a nebo p\u0159ekro\u010dit Dn\u011bpr, aby tzv. ukrajinskou ot\u00e1zku vy\u0159e\u0161ili s definitivn\u00ed platnost\u00ed. A p\u0159itom jim nezbyde, ne\u017e jadern\u00fdmi zbran\u011bmi dr\u017eet NATO, a zejm\u00e9na Washington, doslova a do p\u00edsmena pod krkem. M\u00edrov\u00e1 jedn\u00e1n\u00ed se tak mohou snadno zvrtnout v posledn\u00ed v\u00e1lku d\u011bjin. Bude hodn\u011b z\u00e1le\u017eet na Trumpovi.<\/li>\n<\/ul>\n<p><a href=\"https:\/\/censor.net\/en\/news\/3530371\/ukraine-will-not-give-up-on-nato-accession-during-peace-talks\">Ukrajinsk\u00fd ministr zahrani\u010d\u00ed Andrii Sibiha v\u010dera ve\u010der vylou\u010dil<\/a>,\u00a0\u017ee by Ukrajina ustoupila ohledn\u011b sv\u00e9ho budouc\u00edho \u010dlenstv\u00ed v NATO. V duchu Patru\u0161evovy v\u010derej\u0161\u00ed logiky, tak m\u00e1 p\u0159estat existovat.<\/p>\n<p>V \u00fater\u00fd 7. ledna jsem byl u Petra H\u00e1jka na Protiproud TV.\u00a0<a class=\"mfp-iframe lightbox-added\" href=\"https:\/\/www.youtube.com\/watch?v=zEfACCbJ1jQ\">N\u00e1\u0161 rozhovor najdete zde<\/a>. V po\u0159adu jsem mimo jin\u00e9 argumentoval z\u00e1v\u011bry t\u00e9to\u00a0<a href=\"https:\/\/finance.yahoo.com\/news\/u-lng-exports-really-fill-210000906.html\">anal\u00fdzy Samanthy Dart, p\u0159edn\u00ed analyti\u010dky banky Goldman Sachs<\/a>. Vyj\u00e1d\u0159en\u00edm polsk\u00e9ho ministra zahrani\u010d\u00ed Radoslawa Sikorski \u2013\u00a0<a href=\"https:\/\/www.kyivpost.com\/post\/45028\">zde<\/a>.<\/p>\n<p><a href=\"https:\/\/www.michalapetr.com\/map-2194-chysta-rusko-mohutnou-ofenzivu-nebo-jen-blafuje-plan-na-konecne-reseni-tzv-ukrajinske-otazky-mirova-jednani-o-ukrajine-povede-rusko-pouze-s-washingtonem-analyza-pravdepodobnych-ruskych-u\/\">Michael Svato\u0161<\/a><\/p>\n<p><img decoding=\"async\" loading=\"lazy\" class=\"alignnone size-full wp-image-27204\" src=\"http:\/\/www.infokuryr.cz\/n\/wp-content\/uploads\/2023\/05\/Michael_Svatos.png\" alt=\"\" width=\"180\" height=\"180\" srcset=\"https:\/\/www.infokuryr.cz\/n\/wp-content\/uploads\/2023\/05\/Michael_Svatos.png 180w, https:\/\/www.infokuryr.cz\/n\/wp-content\/uploads\/2023\/05\/Michael_Svatos-150x150.png 150w\" sizes=\"(max-width: 180px) 100vw, 180px\" \/><\/p>\n<p>&nbsp;<\/p>\n","protected":false},"excerpt":{"rendered":"<p>Chyst\u00e1 Rusko mohutnou ofenz\u00edvu, nebo jen blafuje? Pl\u00e1n na kone\u010dn\u00e9 \u0159e\u0161en\u00ed tzv. ukrajinsk\u00e9 ot\u00e1zky. M\u00edrov\u00e1&#8230;<\/p>\n","protected":false},"author":2,"featured_media":70299,"comment_status":"closed","ping_status":"closed","sticky":false,"template":"","format":"standard","meta":[],"categories":[6],"tags":[1042,30,220,2752,22,26,37],"_links":{"self":[{"href":"https:\/\/www.infokuryr.cz\/n\/wp-json\/wp\/v2\/posts\/70298"}],"collection":[{"href":"https:\/\/www.infokuryr.cz\/n\/wp-json\/wp\/v2\/posts"}],"about":[{"href":"https:\/\/www.infokuryr.cz\/n\/wp-json\/wp\/v2\/types\/post"}],"author":[{"embeddable":true,"href":"https:\/\/www.infokuryr.cz\/n\/wp-json\/wp\/v2\/users\/2"}],"replies":[{"embeddable":true,"href":"https:\/\/www.infokuryr.cz\/n\/wp-json\/wp\/v2\/comments?post=70298"}],"version-history":[{"count":0,"href":"https:\/\/www.infokuryr.cz\/n\/wp-json\/wp\/v2\/posts\/70298\/revisions"}],"wp:featuredmedia":[{"embeddable":true,"href":"https:\/\/www.infokuryr.cz\/n\/wp-json\/wp\/v2\/media\/70299"}],"wp:attachment":[{"href":"https:\/\/www.infokuryr.cz\/n\/wp-json\/wp\/v2\/media?parent=70298"}],"wp:term":[{"taxonomy":"category","embeddable":true,"href":"https:\/\/www.infokuryr.cz\/n\/wp-json\/wp\/v2\/categories?post=70298"},{"taxonomy":"post_tag","embeddable":true,"href":"https:\/\/www.infokuryr.cz\/n\/wp-json\/wp\/v2\/tags?post=70298"}],"curies":[{"name":"wp","href":"https:\/\/api.w.org\/{rel}","templated":true}]}}