{"id":7029,"date":"2021-12-21T07:32:37","date_gmt":"2021-12-21T06:32:37","guid":{"rendered":"http:\/\/www.infokuryr.cz\/n\/?p=7029"},"modified":"2021-12-21T07:32:37","modified_gmt":"2021-12-21T06:32:37","slug":"prirovnani-vakcinace-k-dobytcaku-vlaku-smrti-a-zuriva-reakce-mainstreamovych-medii","status":"publish","type":"post","link":"https:\/\/www.infokuryr.cz\/n\/2021\/12\/21\/prirovnani-vakcinace-k-dobytcaku-vlaku-smrti-a-zuriva-reakce-mainstreamovych-medii\/","title":{"rendered":"P\u0159irovn\u00e1n\u00ed vakcinace k dobyt\u010d\u00e1ku, vlaku smrti, a zu\u0159iv\u00e1 reakce mainstreamov\u00fdch m\u00e9di\u00ed"},"content":{"rendered":"<div id=\"fb-root\"><\/div>\n<p>Po zhl\u00e9dnut\u00ed 70minutov\u00e9ho videa s\u00a0v\u011bdkyn\u00ed v\u00a0oboru mikrobiologie a molekul\u00e1rn\u00ed genetiky So\u0148ou Pekovou (14. 12. 2021), up\u0159\u00edmn\u00fd div\u00e1k hned vyc\u00edtil, \u017ee mluv\u00ed pravdu. Ta je dnes v\u011bdom\u011b zaml\u010dov\u00e1na, zesm\u011b\u0161\u0148ov\u00e1na a likvidov\u00e1na.<\/p>\n<p>V\u00fdsti\u017en\u011b vyj\u00e1d\u0159ila situaci s\u00a0vakcinovan\u00fdmi, kdy\u017e je p\u0159irovnala k\u00a0t\u011bm, kte\u0159\u00ed jedou v\u00a0dobyt\u010d\u00e1ku vlakem smrti, a pokud zav\u010das nevysko\u010d\u00ed, skon\u010d\u00ed \u0161patn\u011b.<\/p>\n<p>Jej\u00edho hodnocen\u00ed se chytli stoupenci povinn\u00e9 experiment\u00e1ln\u00ed vakcinace a na jej\u00ed hlavu sesypali nejohavn\u011bj\u0161\u00ed oso\u010dov\u00e1n\u00ed. Ten, kdo na ni rovn\u011b\u017e ustavi\u010dn\u011b h\u00e1z\u00ed balvany l\u017ei a nen\u00e1visti, je p\u0159edseda \u010cesk\u00e9 l\u00e9ka\u0159sk\u00e9 komory, MUDr. Kubek.<\/p>\n<p class=\"-wm-ydp17bddca1MsoNormal\"><span lang=\"CS\">Polo\u017eme ot\u00e1zku: Kdo m\u016f\u017ee ve\u0159ejnosti podat pravdiv\u00e9 sv\u011bdectv\u00ed o sou\u010dasn\u00e9 mRNA vakcinaci \u2013 MUDr. So\u0148a Pekov\u00e1 \u010di MUDr. Milan Kubek?<\/span><\/p>\n<p class=\"-wm-ydp17bddca1MsoNormal\"><strong><span lang=\"CS\">Charakteristika pravdiv\u00e9ho sv\u011bdka<\/span><\/strong><\/p>\n<p class=\"-wm-ydp17bddca1MsoNormal\"><span lang=\"CS\">1) m\u00e1 mo\u017enost bezprost\u0159edn\u011b poznat pravdu,<\/span><\/p>\n<p class=\"-wm-ydp17bddca1MsoNormal\"><span lang=\"CS\">2) chce sd\u011blit pravdu,<\/span><\/p>\n<p class=\"-wm-ydp17bddca1MsoNormal\"><span lang=\"CS\">3) je ochoten pro pravdu p\u0159in\u00e9st i nejt\u011b\u017e\u0161\u00ed ob\u011bti.<\/span><\/p>\n<p class=\"-wm-ydp17bddca1MsoNormal\"><strong><span lang=\"CS\">MUDr. S. Pekov\u00e1, Ph.D.<\/span><\/strong><\/p>\n<p class=\"-wm-ydp17bddca1MsoNormal\"><span lang=\"CS\">1) je odborn\u00edk ve virologii, proto m\u00e1 mo\u017enost poznat pravdu,<\/span><\/p>\n<p class=\"-wm-ydp17bddca1MsoNormal\"><span lang=\"CS\">2) chce pov\u011bd\u011bt pravdu,<\/span><\/p>\n<p class=\"-wm-ydp17bddca1MsoNormal\"><span lang=\"CS\">3) byla a je ochotna pro pravdu p\u0159in\u00e1\u0161et ob\u011bti. \u00a0<\/span><\/p>\n<p class=\"-wm-ydp17bddca1MsoNormal\"><strong><span lang=\"CS\">MUDr. M. Kubek<\/span><\/strong><\/p>\n<p class=\"-wm-ydp17bddca1MsoNormal\"><span lang=\"CS\">1) nen\u00ed odborn\u00edk ve virologii, a nav\u00edc slou\u017e\u00ed politick\u00e9mu syst\u00e9mu, kter\u00fd nut\u00ed v\u0161echny lidi k\u00a0experiment\u00e1ln\u00ed vakcinaci,<\/span><\/p>\n<p class=\"-wm-ydp17bddca1MsoNormal\"><span lang=\"CS\">2) nechce \u0159\u00edkat pravdu. Pokud by ji pov\u011bd\u011bl, ztratil by svou vysokou funkci a nemohl by vystupovat v\u00a0mainstreamu,<\/span><\/p>\n<p class=\"-wm-ydp17bddca1MsoNormal\"><span lang=\"CS\">3) s\u00e1m ob\u011bti pro pravdu p\u0159in\u00e1\u0161et nechce, ale lidi nut\u00ed k\u00a0nejvy\u0161\u0161\u00edm ob\u011btem podstoupen\u00edm experimentu. To je zlo\u010din.<\/span><\/p>\n<p class=\"-wm-ydp17bddca1MsoNormal\"><span lang=\"CS\">Je trag\u00e9di\u00ed, \u017ee syst\u00e9mu l\u017ei a smrti neslou\u017e\u00ed jen prodejn\u00ed politici a l\u00e9ka\u0159i, ale i bergogli\u00e1nsk\u00e1 sekta, kter\u00e1 dnes okupuje katolickou c\u00edrkev. Vnucov\u00e1n\u00edm experiment\u00e1ln\u00ed vakcinace obelh\u00e1v\u00e1 v\u011b\u0159\u00edc\u00ed a t\u00e1hne je na \u0161irokou cestu do \u010dasn\u00e9 i v\u011b\u010dn\u00e9 z\u00e1huby.<\/span><\/p>\n<p class=\"-wm-ydp17bddca1MsoNormal\"><span lang=\"CS\">&#8212;&#8212;&#8212;&#8212;&#8212;&#8212;&#8212;&#8212;&#8212;&#8212;&#8212;&#8212;&#8212;&#8212;<\/span><\/p>\n<p><strong><span lang=\"CS\">BKP: Arcib. Babjak propaguje vakcinaci i na poh\u0159bu<\/span><\/strong><\/p>\n<p><span lang=\"CS\">V\u00e1\u017een\u00fd apostatick\u00fd arcibiskupe Jane Babjaku!<\/span><\/p>\n<p><span lang=\"CS\">Tvoje drzost a cyni\u010dnost nezn\u00e1 mez\u00ed. Nejen\u017ee u\u017e nem\u00e1\u0161 \u017e\u00e1dnou k\u0159es\u0165anskou v\u00edru a mor\u00e1lku, ale jedn\u00e1\u0161 tak, \u017ee by se za to nemusela styd\u011bt ani hyena. P\u0159edvedl jsi to 13. 12. 2021 ve Vranov\u011b na poh\u0159bu kn\u011bze Mat\u00fa\u0161a \u010c. Je\u0161t\u011b nad rakv\u00ed jsi mu vy\u010d\u00edtal, \u017ee m\u00e1\u0161 proti n\u011bmu to, \u017ee T\u011b neposlechl a nep\u0159ijal experiment\u00e1ln\u00ed vakc\u00ednu. \u017de se nestyd\u00ed\u0161! Copak nev\u00ed\u0161, \u017ee statistiky dnes dokazuj\u00ed, \u017ee mno\u017estv\u00ed lid\u00ed um\u00edr\u00e1 pr\u00e1v\u011b po p\u0159ijet\u00ed vakc\u00edn?! <\/span><\/p>\n<p><span lang=\"CS\">A tak\u00e9 nev\u00ed\u0161, \u017ee skute\u010dn\u00ed nepodplatiteln\u00ed odborn\u00edci tuto experiment\u00e1ln\u00ed vakcinaci radik\u00e1ln\u011b zam\u00edtaj\u00ed? Ty se odvol\u00e1v\u00e1\u0161 na arciheretika Franti\u0161ka, kter\u00fd intronizoval d\u00e9mona Pa\u010damamu a prosazuje s\u0148atky homosexu\u00e1l\u016f. To jsou nejt\u011b\u017e\u0161\u00ed zlo\u010diny proti v\u00ed\u0159e a Bohu, za kter\u00e9 se s\u00e1m ve\u0159ejn\u011b vylou\u010dil z\u00a0c\u00edrkve. Takov\u00e9 z\u00e1kladn\u00ed v\u011bci nev\u00ed\u0161? Neuv\u011bdomuje\u0161 si, \u017ee on u\u017e pape\u017esk\u00fd \u00fa\u0159ad okupuje nez\u00e1konn\u011b? To jsi tak duchovn\u011b slep\u00fd? St\u00e1le mantruje\u0161\u00a0<i>\u201eposlu\u0161nost Svat\u00e9mu otci, poslu\u0161nost pape\u017ei Franti\u0161kovi\u201c.\u00a0<\/i>Ve skute\u010dnosti toto, co Ty vy\u017eaduje\u0161, nen\u00ed poslu\u0161nost Je\u017e\u00ed\u0161i Kristu, ale naopak. <\/span><\/p>\n<p><span lang=\"CS\">Je to vzpoura proti Kristu a je to poslu\u0161nost satanovi! Copak nev\u00ed\u0161, \u017ee k\u00a0v\u00fdrob\u011b vakc\u00edny slou\u017e\u00ed tk\u00e1\u0148 za\u017eiva vytr\u017een\u00e1 nenarozen\u00e9mu d\u00edt\u011bti z\u00a0ledvin p\u0159ed jeho usmrcen\u00edm? Tento satanismus je Ti vlastn\u00ed, v\u00e1\u017een\u00fd apostato Jane? Tento vakcina\u010dn\u00ed cejch je antik\u0159tem, to bys m\u011bl v\u011bd\u011bt. Jasn\u011b to zve\u0159ejnil arcibiskup C.\u00a0M.\u00a0Vigan\u00f2, b\u00fdval\u00fd apo\u0161tolsk\u00fd nuncius v USA. To je tvrd\u00e1 realita, kter\u00e1 stahuje na vakcinovan\u00e9 proklet\u00ed. Ty bys je m\u011bl vyz\u00fdvat k\u00a0tomu, aby konali co nejd\u0159\u00edv pok\u00e1n\u00ed a dal\u0161\u00ed vakc\u00edny nebrali, proto\u017ee tu jde o sp\u00e1su \u010di zavr\u017een\u00ed jejich du\u0161\u00ed! Ty ale kon\u00e1\u0161 prav\u00fd opak. D\u00e1v\u00e1\u0161 t\u00edm velk\u00e9 pohor\u0161en\u00ed mali\u010dk\u00fdm a zab\u00edj\u00ed\u0161 jejich nesmrteln\u00e9 du\u0161e zneu\u017e\u00edv\u00e1n\u00edm c\u00edrkevn\u00ed autority a prost\u00e9 d\u016fv\u011bry.<\/span><\/p>\n<p><span lang=\"CS\">Zesnul\u00fd kn\u011bz na\u0161t\u011bst\u00ed neposlechl Tvou zlo\u010dinnou v\u00fdzvu, ale sly\u0161el hlas sv\u011bdom\u00ed, a proto v\u00a0t\u00e9to chv\u00edli je nad\u011bje, \u017ee je v\u00a0Bo\u017e\u00ed sl\u00e1v\u011b. Pokud bys v\u0161ak Ty byl na jeho m\u00edst\u011b, skon\u010dil bys s\u00a0Tvou apostaz\u00ed od Krista a svou zatvrzelou nekaj\u00edcnost\u00ed ve v\u011b\u010dn\u00fdch plamenech!\u00a0\u00a0<\/span><\/p>\n<p><span lang=\"CS\">Nav\u00edc je velkou ot\u00e1zkou, jestli smrt tohoto kn\u011bze nem\u00e1\u0161 na sv\u011bdom\u00ed Ty, proto\u017ee psychicky terorizuje\u0161 kn\u011bze a nut\u00ed\u0161 je k\u00a0satansk\u00e9mu antik\u0159tu pod n\u00e1zvem vakc\u00edna. Nehled\u00ed\u0161 na Bo\u017e\u00ed varov\u00e1n\u00ed ani na kn\u011b\u017esk\u00e9 sv\u011bdom\u00ed. Je o Tob\u011b zn\u00e1mo, \u017ee jsi py\u0161n\u00fd a bezcharaktern\u00ed despota, kter\u00fd nem\u00e1 s\u00a0Kristov\u00fdm past\u00fd\u0159em nic spole\u010dn\u00e9ho. Ty ned\u00e1v\u00e1\u0161 \u017eivot za sv\u00e9 ovce, ale \u017eene\u0161 je hol\u00ed teroru do v\u011b\u010dn\u00e9ho zavr\u017een\u00ed. Uv\u011bdomuje\u0161 si to, l\u017eiarcibiskupe Jane?<\/span><\/p>\n<p><span lang=\"CS\">Tento ve\u0159ejn\u00fd dopis p\u00ed\u0161eme, aby kn\u011b\u017e\u00ed a v\u011b\u0159\u00edc\u00ed m\u011bli jasno, kdo jsi a komu slou\u017e\u00ed\u0161 a nenechali se Tebou klamat. Jsi odstra\u0161uj\u00edc\u00edm p\u0159\u00edkladem stejn\u011b jako apo\u0161tol Jid\u00e1\u0161.<\/span><\/p>\n<p><span lang=\"CS\">Sv\u00fdm covidov\u00fdm antievangeliem slou\u017e\u00ed\u0161 satanu, a ne Kristu! A\u017e Ty bude\u0161, a mo\u017en\u00e1 u\u017e brzy, v\u00a0rakvi, kde bude Tv\u00e1 du\u0161e?<\/span><\/p>\n<p><span lang=\"CS\">+ Eli\u00e1\u0161<br \/>\n<\/span><span lang=\"CS\">Patriarcha Byzantsk\u00e9ho katolick\u00e9ho patriarch\u00e1tu<\/span><\/p>\n<p><img decoding=\"async\" loading=\"lazy\" class=\"alignnone size-medium wp-image-638\" src=\"http:\/\/www.infokuryr.cz\/n\/wp-content\/uploads\/2021\/04\/biskupov-byzanstsky-puatriarchat-300x247.jpg\" alt=\"\" width=\"300\" height=\"247\" srcset=\"https:\/\/www.infokuryr.cz\/n\/wp-content\/uploads\/2021\/04\/biskupov-byzanstsky-puatriarchat-300x247.jpg 300w, https:\/\/www.infokuryr.cz\/n\/wp-content\/uploads\/2021\/04\/biskupov-byzanstsky-puatriarchat-768x634.jpg 768w, https:\/\/www.infokuryr.cz\/n\/wp-content\/uploads\/2021\/04\/biskupov-byzanstsky-puatriarchat.jpg 931w\" sizes=\"(max-width: 300px) 100vw, 300px\" \/><\/p>\n<p>&nbsp;<\/p>\n<p>&nbsp;<\/p>\n<p>&nbsp;<\/p>\n<p>&nbsp;<\/p>\n<p>&nbsp;<\/p>\n","protected":false},"excerpt":{"rendered":"<p>Po zhl\u00e9dnut\u00ed 70minutov\u00e9ho videa s\u00a0v\u011bdkyn\u00ed v\u00a0oboru mikrobiologie a molekul\u00e1rn\u00ed genetiky So\u0148ou Pekovou (14. 12. 2021),&#8230;<\/p>\n","protected":false},"author":2,"featured_media":3215,"comment_status":"closed","ping_status":"closed","sticky":false,"template":"","format":"standard","meta":[],"categories":[6],"tags":[29,1605,857],"_links":{"self":[{"href":"https:\/\/www.infokuryr.cz\/n\/wp-json\/wp\/v2\/posts\/7029"}],"collection":[{"href":"https:\/\/www.infokuryr.cz\/n\/wp-json\/wp\/v2\/posts"}],"about":[{"href":"https:\/\/www.infokuryr.cz\/n\/wp-json\/wp\/v2\/types\/post"}],"author":[{"embeddable":true,"href":"https:\/\/www.infokuryr.cz\/n\/wp-json\/wp\/v2\/users\/2"}],"replies":[{"embeddable":true,"href":"https:\/\/www.infokuryr.cz\/n\/wp-json\/wp\/v2\/comments?post=7029"}],"version-history":[{"count":0,"href":"https:\/\/www.infokuryr.cz\/n\/wp-json\/wp\/v2\/posts\/7029\/revisions"}],"wp:featuredmedia":[{"embeddable":true,"href":"https:\/\/www.infokuryr.cz\/n\/wp-json\/wp\/v2\/media\/3215"}],"wp:attachment":[{"href":"https:\/\/www.infokuryr.cz\/n\/wp-json\/wp\/v2\/media?parent=7029"}],"wp:term":[{"taxonomy":"category","embeddable":true,"href":"https:\/\/www.infokuryr.cz\/n\/wp-json\/wp\/v2\/categories?post=7029"},{"taxonomy":"post_tag","embeddable":true,"href":"https:\/\/www.infokuryr.cz\/n\/wp-json\/wp\/v2\/tags?post=7029"}],"curies":[{"name":"wp","href":"https:\/\/api.w.org\/{rel}","templated":true}]}}