{"id":70278,"date":"2025-01-16T05:46:44","date_gmt":"2025-01-16T04:46:44","guid":{"rendered":"https:\/\/www.infokuryr.cz\/n\/?p=70278"},"modified":"2025-01-16T05:46:44","modified_gmt":"2025-01-16T04:46:44","slug":"mistopredseda-narodni-rady-sr-poskytl-ruske-televizi-exkluzivni-rozhovor","status":"publish","type":"post","link":"https:\/\/www.infokuryr.cz\/n\/2025\/01\/16\/mistopredseda-narodni-rady-sr-poskytl-ruske-televizi-exkluzivni-rozhovor\/","title":{"rendered":"M\u00edstop\u0159edseda N\u00e1rodn\u00ed rady SR poskytl rusk\u00e9 televizi exkluzivn\u00ed rozhovor&#8230;"},"content":{"rendered":"<div id=\"fb-root\"><\/div>\n<h4>M\u00edstop\u0159edseda N\u00e1rodn\u00ed rady SR poskytl rusk\u00e9 televizi exkluzivn\u00ed rozhovor a po Robertu Ficovi jde ji\u017e o druh\u00e9ho vysok\u00e9ho slovensk\u00e9ho politika v po\u0159adu Olgy Skabejevov\u00e9, kter\u00fd dostal prostor k prezentaci Slovenska! Andrej Danko tvrd\u011b o Zelensk\u00e9m jako o vyd\u011bra\u010di a \u017eebr\u00e1kovi, kter\u00fd ji\u017e nen\u00ed legitimn\u00edm prezidentem, o Macronovi jako o fale\u0161n\u00e9m politikovi a do\u0161lo i na matrjo\u0161ky, cenu m\u00e1sla, raj\u010dat a sortiment zbo\u017e\u00ed v rusk\u00fdch hypermarketech!<\/h4>\n<p>Kdy\u017e se p\u0159ed V\u00e1noci ocitl slovensk\u00fd premi\u00e9r Robert Fico v Rusku v Kremlu na sch\u016fzce s Vladimirem Putinem a p\u0159edt\u00edm v \u0159\u00edjnu dokonce vystoupil\u00a0<strong>[<a href=\"https:\/\/aeronet.news\/prinasime-exkluzivni-rozhovor-slovenskeho-premiera-roberta-fica-pro-1-kanal-ruske-televize-v-poradu-60-minut-s-ceskymi-titulky-v-ruskojazycne-casti-zaznamu\/\">1<\/a>]<\/strong>\u00a0ve vlajkov\u00e9m po\u0159adu rusk\u00e9 televize 60 Minut s Olgou Skabejevovou, tak v evropsk\u00fdch a zejm\u00e9na ve slovensk\u00fdch a \u010desk\u00fdch redakc\u00edch mainstreamov\u00fdch m\u00e9di\u00ed doslova padaly hodiny ze zd\u00ed a liber\u00e1ln\u00ed politici polykali tablety Xanaxu a Lexapro po tun\u00e1ch.<\/p>\n<p>Fico toti\u017e doslova a prakticky po necel\u00fdch 3 letech prolomil politickou blok\u00e1du rusk\u00e9 vrcholn\u00e9 politiky, kdy nikdo z vrcholn\u00fdch z\u00e1padn\u00edch politik\u016f se necht\u011bl objevit v Kremlu a jednat s Vladimirem Putinem na p\u0159\u00e1telsk\u00e9 b\u00e1zi. Teprve a\u017e Robert Fico prolomil ledy, a to jako opravdu s velk\u00fdm rachotem jako ledoborec.<\/p>\n<p>&nbsp;<\/p>\n<div id=\"rumble_v67jlqm\">\n<div id=\"vid_v67jlqm\" class=\"rumble_v67jlqm-Rumble-cls\" tabindex=\"-1\">\n<div class=\"bigPlayUI ctp\"><div class='videoWrapper'>\r\n\t            <iframe src='https:\/\/rumble.com\/embed\/pj.v67jlqm\/' frameborder='0' allowfullscreen><\/iframe>\r\n\t        <\/div><\/p>\n<div class=\"bigPlayUIInner ctp\"><\/div>\n<\/div>\n<\/div>\n<\/div>\n<p>&nbsp;<\/p>\n<p>Ub\u011bhlo p\u00e1r t\u00fddn\u016f a do Moskvy po Ficovi vyrazila dal\u0161\u00ed n\u00e1v\u0161t\u011bva, a to tentokr\u00e1t delegace N\u00e1rodn\u00ed rady SR v \u010dele s m\u00edstop\u0159edsedou N\u00e1rodn\u00ed rady SR Andrejem Dankem, p\u0159edsedou koali\u010dn\u00ed Slovensk\u00e9 n\u00e1rodn\u00ed strany. V Moskv\u011b se setkal na nejvy\u0161\u0161\u00ed \u00farovni s vicepremi\u00e9rem RF Denisem Manturovem\u00a0<strong>[<a href=\"https:\/\/href.li\/?https:\/\/www.hlavnespravy.sk\/podpredseda-narodnej-rady-andrej-danko-po-rokovani-s-ruskym-vicepremierom-denysom-manturovom-v-moskve-uviedol-ze-sankcie-europskej-unie-voci-rusku-paradoxne-prispeli-k-zvyseniu-potravinovej-sebestacn\/3786408\" target=\"_blank\" rel=\"nofollow noopener\">2<\/a>]<\/strong>\u00a0a pot\u00e9 s ministrem zahrani\u010d\u00ed RF Sergejem Lavrovem\u00a0<strong>[<a href=\"https:\/\/href.li\/?https:\/\/www.novinky.cz\/clanek\/zahranicni-mistopredseda-slovenskeho-parlamentu-danko-se-sesel-s-ruskym-ministrem-zahranici-40504593\" target=\"_blank\" rel=\"nofollow noopener\">3<\/a>].<\/strong><\/p>\n<p><strong>Podle z\u00e1kulisn\u00edch informac\u00ed na\u0161\u00ed redakce jde o sign\u00e1l Kremlu v p\u0159\u00edprav\u011b k vrcholn\u00e9mu summitu Putin \u2013 Trump v Bratislav\u011b<\/strong>, ke kter\u00e9mu ji\u017e byl v Moskv\u011b vyd\u00e1n souhlas a nyn\u00ed se ji\u017e lad\u00ed detaily a organiza\u010dn\u00ed str\u00e1nka cel\u00e9 akce. Donald Trump ji\u017e podle zdroj\u016f rusk\u00fdch novin\u00e1\u0159\u016f souhlasil s m\u00edstem kon\u00e1n\u00ed v Bratislav\u011b, ale dosud nen\u00ed stanoveno a ur\u010deno datum a ani program summitu. Shoda pr\u00fd panuje pouze na m\u00edst\u011b kon\u00e1n\u00ed, kter\u00fdm by m\u011bla opravdu b\u00fdt Bratislava.<\/p>\n<h6><span style=\"font-size: 18pt;\">Slovensko se st\u00e1v\u00e1 nov\u00fdm diplomatick\u00fdm \u0160v\u00fdcarskem v Evrop\u011b<\/span><\/h6>\n<p>V sou\u010dasn\u00e9 chv\u00edli pot\u0159ebuje Kreml partnera uvnit\u0159 EU, kter\u00fd by byl l\u00eddrem\u00a0<em>otev\u00edr\u00e1n\u00ed dve\u0159\u00ed<\/em>\u00a0k dal\u0161\u00edm zem\u00edm v unii ve snaze o rozkl\u00ed\u017een\u00ed toho bloku st\u00e1t\u016f, jejich\u017e vl\u00e1dy jsou dosud pod kontrolou\u00a0<em>Deep State<\/em>\u00a0a ni\u010d\u00ed sv\u00e9 ekonomiky uvalov\u00e1n\u00edm sankc\u00ed nikoliv na Rusku, ale de facto samy na sebe, co\u017e v cel\u00e9 EU vede k ekonomick\u00fdm a n\u00e1sledn\u011b politick\u00fdm ot\u0159es\u016fm a postupn\u011b ke zm\u011bn\u00e1m vl\u00e1d.<\/p>\n<p>Nadch\u00e1zej\u00edc\u00ed p\u0159ed\u010dasn\u00e9 volby do Bundestagu v \u00fanoru v N\u011bmecku mohou definitivn\u011b ukon\u010dit hlavn\u00ed nep\u0159\u00e1telsk\u00fd pil\u00ed\u0159 v\u016f\u010di Moskv\u011b, \u010demu\u017e paradoxn\u011b napom\u016f\u017ee pr\u00e1v\u011b Donald Trump. Dob\u0159e to nazna\u010duje pohrdav\u00e1 reakce Zelensk\u00e9ho na Fic\u016fv otev\u0159en\u00fd dopis\u00a0<strong>[<a href=\"https:\/\/href.li\/?https:\/\/fb.watch\/x81qufmwPp\/\" target=\"_blank\" rel=\"nofollow noopener\">4<\/a>]<\/strong>\u00a0vyz\u00fdvaj\u00edc\u00ed Zelensk\u00e9ho k jedn\u00e1n\u00ed o plynu na hranic\u00edch Slovenska. Zelensk\u00fd na Twitteru Ficovi odsekl slovy: \u201c<em>Ok, tak p\u0159ije\u010f v p\u00e1tek do Kyjeva<\/em>.\u201d<\/p>\n<div class=\"twitter-tweet twitter-tweet-rendered\"><a href=\"https:\/\/x.com\/ZelenskyyUa\/status\/1878848805069861174\"><img decoding=\"async\" loading=\"lazy\" class=\"wp-image-70279 aligncenter\" src=\"http:\/\/www.infokuryr.cz\/n\/wp-content\/uploads\/2025\/01\/x-zel-300x298.jpg\" alt=\"\" width=\"589\" height=\"585\" srcset=\"https:\/\/www.infokuryr.cz\/n\/wp-content\/uploads\/2025\/01\/x-zel-300x298.jpg 300w, https:\/\/www.infokuryr.cz\/n\/wp-content\/uploads\/2025\/01\/x-zel-150x150.jpg 150w, https:\/\/www.infokuryr.cz\/n\/wp-content\/uploads\/2025\/01\/x-zel.jpg 598w\" sizes=\"(max-width: 589px) 100vw, 589px\" \/><\/a>Moskva tak pot\u0159ebuje v EU neutr\u00e1ln\u00edho partnera, kter\u00fd prolom\u00ed ledy, a t\u00edm ledoborcem m\u00e1 b\u00fdt \u0161ikovn\u011b man\u00e9vrovan\u00fd k\u0159i\u017en\u00edk s n\u00e1pisem\u00a0<em>Trump \u2013 Putin<\/em>, kter\u00fd do EU proraz\u00ed v Bratislav\u011b. A hostitelem bude Fico, kter\u00e9ho se\u00a0<em>Deep State<\/em>\u00a0pokusil politicky a pot\u00e9 fyzicky odstranit, \u00fapln\u011b stejn\u011b jako Trumpa, mimochodem. Shoda n\u00e1hod? Ale kde\u017ee, n\u00e1hody neexistuj\u00ed. Toto je konceptu\u00e1ln\u00ed p\u0159\u00edpravka na\u00a0<em>monstr-te\u00e1tr v EU<\/em>. Mimochodem, pokud nem\u00e1te \u010das na video naho\u0159e, tady je p\u0159epis:<\/div>\n<h4><span style=\"font-size: 18pt;\">Andrej Danko v po\u0159adu 60 Minut<\/span><\/h4>\n<p><em><strong>V p\u0159\u00edm\u00e9m p\u0159enosu po\u0159adu 60 minut m\u00edstop\u0159edseda N\u00e1rodn\u00ed rady Slovensk\u00e9 republiky Andrej Danko, v\u00edt\u00e1m v\u00e1s, pane Danko, pro n\u00e1\u0161 po\u0159ad je ct\u00ed, \u017ee jste souhlasil s t\u00edm, \u017ee s n\u00e1mi budete hovo\u0159it a odpov\u00eddat na na\u0161e ot\u00e1zky. S va\u0161\u00edm dovolen\u00edm za\u010dneme v ru\u0161tin\u011b. V\u00edm, \u017ee um\u00edte rusky, a jak se v\u00e1m l\u00edb\u00ed v Moskv\u011b? Nen\u00ed v\u00e1m zima?<\/strong><\/em><\/p>\n<p>-Ne. Kdy\u017e jsem tady, jsem \u0161\u0165astn\u00fd. Te\u010f vid\u00edm sn\u00edh. Ale promi\u0148te, v\u0161ichni jsme m\u011bli zkou\u0161ku z ru\u0161tiny, ale j\u00e1 jsem poprv\u00e9 po 20 letech promluvil, kdy\u017e jsem v roce 2018 mluvil v Dum\u011b. Tak\u017ee se omlouv\u00e1m, jestli d\u011bl\u00e1m chybu, ale chci v\u0161echny pozdravit. M\u00e1me dobrou delegaci, m\u011bli jsme kr\u00e1sn\u00e1 setk\u00e1n\u00ed a Moskva je v\u017edycky kr\u00e1sn\u00e1 a v\u00e1\u0161 jazyk je tak\u00e9 kr\u00e1sn\u00fd. Gratuluji v\u0161em v Rusk\u00e9 federaci.<\/p>\n<p><strong><em>-Moc v\u00e1m d\u011bkuji. P\u0159ejd\u011bme na v\u00e1m zn\u00e1m\u011bj\u0161\u00ed sloven\u0161tinu. Pov\u011bzte mi n\u011bco o obchod\u011b. Pro\u010d jste se rozhodl j\u00edt do obchodu? Je to takov\u00fd stereotyp, \u017ee Rusov\u00e9 trp\u00ed a tr\u00e1p\u00ed se a zkou\u0161\u00ed j\u00edst co, b\u0159ezovou k\u016fru? Taky v\u00e1s to p\u0159ekvapilo?<\/em><\/strong><\/p>\n<p><em>-Tady m\u00e1me finsk\u00e9 m\u00e1slo, selsk\u00e9 m\u00e1slo. Pr\u016fm\u011brn\u00e1 cena je 1,30 EUR, 2,80 EUR. To se mi l\u00edb\u00ed. To bych si asi hned koupil.<\/em><\/p>\n<p>-V\u00edte, mus\u00edm se p\u0159iznat, \u017ee m\u00e1me obrovsk\u00e9 mno\u017estv\u00ed nepravdiv\u00fdch informac\u00ed, fale\u0161n\u00fdch informac\u00ed, v Evropsk\u00e9 unii je spousta v\u011bc\u00ed prezentov\u00e1na \u00fapln\u011b \u0161patn\u011b. Mus\u00edm se vr\u00e1tit do historie. Nejsem tady poprv\u00e9. Byl jsem tady na vojensk\u00e9 p\u0159ehl\u00eddce v roce 2019. Byl jsem tady prvn\u00ed Slov\u00e1k, kter\u00fd mluvil ve St\u00e1tn\u00ed dum\u011b. Vid\u00edm, \u017ee m\u00fdm c\u00edlem je otev\u0159\u00edt Slov\u00e1k\u016fm o\u010di pro Rusko. Chci Slov\u00e1k\u016fm uk\u00e1zat, \u017ee nen\u00ed pravda, co se tady \u0159\u00edk\u00e1, \u017ee je tu mal\u00fd sortiment.<\/p>\n<p><em>-Obrovsk\u00fd v\u00fdb\u011br raj\u010dat. Tady je cenovka. Okolo 1 Eura, zhruba 84 cent\u016f.<\/em><\/p>\n<p>-Ano, m\u00e9dia tady ukazovala star\u00e1 auta, \u0161kodovky. To je stra\u0161n\u00e1 propaganda proti Rusku. N\u011bkomu se to hod\u00ed. N\u011bkte\u0159\u00ed lid\u00e9 jsou r\u00e1di, kdy\u017e se jim l\u017ee. Ale nikdo m\u011b nep\u0159esv\u011bd\u010d\u00ed, \u017ee to jsou n\u00e1hody. \u0158\u00edkaj\u00ed n\u00e1m, \u017ee kupujeme americk\u00fd plyn, ale ve skute\u010dnosti je to rusk\u00fd plyn. \u0158\u00edkaj\u00ed n\u00e1m, \u017ee to nen\u00ed rusk\u00e1 ropa, ale ropa z \u00c1zerb\u00e1jd\u017e\u00e1nu. Ale my v\u00edme, \u017ee je to rusk\u00e1 ropa. Tak\u017ee n\u00e1m Pol\u00e1ci tak\u00e9 br\u00e1nili v p\u0159eletu nad sv\u00fdm vzdu\u0161n\u00fdm prostorem. Ale mn\u011b pak bylo doporu\u010deno, abych potom nav\u0161t\u00edvil Var\u0161avu. No a dneska bude demonstrativn\u00ed setk\u00e1n\u00ed Tuska se Slov\u00e1ky. A to je koalice, na\u0161e vl\u00e1dn\u00ed koalice. V\u011b\u0159\u00edme, \u017ee \u0159\u00edk\u00e1me pravdu.<\/p>\n<p><em><strong>-Vy jste za\u010dal s plynem. Co budete d\u011blat s plynem? Existuje n\u011bjak\u00e9 \u0159e\u0161en\u00ed?<\/strong><\/em><\/p>\n<p>-My tuto ot\u00e1zku bereme jen jako vyd\u00edr\u00e1n\u00ed. Pro m\u011b prezident Zelensk\u00fd nen\u00ed prezident, je to herec, nebezpe\u010dn\u00fd \u010dlov\u011bk, kter\u00fd ztratil v\u0161echny sv\u00e9 pravomoci. Celou dobu v tom zelen\u00e9m tri\u010dku obrann\u00e9 barvy vede jeden rozhovor: \u201cDejte n\u00e1m, dejte n\u00e1m, dejte!\u201d V\u016fbec je nezaj\u00edm\u00e1, co se d\u011bje u n\u00e1s doma.<\/p>\n<p><em>-Dejte n\u00e1m zbran\u011b, dejte n\u00e1m ty pen\u00edze, dejte n\u00e1m v\u00edce st\u0159el, dejte n\u00e1m va\u0161e zbran\u011b, dejte n\u00e1m v\u00edce F-16 a dejte n\u00e1m zbran\u011b, dejte n\u00e1m licenci, dejte n\u00e1m \u00fav\u011bry.<\/em><\/p>\n<p>-Ale j\u00e1 chci \u0159\u00edct, \u017ee je to hrub\u00e9 zneu\u017eit\u00ed t\u00e9to situace. Mysl\u00edm si, \u017ee odch\u00e1zej\u00edc\u00ed americk\u00e1 vl\u00e1da o tom mluvila, jak tuto situaci zneu\u017eili. V\u010dera jsme mluvili s odborn\u00edky a v\u00edme, \u017ee existuje stabilita dod\u00e1vek jin\u00fdmi cestami. Tak\u017ee se t\u00edm budeme zab\u00fdvat. Tento konflikt je do zna\u010dn\u00e9 m\u00edry v rukou z\u00e1padn\u00edch zem\u00ed. Ale mysl\u00edm si, \u017ee jsme p\u0159ipraveni tuto situaci p\u0159ekonat.<\/p>\n<p><em><strong>-O Zelensk\u00e9m. Byl byste tak laskav a \u0159ekl n\u00e1m podrobnosti o tom, jak\u00fd je to \u010dlov\u011bk? Nab\u00eddl Slovensku \u00faplatek 500 milion\u016f z na\u0161ich rusk\u00fdch pen\u011bz. Jak k tomu do\u0161lo? Jak se v\u016fbec takov\u00e9 v\u011bci formuluj\u00ed?<\/strong><\/em><\/p>\n<p>-V\u00edte, \u017ee ano, unikla ta informace, kterou \u0159\u00edkal i n\u00e1\u0161 premi\u00e9r Fico. A Ukrajinci \u0159\u00edkali, \u017ee jsme se vzdali 500 milion\u016f eur. Ano, to jsou pen\u00edze zablokovan\u00e9 od rusk\u00fdch firem. Ano, o\u010dek\u00e1v\u00e1me probl\u00e9my s ropou. A budou je\u0161t\u011b v\u011bt\u0161\u00ed. A ten Zelensk\u00fd, kter\u00fd u\u017e nen\u00ed leg\u00e1ln\u011b zvolen\u00fd prezident, se mezin\u00e1rodn\u011b prost\u011b chov\u00e1 jako n\u011bjak\u00fd nezletil\u00fd puber\u0165\u00e1k.<\/p>\n<p><em>-Kam by m\u011blo Rusko sm\u011b\u0159ovat? Na t\u0159i p\u00edsmena\u2026 (pozn. Chuj! \u2013 Do p*dele!)<\/em><\/p>\n<p>-Takhle se politici nechovaj\u00ed. V EU m\u00e1me tak\u00e9 fale\u0161n\u00e9 politiky, jako je t\u0159eba Macron, kter\u00fd mluv\u00ed o pomoci Ukrajin\u011b a pak v Bruselu \u0159\u00edk\u00e1 n\u011bco jin\u00e9ho. Francouzi jsou tak drz\u00ed, \u017ee \u0159\u00edkaj\u00ed, \u017ee n\u00e1m daj\u00ed jadern\u00e9 palivo pro na\u0161e jadern\u00e9 elektr\u00e1rny. Ale my v\u00edme, \u017ee to nen\u00ed mo\u017en\u00e9, \u017ee mus\u00ed poch\u00e1zet z Ruska.<\/p>\n<p><em><strong>-O ukrajinsk\u00e9m konfliktu, o ukrajinsk\u00e9 v\u00e1lce, Zelensk\u00fd, jak je vid\u011bt, nen\u00ed schopen dohody, op\u011bt urazil Slovensko, op\u011bt urazil Fica.<\/strong><\/em><\/p>\n<p><em>-Dob\u0159e, p\u0159ije\u010fte v p\u00e1tek.<\/em><\/p>\n<p>-Ale Slovensko se p\u0159esto nab\u00edz\u00ed jako platforma pro jedn\u00e1n\u00ed mezi Putinem a Donaldem Trumpem. Jak si p\u0159edstavujete v z\u00e1sad\u011b ukon\u010den\u00ed t\u00e9to v\u00e1lky? -Mysl\u00edm, \u017ee je zaj\u00edmav\u00e9, \u017ee se te\u010f ve sv\u011bt\u011b \u0159\u00edk\u00e1, \u017ee to mo\u017en\u00e1 skon\u010d\u00ed t\u00edm, \u017ee Trump a Putin budou jednat. Pro m\u011b by samoz\u0159ejm\u011b bylo lep\u0161\u00ed, kdyby se ta jedn\u00e1n\u00ed konala v Bratislav\u011b. J\u00e1 bych byl r\u00e1d, proto\u017ee v Bratislav\u011b u\u017e jsme m\u011bli jedn\u00e1n\u00ed Putina a Bushe. Bylo by dobr\u00e9, kdyby byl zah\u00e1jen dialog s Trumpem. Ot\u00e1zka Panamsk\u00e9ho pr\u016fplavu, Gr\u00f3nska u\u017e za\u010dala. A tady ten Trump\u016fv postoj je tak\u00e9 velmi zvl\u00e1\u0161tn\u00ed. Tak\u017ee bez Ruska a bez rozhovoru s rusk\u00fdm prezidentem Putinem se to nevy\u0159e\u0161\u00ed. J\u00e1 douf\u00e1m, \u017ee se ta ot\u00e1zka vy\u0159e\u0161\u00ed, proto\u017ee to nejsou jenom probl\u00e9my Ukrajiny, ale i mnoho dal\u0161\u00edch probl\u00e9m\u016f.<\/p>\n<p><em><strong>-Pokud jde o tlak na odv\u00e1\u017en\u00e9 politiky, kte\u0159\u00ed projevuj\u00ed nez\u00e1vislost. Fico poskytl rozhovor na\u0161emu po\u0159adu a byl kritizov\u00e1n. Pr\u00e1v\u011b te\u010f vy poskytujete rozhovor po\u0159adu 60 minut. Jste p\u0159ipraven se br\u00e1nit?<\/strong><\/em><\/p>\n<p>-\u0158ekl jsem v\u00e1m, \u017ee jedn\u00e1me v z\u00e1jmu na\u0161ich lid\u00ed. A je pravda, \u017ee pan Fico byl kritizov\u00e1n na\u0161\u00ed opozic\u00ed. Ale my nedost\u00e1v\u00e1me \u017e\u00e1dn\u00e9 pen\u00edze ze zahrani\u010d\u00ed. \u017dijeme z na\u0161eho st\u00e1tn\u00edho rozpo\u010dtu, tak\u017ee jsme tu \u010dist\u00ed.<\/p>\n<p><em><strong>-Abych v\u00e1s citovala, va\u0161e vyj\u00e1d\u0159en\u00ed se mi velmi l\u00edbilo: \u201cKdo nezn\u00e1 rusk\u00e9 srdce, nev\u00ed, co je to lidskost.\u201d Vy si mysl\u00edte, \u017ee Rusko m\u00e1 srdce, ale Brusel \u017e\u00e1dn\u00e9 srdce nem\u00e1? Vysv\u011btlete to.<\/strong><\/em><\/p>\n<p>-\u0158eknu to takhle. Jmenuji se Danko a vy zn\u00e1te Dankovo srdce. Je to obraz z literatury. M\u016fj kolega, pan Ga\u0161par, tak\u00e9 \u0159\u00edkal, \u017ee pro\u010d se z dobr\u00fdch lid\u00ed d\u011blaj\u00ed \u0161patn\u00ed. Jak m\u016f\u017ee n\u00e1rod, kter\u00fd vytvo\u0159il takovou kulturu, literaturu, kter\u00fd zrodil Pu\u0161kina a Tolst\u00e9ho, kter\u00fd m\u00e1 tak skv\u011bl\u00fd balet a p\u00edsn\u011b. A v obdob\u00ed socialismu jsem poslouchal spoustu r\u016fzn\u00e9 hudby. Zahrani\u010dn\u00ed hudbu, anglickou hudbu, americkou hudbu. Ale ruskou hudbu jsem poslouchal v\u017edycky. Je to kombinace hrdosti a citu, kter\u00fd je jak ve va\u0161em n\u00e1rod\u011b, tak v na\u0161em. Samoz\u0159ejm\u011b i na\u0161e slovansk\u00e1 historie je spole\u010dn\u00e1. Na\u0161e pocity n\u00e1s spojuj\u00ed. Je d\u016fle\u017eit\u00e9, \u017ee se Rusov\u00e9 vr\u00e1tili k hrdosti, vzpomn\u011bli si na ni, na svou vlast. Nen\u00ed to naivn\u00ed, jako tomu bylo za Gorba\u010dova. Nem\u011bli bychom takov\u00e9 \u00fasp\u011bchy ve sportu, kdybyste nem\u011bli n\u00e1rodn\u00ed hrdost. A to je podstata lidskosti, humanity. A n\u011bkdy m\u011b to znepokojuje. Takhle j\u00e1 ch\u00e1pu politiku. Ale c\u00edt\u00edm tady atmosf\u00e9ru p\u0159\u00e1telstv\u00ed.<\/p>\n<p><em><strong>-Moc v\u00e1m d\u011bkuji za tato slova. Je\u0161t\u011b jednou, je to pro n\u00e1\u0161 program velk\u00e1 \u010dest. Je\u0161t\u011b posledn\u00ed ot\u00e1zka. Poda\u0159ilo se v\u00e1m v n\u011bkolika obchodech koupit n\u011bjak\u00e9 suven\u00fdry, n\u011bco z Moskvy? Vezmete je te\u010f s sebou do Bratislavy?<\/strong><\/em><\/p>\n<p>-V\u017edycky si v Moskv\u011b kupuji takov\u00e9 v\u011bci, jako jsou nap\u0159. matrjo\u0161ky, nap\u0159\u00edklad pro sestru a maminku, pro p\u0159\u00e1tele a syny. U\u017e jen proch\u00e1zka po Rud\u00e9m n\u00e1m\u011bst\u00ed, dobr\u00e9 j\u00eddlo a odreagov\u00e1n\u00ed se od tlaku, kter\u00fd m\u00e1me doma, stoj\u00ed za hodn\u011b. A dob\u0159e v\u00edte, \u017ee krom\u011b na\u0161eho ofici\u00e1ln\u00edho programu jsem si ve voln\u00e9m \u010dase obl\u00e9kl d\u017e\u00edny a vyrazil na okraj Moskvy, abych vid\u011bl, jak tu lid\u00e9 opravdu \u017eij\u00ed. A jsem opravdu vd\u011b\u010dn\u00fd za tuto mo\u017enost poznat tuto situaci. A nev\u00edm, jestli se vr\u00e1t\u00edme, jestli budeme pokra\u010dovat v politick\u00e9 kari\u00e9\u0159e na sv\u00fdch postech, nebo ne, uvid\u00edme. Ale r\u00e1d bych se do Petrohradu tak\u00e9 pod\u00edval, ale u\u017e bez n\u011bjak\u00e9 delegace, ale se soukromou n\u00e1v\u0161t\u011bvou, jen tak. Zbo\u017e\u0148uji tato m\u00edsta. Pozdravuji v\u00e1s v\u0161echny. V\u011b\u0159\u00edm, \u017ee jak se \u0159\u00edk\u00e1, co n\u00e1s nezabije, to n\u00e1s pos\u00edl\u00ed. A to plat\u00ed pro n\u00e1\u0161 n\u00e1rod, pro v\u00e1\u0161 n\u00e1rod a pro v\u0161echny n\u00e1rody, kter\u00e9 zde na tomto \u00fazem\u00ed \u017eij\u00ed.<\/p>\n<p><em><strong>-D\u011bkuji v\u00e1m mnohokr\u00e1t. Ur\u010dit\u011b p\u0159ije\u010fte znovu. Petrohrad v\u00e1s p\u0159iv\u00edt\u00e1. P\u0159ije\u010fte se svou rodinou, p\u0159ije\u010fte se sv\u00fdmi d\u011btmi. To byl pan Danko, Andrej Danko, m\u00edstop\u0159edseda N\u00e1rodn\u00ed rady Slovensk\u00e9 republiky. Je\u0161t\u011b jednou v\u00e1m velmi d\u011bkuji. D\u011bkuji v\u00e1m a d\u011bkuji v\u00e1m za va\u0161i odvahu. P\u0159eji v\u00e1m hezk\u00fd den. Na shledanou.<\/strong><\/em><\/p>\n<p>\u2013<em>60 Minut<\/em>\u2013<\/p>\n<p>Slovensko se b\u011bhem kr\u00e1tk\u00e9 doby etablovalo pod Ficov\u00fdm veden\u00edm do respektovan\u00e9ho st\u00e1tu s neutr\u00e1ln\u00edm profilem, a to p\u0159esto, \u017ee zem\u011b je \u010dlenem NATO.\u00a0<strong>Mezit\u00edm \u0160v\u00fdcarsko, kter\u00e9 se t\u011b\u0161ilo stovky let statusu neutr\u00e1ln\u00edho pil\u00ed\u0159e ve sv\u011bt\u011b, tento status podle v\u0161eho definitivn\u011b ztratilo, kdy\u017e se p\u0159ipojilo k protirusk\u00fdm sankc\u00edm<\/strong>\u00a0v rozporu s tzv.\u00a0<em>V\u00edde\u0148skou konvenc\u00ed o neutralit\u011b<\/em>, kter\u00e1 neutr\u00e1ln\u00edm zem\u00edm v\u00fdslovn\u011b zakazuje jakkoliv se zapojovat do ciz\u00edch v\u00e1le\u010dn\u00fdch operac\u00ed, a to v\u010detn\u011b projev\u016f nep\u0159\u00e1telstv\u00ed, jako jsou t\u0159eba sankce proti n\u011bkter\u00e9 z v\u00e1l\u010d\u00edc\u00edch zem\u00ed. Podle \u0161v\u00fdcarsk\u00fdch novin\u00e1\u0159\u016f Bern ztratil svoji neutralitu kv\u016fli obav\u00e1m z americk\u00fdch dolarov\u00fdch sankc\u00ed proti bank\u00e1m v alpsk\u00e9 zemi, tak\u017ee \u0160v\u00fdcarsko bylo donuceno se k sankc\u00edm p\u0159ipojit a t\u00edm diskvalifikovat svoji stovky let budovanou neutralitu.<\/p>\n<h6><span style=\"font-size: 18pt;\">Slovensko se st\u00e1v\u00e1 pro Kreml br\u00e1nou k normalizaci vztah\u016f s EU<\/span><\/h6>\n<p>Podobn\u011b dopadlo i neutr\u00e1ln\u00ed Rakousko, kter\u00e9 rovn\u011b\u017e uvalilo na Rusko sankce p\u0159i hlasov\u00e1n\u00edch v Evropsk\u00e9 rad\u011b. Z toho d\u016fvodu pr\u00e1v\u011b Ficovo Slovensko se v sou\u010dasn\u00e9 dob\u011b jev\u00ed jako jedin\u00e1 unijn\u00ed zem\u011b, kter\u00e1 raz\u00ed charakter neutr\u00e1ln\u00edho st\u00e1tu a Kreml ten postoj vyhodnotil jako autentick\u00fd. Samoz\u0159ejm\u011b, \u017ee slovensk\u00e9 soukrom\u00e9 firmy pos\u00edlaj\u00ed zbran\u011b na Ukrajinu d\u00e1l, ale z pohledu Kremlu jde o politiku a postoje vl\u00e1dy, a ty byly vyhodnoceny jako m\u00edrov\u00e9 a siln\u011b neutr\u00e1ln\u00ed, \u010di dokonce s p\u0159esahem k p\u0159\u00e1telsk\u00fdm vztah\u016fm k Rusku, co\u017e koneckonc\u016f potvrdila nejprve Ficova a pot\u00e9 Dankova n\u00e1v\u0161t\u011bva v Moskv\u011b. A Fic\u016fv otev\u0159en\u00fd dopis Zelensk\u00e9mu to zabetonoval.<\/p>\n<div class=\"twitter-tweet twitter-tweet-rendered\"><a href=\"https:\/\/x.com\/peacemaket71\/status\/1878825266690261284?ref_src=twsrc%5Etfw%7Ctwcamp%5Etweetembed%7Ctwterm%5E1878825266690261284%7Ctwgr%5E70ced1617a0053ce71fa81cde99f9c8c2ceddc6a%7Ctwcon%5Es1_&amp;ref_url=https%3A%2F%2Faeronet.news%2Fmistopredseda-narodni-rady-sr-poskytl-ruske-televizi-exkluzivni-rozhovor-a-po-robertu-ficovi-jde-jiz-o-druheho-vysokeho-slovenskeho-politika-v-poradu-olgy-skabejevove%2F\"><img decoding=\"async\" loading=\"lazy\" class=\"wp-image-70280 aligncenter\" src=\"http:\/\/www.infokuryr.cz\/n\/wp-content\/uploads\/2025\/01\/x-fic-298x300.jpg\" alt=\"\" width=\"578\" height=\"582\" srcset=\"https:\/\/www.infokuryr.cz\/n\/wp-content\/uploads\/2025\/01\/x-fic-298x300.jpg 298w, https:\/\/www.infokuryr.cz\/n\/wp-content\/uploads\/2025\/01\/x-fic-150x150.jpg 150w, https:\/\/www.infokuryr.cz\/n\/wp-content\/uploads\/2025\/01\/x-fic.jpg 595w\" sizes=\"(max-width: 578px) 100vw, 578px\" \/><\/a><\/div>\n<p>Rusko si tud\u00ed\u017e vybralo Slovensko jako sty\u010dn\u00e9ho partnera v EU. Pro\u010d si ale nevybralo Orb\u00e1na a Ma\u010farsko? Ten d\u016fvod je jasn\u00fd, a to jsou vztahy Orb\u00e1na s USA. Viktor Orb\u00e1n m\u00e1 velice v\u0159el\u00e9 vztahy s USA, a t\u00edm se nemysl\u00ed jen vztahy s Trumpem, ale bohu\u017eel obecn\u011b i s americk\u00fdm Deep State. A to p\u0159edstavuje pro Kreml v\u00e1\u017en\u00fd probl\u00e9m.\u00a0<strong>Uk\u00e1zalo se toti\u017e, \u017ee Orb\u00e1n nen\u00ed vysloven\u011b proti sankc\u00edm proti Rusku, ale je proti sankc\u00edm je z d\u016fvod\u016f p\u00e1ky na Evropskou komisi<\/strong>, aby zru\u0161ila blokaci fond\u016f EU pro Ma\u010farsko, k \u010demu\u017e do\u0161lo v odvet\u011b Bruselu za p\u0159ijet\u00ed z\u00e1kon\u016f proti neziskov\u00e9mu sektoru v Ma\u010farsku.<\/p>\n<h6><span style=\"font-size: 18pt;\">Fico a Trump jako dva k\u00e1d\u0159i, kter\u00e9 se Deep State pokusil odd\u011blat nadvakr\u00e1t \u2013 politicky a potom fyzicky<\/span><\/h6>\n<p>Stejn\u011b tak se Orb\u00e1n nestal ob\u011bt\u00ed st\u0159elby, na rozd\u00edl od Fica, a nem\u00e1 takovou z\u00e1\u0161\u0165 v\u016f\u010di americk\u00e9mu Deep State jako Fico, kter\u00fd za\u017eil v roce 2018 st\u00e1tn\u00ed p\u0159evrat \u0159\u00edzen\u00fd na Slovensku pr\u00e1v\u011b\u00a0<em>Deep State<\/em>\u00a0skrze oper\u00e1tory S\u00f3ro\u0161ovy profesion\u00e1ln\u00ed a diverzn\u00ed organizace\u00a0<em>Open Society<\/em>, kter\u00e1 se maskuje jako neziskov\u00fd subjekt, ale ve skute\u010dnosti jde o diverzn\u00ed organizaci napojenou na americk\u00e9 tajn\u00e9 slu\u017eby.<\/p>\n<p>P\u0159esn\u011b takto to uvedla v hodnocen\u00ed p\u0159ed lety rusk\u00e1 rozv\u011bdka SVR p\u0159edt\u00edm, ne\u017e byla\u00a0<em>Open Society<\/em>\u00a0v Rusku za\u0159azena na seznam organizac\u00ed se z\u00e1kazem \u010dinnosti v Rusku.\u00a0<strong>Fico se prost\u011b stal dvakr\u00e1t ob\u011bt\u00ed Deep State o svoji likvidaci \u2013 nejprve pokus o politickou likvidaci v roce 2018, a pot\u00e9 pokus o fyzickou likvidaci 15. kv\u011btna minul\u00e9ho roku.<\/strong>\u00a0<strong>Stejn\u011b jako Trump.<\/strong>\u00a0To je ten spojovac\u00ed mechanismus vedouc\u00ed k summitu v Bratislav\u011b.<\/p>\n<figure id=\"attachment_60346\" class=\"wp-caption aligncenter\"><a href=\"https:\/\/aeronet.news\/wp-content\/uploads\/TrumpShotButler.jpg\"><img decoding=\"async\" loading=\"lazy\" class=\"wp-image-60346 size-large\" src=\"https:\/\/aeronet.news\/wp-content\/uploads\/TrumpShotButler-1024x576.jpg\" sizes=\"(max-width: 700px) 100vw, 700px\" srcset=\"https:\/\/aeronet.news\/wp-content\/uploads\/TrumpShotButler-1024x576.jpg 1024w, https:\/\/aeronet.news\/wp-content\/uploads\/TrumpShotButler-300x169.jpg 300w, https:\/\/aeronet.news\/wp-content\/uploads\/TrumpShotButler-768x432.jpg 768w, https:\/\/aeronet.news\/wp-content\/uploads\/TrumpShotButler-700x394.jpg 700w, https:\/\/aeronet.news\/wp-content\/uploads\/TrumpShotButler-635x357.jpg 635w, https:\/\/aeronet.news\/wp-content\/uploads\/TrumpShotButler-859x483.jpg 859w, https:\/\/aeronet.news\/wp-content\/uploads\/TrumpShotButler.jpg 1280w\" alt=\"\" width=\"700\" height=\"394\" \/><\/a><figcaption class=\"wp-caption-text\">Donald Trump b\u011bhem st\u0159elby na m\u00edtinku v Butleru v Pensylv\u00e1nii<\/figcaption><\/figure>\n<p>Fico je tedy vyl\u00e9\u010den z d\u016fv\u011bry v americk\u00fd Deep State, tak\u017ee je dokonal\u00fdm partnerem pro Moskvu jako neutr\u00e1ln\u00ed k\u00e1dr. Fico samoz\u0159ejm\u011b balancuje na ost\u0159\u00ed no\u017ee sv\u00e9 \u0161iroce rozkro\u010den\u00e9 duhov\u00e9 koalice, kde jsou pospolu socialist\u00e9, liber\u00e1lov\u00e9 a n\u00e1rodovci. Dohromady je spojuje odpor proti slovensk\u00e9 neoliber\u00e1ln\u00ed opozici, p\u0159i\u010dem\u017e k\u0159ehk\u00e1 v\u011bt\u0161ina v N\u00e1rodn\u00ed rad\u011b SR je trvale vystavena pokus\u016fm o rozborku r\u016fzn\u00fdmi tlaky, um\u011ble vyvolan\u00fdmi konflikty a b\u016fhv\u00ed \u010d\u00edm dal\u0161\u00edm. Trump\u016fv p\u0159\u00edchod a n\u00e1vrat do B\u00edl\u00e9ho domu bude kl\u00ed\u010dov\u00fd. Uvid\u00edme z\u00e1hy po 20. lednu, jak\u00e9 kroky nastanou a jestli opravdu bude snaha o p\u0159esun americk\u00e9 pozornosti od Ukrajiny k \u010c\u00edn\u011b realizov\u00e1na tak rychle a hladce, jak se o\u010dek\u00e1v\u00e1, nebo se do\u010dk\u00e1me n\u011b\u010deho ne\u010dekan\u00e9ho.<\/p>\n<p><a href=\"https:\/\/aeronet.news\/mistopredseda-narodni-rady-sr-poskytl-ruske-televizi-exkluzivni-rozhovor-a-po-robertu-ficovi-jde-jiz-o-druheho-vysokeho-slovenskeho-politika-v-poradu-olgy-skabejevove\/\">-VK-<\/a><\/p>\n<p>&nbsp;<\/p>\n","protected":false},"excerpt":{"rendered":"<p>M\u00edstop\u0159edseda N\u00e1rodn\u00ed rady SR poskytl rusk\u00e9 televizi exkluzivn\u00ed rozhovor a po Robertu Ficovi jde ji\u017e&#8230;<\/p>\n","protected":false},"author":2,"featured_media":70281,"comment_status":"closed","ping_status":"closed","sticky":false,"template":"","format":"standard","meta":[],"categories":[6],"tags":[1042,8447,1052,22,203],"_links":{"self":[{"href":"https:\/\/www.infokuryr.cz\/n\/wp-json\/wp\/v2\/posts\/70278"}],"collection":[{"href":"https:\/\/www.infokuryr.cz\/n\/wp-json\/wp\/v2\/posts"}],"about":[{"href":"https:\/\/www.infokuryr.cz\/n\/wp-json\/wp\/v2\/types\/post"}],"author":[{"embeddable":true,"href":"https:\/\/www.infokuryr.cz\/n\/wp-json\/wp\/v2\/users\/2"}],"replies":[{"embeddable":true,"href":"https:\/\/www.infokuryr.cz\/n\/wp-json\/wp\/v2\/comments?post=70278"}],"version-history":[{"count":0,"href":"https:\/\/www.infokuryr.cz\/n\/wp-json\/wp\/v2\/posts\/70278\/revisions"}],"wp:featuredmedia":[{"embeddable":true,"href":"https:\/\/www.infokuryr.cz\/n\/wp-json\/wp\/v2\/media\/70281"}],"wp:attachment":[{"href":"https:\/\/www.infokuryr.cz\/n\/wp-json\/wp\/v2\/media?parent=70278"}],"wp:term":[{"taxonomy":"category","embeddable":true,"href":"https:\/\/www.infokuryr.cz\/n\/wp-json\/wp\/v2\/categories?post=70278"},{"taxonomy":"post_tag","embeddable":true,"href":"https:\/\/www.infokuryr.cz\/n\/wp-json\/wp\/v2\/tags?post=70278"}],"curies":[{"name":"wp","href":"https:\/\/api.w.org\/{rel}","templated":true}]}}