{"id":70272,"date":"2025-01-16T05:35:26","date_gmt":"2025-01-16T04:35:26","guid":{"rendered":"https:\/\/www.infokuryr.cz\/n\/?p=70272"},"modified":"2025-01-16T05:35:26","modified_gmt":"2025-01-16T04:35:26","slug":"francouzske-divadlo-pozvalo-cerne-uprchliky-zdarma-na-predstaveni-ti-se-rozhodli-v-divadle-zustat-natrvalo-divadlo-muselo-vyhlasit-bankrot","status":"publish","type":"post","link":"https:\/\/www.infokuryr.cz\/n\/2025\/01\/16\/francouzske-divadlo-pozvalo-cerne-uprchliky-zdarma-na-predstaveni-ti-se-rozhodli-v-divadle-zustat-natrvalo-divadlo-muselo-vyhlasit-bankrot\/","title":{"rendered":"Francouzsk\u00e9 divadlo pozvalo \u010dern\u00e9 uprchl\u00edky zdarma na p\u0159edstaven\u00ed, ti se rozhodli v divadle z\u016fstat natrvalo\u2026 Divadlo muselo vyhl\u00e1sit bankrot\u2026"},"content":{"rendered":"<div id=\"fb-root\"><\/div>\n<p>Touha ni\u010dit svoj\u00ed zemi v \u017eoldu glob\u00e1ln\u00edch elit se n\u011bkdy obr\u00e1t\u00ed jako bumerang proti pachatel\u016fm.<\/p>\n<p>Vypr\u00e1v\u011bt by o tom mohlo\u00a0<strong>veden\u00ed divadla\u00a0<a href=\"https:\/\/www.gaite-lyrique.net\/\">Gaite lyrique v Pa\u0159\u00ed\u017ei.<\/a> V r\u00e1mci podpory masov\u00e9 migrace a multikulturalismu pozvalo \u010dern\u00e9 uprchl\u00edky na p\u0159edstaven\u00ed, kter\u00e9 m\u011blo obohatit jejich t\u011b\u017ek\u00fd \u017eivot ve Francii.<\/strong><\/p>\n<p><strong>Obohacuj\u00edc\u00ed uprchl\u00edci si ti vysv\u011btlili po sv\u00e9m a rovnou se v divadle ubytovali a odm\u00edtaj\u00ed ho opustit. Divadlo proto muselo zru\u0161it p\u0159edstaven\u00ed a t\u00edm p\u00e1dem p\u0159i\u0161lo i o zdroj p\u0159\u00edjm\u016f a muselo vyhl\u00e1sit bankrot. Veden\u00ed divadla na\u0159\u00edk\u00e1, \u017ee je to vina policie a m\u011bsta, \u017ee uprchl\u00edky nevyst\u011bhovalo.<\/strong><\/p>\n<p><strong>Tomu se \u0159\u00edk\u00e1, u\u0159\u00edznout si v\u011btev, na kter\u00e9 hlup\u00e1k s\u00e1m sed\u00ed a ten se pak div\u00ed, \u017ee spadnul dol\u016f. To je bohu\u017eel ment\u00e1ln\u00ed stav dne\u0161n\u00edho m\u011bstsk\u00e9ho vzd\u011blan\u00e9ho \u010dlov\u011bka \u2013 lib. dem\u00e1ka, kter\u00fd ve snaze zal\u00edbit se ciz\u00edm p\u00e1n\u016fm horliv\u011b pracuje na zni\u010den\u00ed sv\u00e9 zem\u011b. Jen mu nedoch\u00e1z\u00ed, \u017ee likviduje i s\u00e1m sebe\u2026.<\/strong><\/p>\n<p><a href=\"https:\/\/ceskavec.com\/2025\/01\/francouzske-divadlo-pozvalo-cerne-uprchliky-zdarma-na-predstaveni-ti-se-rozhodli-v-divadle-zustat-natrvalo-divadlo-muselo-vyhlasit-bankrot\">Lenni Cupkakov\u00e1<\/a>, Paris, France<\/p>\n<p>&nbsp;<\/p>\n","protected":false},"excerpt":{"rendered":"<p>Touha ni\u010dit svoj\u00ed zemi v \u017eoldu glob\u00e1ln\u00edch elit se n\u011bkdy obr\u00e1t\u00ed jako bumerang proti pachatel\u016fm&#8230;.<\/p>\n","protected":false},"author":2,"featured_media":70273,"comment_status":"closed","ping_status":"closed","sticky":false,"template":"","format":"standard","meta":[],"categories":[7],"tags":[641,130,119],"_links":{"self":[{"href":"https:\/\/www.infokuryr.cz\/n\/wp-json\/wp\/v2\/posts\/70272"}],"collection":[{"href":"https:\/\/www.infokuryr.cz\/n\/wp-json\/wp\/v2\/posts"}],"about":[{"href":"https:\/\/www.infokuryr.cz\/n\/wp-json\/wp\/v2\/types\/post"}],"author":[{"embeddable":true,"href":"https:\/\/www.infokuryr.cz\/n\/wp-json\/wp\/v2\/users\/2"}],"replies":[{"embeddable":true,"href":"https:\/\/www.infokuryr.cz\/n\/wp-json\/wp\/v2\/comments?post=70272"}],"version-history":[{"count":0,"href":"https:\/\/www.infokuryr.cz\/n\/wp-json\/wp\/v2\/posts\/70272\/revisions"}],"wp:featuredmedia":[{"embeddable":true,"href":"https:\/\/www.infokuryr.cz\/n\/wp-json\/wp\/v2\/media\/70273"}],"wp:attachment":[{"href":"https:\/\/www.infokuryr.cz\/n\/wp-json\/wp\/v2\/media?parent=70272"}],"wp:term":[{"taxonomy":"category","embeddable":true,"href":"https:\/\/www.infokuryr.cz\/n\/wp-json\/wp\/v2\/categories?post=70272"},{"taxonomy":"post_tag","embeddable":true,"href":"https:\/\/www.infokuryr.cz\/n\/wp-json\/wp\/v2\/tags?post=70272"}],"curies":[{"name":"wp","href":"https:\/\/api.w.org\/{rel}","templated":true}]}}