{"id":70269,"date":"2025-01-16T00:46:47","date_gmt":"2025-01-15T23:46:47","guid":{"rendered":"https:\/\/www.infokuryr.cz\/n\/?p=70269"},"modified":"2025-01-15T15:17:05","modified_gmt":"2025-01-15T14:17:05","slug":"jana-markova-tak-tohle-je-presne-ta-vec-ktera-me-muze-vzteknout-k-nepricetnosti","status":"publish","type":"post","link":"https:\/\/www.infokuryr.cz\/n\/2025\/01\/16\/jana-markova-tak-tohle-je-presne-ta-vec-ktera-me-muze-vzteknout-k-nepricetnosti\/","title":{"rendered":"Jana Markov\u00e1: Tak tohle je p\u0159esn\u011b ta v\u011bc, kter\u00e1 m\u011b m\u016f\u017ee vzteknout k nep\u0159\u00ed\u010detnosti"},"content":{"rendered":"<div id=\"fb-root\"><\/div>\n<header class=\"entry-header\">\u201eS\u00eddli\u0161t\u011b Moj\u017e\u00ed\u0159 v\u00a0\u00dast\u00ed nad Labem, kde \u017eij\u00ed t\u00e9m\u011b\u0159 v\u00fdhradn\u011b Romov\u00e9, se pot\u00fdk\u00e1 s\u00a0vysok\u00fdm v\u00fdskytem parazit\u016f. Kv\u016fli v\u0161\u00edm dokonce zn\u00e1m\u00fd romsk\u00fd aktivista Karel Karika, kter\u00fd se situac\u00ed ve vylou\u010den\u00e9 lokalit\u011b dlouhodob\u011b zab\u00fdv\u00e1, \u017e\u00e1d\u00e1 ve\u0159ejnost o\u00a0speci\u00e1ln\u00ed \u0161ampony nebo o\u00a0pen\u00edze na jejich po\u0159\u00edzen\u00ed.\u201c<\/header>\n<p><span style=\"font-size: 18pt;\"><strong>1.<\/strong> <\/span>D\u0159\u00edve to bylo tak, \u017ee pokud se vyskytly v\u0161i, tak se prost\u011b t\u0159\u00edda doma direktivn\u011b odv\u0161ivila a nazdar. Te\u010f se bere ohled na \u00fatlocit a moment\u00e1ln\u00ed chu\u0165 rodi\u010d\u016f s t\u00edm n\u011bco d\u011blat. A my se pak div\u00edme, \u017ee tu m\u00e1me druhy odoln\u00fdch v\u0161\u00ed, kter\u00e9 p\u0159e\u017eij\u00ed i Cyklon B. Za m\u011b jednoduch\u00fd. M\u00e1\u0161 v\u0161i a odm\u00edt\u00e1\u0161 s t\u00edm cokoliv d\u011blat, nepoleze\u0161 do kolektivu. Ani do \u0161koly. U\u010ditelka si to zkontroluje.<\/p>\n<p><span style=\"font-size: 18pt;\"><strong>2.<\/strong><\/span> Jsi na d\u00e1vk\u00e1ch a\u00a0podpor\u00e1ch? Dost\u00e1v\u00e1\u0161 p\u0159\u00eddavky na d\u00edt\u011b, bydlen\u00ed a\u00a0j\u00e1 nev\u00edm co? Nepos\u00edl\u00e1\u0161 sv\u00e9 d\u011bti do \u0161koly? Klidn\u011b kv\u016fli t\u011bm v\u0161\u00edm, se kter\u00fdmi nic ned\u011bl\u00e1\u0161, tak je pob\u00edrat NEBUDE\u0160.<\/p>\n<p><span style=\"font-size: 18pt;\"><strong>3.<\/strong><\/span> Charita vyhla\u0161uje sb\u00edrky na \u0161ampony na h\u0159eb\u00ednky pro posti\u017een\u00e9 lokality. A\u00a0kdy\u017e je nevybere? Tak co? Jak to, \u017ee u\u017e tam nepan\u00e1\u010dkuje Romea a\u00a0neodv\u0161ivuje? Jak to, \u017ee ke ka\u017ed\u00e9 vyplacen\u00e9 soci\u00e1ln\u00ed d\u00e1vce nen\u00ed \u00fa\u010dtenka za \u0161ampon a\u00a0n\u011bco proti \u0161t\u011bnic\u00edm, kter\u00e9 si pr\u00fd d\u011bti nos\u00ed v\u00a0aktovk\u00e1ch? Pro\u010d t\u00edm maj\u00ed trp\u011bt v\u0161echny ostatn\u00ed d\u011bti? A\u00a0nepi\u0161te mi tady, \u017ee jsem rasistka a\u00a0j\u00e1 nev\u00edm co. A\u00a0u\u017e v\u016fbec mi to nepi\u0161te, pokud jste z\u00a0Prahy a\u00a0va\u0161e d\u011bti chod\u00ed na v\u00fdb\u011brov\u00e9 \u0161koly. Rozhodn\u011b ne do chv\u00edle, ne\u017e si d\u00e1te sv\u00e9 d\u011bti pohr\u00e1t do dru\u017einy v\u00a0\u00dast\u00ed!<\/p>\n<p><span style=\"font-size: 18pt;\"><strong>4.<\/strong><\/span> Tahle idiotsk\u00e1 korektnost, kdy v\u011bt\u0161ina trp\u00ed na \u00fakor men\u0161iny a\u00a0p\u0159\u00edpadn\u00fdch volebn\u00edch hlas\u016f od nich, n\u00e1s jednou zabije. Pokud n\u00e1s do t\u00e9 doby nese\u017eerou v\u0161i a\u00a0\u0161t\u011bnice. Tady je pot\u0159eba ten probl\u00e9m jasn\u011b ozna\u010dit, ur\u010dit a\u00a0\u0159e\u0161it. A\u00a0v\u011b\u0159\u00edm, \u017ee ten, kdo se toho ujme, a\u00a0nebude strachy bez sebe, aby ne\u0159ekl n\u011bco nekorektn\u011b, nakonec v\u00a0\u00dast\u00ed vyhraje. A\u00a0jestli to bude n\u011bjak\u00fd \u201eextr\u00e9mista\u201c je jen va\u0161e chyba, vy protek\u010dn\u00ed lep\u0161olidi daleko ve sv\u00fdch vil\u00e1ch. Vy jste dopustili extr\u00e9mn\u00ed situace, vy nesete odpov\u011bdnost za extr\u00e9mn\u00ed d\u016fsledky.<\/p>\n<p>Posledn\u00ed v\u011bta je univerz\u00e1ln\u00ed a\u00a0plat\u00ed nejen pro ve\u0161 d\u011btskou.<\/p>\n<p><em><strong>Jana Markov\u00e1<\/strong><\/em><\/p>\n<p><img decoding=\"async\" loading=\"lazy\" class=\"alignnone size-full wp-image-34862\" src=\"http:\/\/www.infokuryr.cz\/n\/wp-content\/uploads\/2023\/08\/jana-markova.jpg\" alt=\"\" width=\"180\" height=\"180\" srcset=\"https:\/\/www.infokuryr.cz\/n\/wp-content\/uploads\/2023\/08\/jana-markova.jpg 180w, https:\/\/www.infokuryr.cz\/n\/wp-content\/uploads\/2023\/08\/jana-markova-150x150.jpg 150w\" sizes=\"(max-width: 180px) 100vw, 180px\" \/><\/p>\n","protected":false},"excerpt":{"rendered":"<p>\u201eS\u00eddli\u0161t\u011b Moj\u017e\u00ed\u0159 v\u00a0\u00dast\u00ed nad Labem, kde \u017eij\u00ed t\u00e9m\u011b\u0159 v\u00fdhradn\u011b Romov\u00e9, se pot\u00fdk\u00e1 s\u00a0vysok\u00fdm v\u00fdskytem parazit\u016f&#8230;.<\/p>\n","protected":false},"author":2,"featured_media":70270,"comment_status":"closed","ping_status":"closed","sticky":false,"template":"","format":"standard","meta":[],"categories":[6],"tags":[1503,574,807,8445],"_links":{"self":[{"href":"https:\/\/www.infokuryr.cz\/n\/wp-json\/wp\/v2\/posts\/70269"}],"collection":[{"href":"https:\/\/www.infokuryr.cz\/n\/wp-json\/wp\/v2\/posts"}],"about":[{"href":"https:\/\/www.infokuryr.cz\/n\/wp-json\/wp\/v2\/types\/post"}],"author":[{"embeddable":true,"href":"https:\/\/www.infokuryr.cz\/n\/wp-json\/wp\/v2\/users\/2"}],"replies":[{"embeddable":true,"href":"https:\/\/www.infokuryr.cz\/n\/wp-json\/wp\/v2\/comments?post=70269"}],"version-history":[{"count":1,"href":"https:\/\/www.infokuryr.cz\/n\/wp-json\/wp\/v2\/posts\/70269\/revisions"}],"predecessor-version":[{"id":70271,"href":"https:\/\/www.infokuryr.cz\/n\/wp-json\/wp\/v2\/posts\/70269\/revisions\/70271"}],"wp:featuredmedia":[{"embeddable":true,"href":"https:\/\/www.infokuryr.cz\/n\/wp-json\/wp\/v2\/media\/70270"}],"wp:attachment":[{"href":"https:\/\/www.infokuryr.cz\/n\/wp-json\/wp\/v2\/media?parent=70269"}],"wp:term":[{"taxonomy":"category","embeddable":true,"href":"https:\/\/www.infokuryr.cz\/n\/wp-json\/wp\/v2\/categories?post=70269"},{"taxonomy":"post_tag","embeddable":true,"href":"https:\/\/www.infokuryr.cz\/n\/wp-json\/wp\/v2\/tags?post=70269"}],"curies":[{"name":"wp","href":"https:\/\/api.w.org\/{rel}","templated":true}]}}