{"id":70141,"date":"2025-01-14T00:40:35","date_gmt":"2025-01-13T23:40:35","guid":{"rendered":"https:\/\/www.infokuryr.cz\/n\/?p=70141"},"modified":"2025-01-13T17:39:32","modified_gmt":"2025-01-13T16:39:32","slug":"nemecko-nasilneho-iranskeho-migranta-s-27-identitami-nelze-deportovat-prestoze-zapalil-kino","status":"publish","type":"post","link":"https:\/\/www.infokuryr.cz\/n\/2025\/01\/14\/nemecko-nasilneho-iranskeho-migranta-s-27-identitami-nelze-deportovat-prestoze-zapalil-kino\/","title":{"rendered":"N\u011bmecko: N\u00e1siln\u00e9ho \u00edr\u00e1nsk\u00e9ho migranta s 27 identitami nelze deportovat, p\u0159esto\u017ee zap\u00e1lil kino"},"content":{"rendered":"<div id=\"fb-root\"><\/div>\n<h2 class=\"s-tagline fw-tagline\"><span>Dal\u0161\u00ed p\u0159\u00edpad n\u00e1siln\u00e9ho zlo\u010dince, kter\u00e9ho nelze vyhostit<\/span><\/h2>\n<p><span>38let\u00fd \u00edr\u00e1nsk\u00fd migrant Hassan AN sp\u00e1chal obrovsk\u00e9 mno\u017estv\u00ed n\u00e1siln\u00fdch trestn\u00fdch \u010din\u016f jak v N\u011bmecku, tak ve Francii a dok\u00e1zal oklamat \u00fa\u0159ady v cel\u00e9 Evrop\u011b sv\u00fdmi 27 r\u016fzn\u00fdmi identifikacemi, ale nem\u016f\u017ee b\u00fdt deportov\u00e1n zp\u011bt do \u00cdr\u00e1nu.<\/span><\/p>\n<p><span>Tento tvrd\u00fd zlo\u010dinec loni zap\u00e1lil divadlo Cinemaxx na hlavn\u00edm n\u00e1dra\u017e\u00ed Krefeld, co\u017e vedlo k tomu, \u017ee policie mu\u017ee zast\u0159elila. Zp\u016fsobil jen mal\u00fd po\u017e\u00e1r a kou\u0159 v divadle, ale vynutil si evakuaci a mohl snadno zab\u00edt mnoho divadeln\u00edk\u016f, kdyby nebyl v\u010das spat\u0159en.<\/span><\/p>\n<p><span>Video policejn\u00ed reakce na divadlo bylo \u0161iroce distribuov\u00e1no na soci\u00e1ln\u00edch s\u00edt\u00edch. Navzdory tomu, \u017ee byl bezpe\u010dnostn\u00edmi slo\u017ekami pozorov\u00e1n jako potenci\u00e1ln\u00ed hrozba, mu\u017e se st\u00e1le mohl z\u00fa\u010dastnit \u017eh\u00e1\u0159sk\u00e9ho \u00fatoku proti divadlu.<\/span><\/p>\n<p><span>&#8222;Repatriace do \u00cdr\u00e1nu v sou\u010dasnosti&#8230; nep\u0159ipad\u00e1 v \u00favahu,&#8220; \u0159ekla ministryn\u011b pro uprchl\u00edky Severn\u00edho Por\u00fdn\u00ed-Vestf\u00e1lska Josefine Paulov\u00e1, kter\u00e1 je politi\u010dkou Strany zelen\u00fdch. Prohl\u00e1\u0161en\u00ed bylo zve\u0159ejn\u011bno na z\u00e1klad\u011b \u017e\u00e1dosti AfD, kter\u00e1 se ptala na status migranta v N\u011bmecku.<\/span><\/p>\n<p><span>Podle ministerstva pro uprchl\u00edky Hassan A. \u201enem\u00e1 \u017e\u00e1dn\u00e9 cestovn\u00ed doklady a v minulosti nespolupracoval na z\u00edsk\u00e1n\u00ed sv\u00e9ho pasu\u201c.<\/span><\/p>\n<p><span>\u00cdr\u00e1n tak\u00e9 bojuje proti deportac\u00edm zp\u011bt do zem\u011b a p\u0159ijme pouze ty, kte\u0159\u00ed se \u201edobrovoln\u011b\u201c vr\u00e1t\u00ed.<\/span><\/p>\n<p><span>Policie uv\u00e1d\u00ed, \u017ee mu\u017e poprv\u00e9 vstoupil do N\u011bmecka v roce 2002 a byl uzn\u00e1n jako \u201etolerovan\u00fd\u201c migrant, p\u0159esto\u017ee se v zemi zdr\u017eoval neleg\u00e1ln\u011b. Mu\u017e v\u0161ak po\u017e\u00e1dal o azyl po cel\u00e9 Evrop\u011b, v\u010detn\u011b \u0160v\u00fdcarska, Rakouska, D\u00e1nska, \u0160v\u00e9dska a Norska, uv\u00e1d\u00ed zpr\u00e1va\u00a0<\/span><a href=\"https:\/\/www.bild.de\/politik\/inland\/kino-anzuender-von-krefeld-kann-nicht-abgeschoben-werden-677fd9d20e593f6685fcc85c\"><span>Bildu<\/span><\/a><span>\u00a0. Mu\u017e m\u011bl tak\u00e9 27 identit, kter\u00e9 pou\u017e\u00edval po cel\u00e9m kontinentu.<\/span><\/p>\n<p><span>N\u011bkolik let \u017eil tak\u00e9 ve Francii, kde byl n\u011bkolikr\u00e1t zat\u010den. Sp\u00e1chal tam z\u00e1va\u017en\u00e9 trestn\u00e9 \u010diny, od roku 2010 str\u00e1vil \u010dty\u0159i roky a \u0161est m\u011bs\u00edc\u016f ve v\u011bzen\u00ed za p\u0159edchoz\u00ed ubl\u00ed\u017een\u00ed na zdrav\u00ed, pokus o zn\u00e1siln\u011bn\u00ed, po\u0161kozen\u00ed majetku a kladen\u00ed odporu p\u0159i zat\u00fdk\u00e1n\u00ed.<\/span><\/p>\n<p><span>Navzdory tomu, \u017ee byl ve Francii odsouzen k \u201e23 trest\u016fm odn\u011bt\u00ed svobody\u201c, se podle ministerstva vnitra NRW st\u00e1le vr\u00e1til do N\u011bmecka.<\/span><\/p>\n<p><span>Ani Francie ho nechce zp\u011bt, p\u0159i\u010dem\u017e \u017e\u00e1dosti NRW byly zam\u00edtnuty \u201ebez dal\u0161\u00edho od\u016fvodn\u011bn\u00ed\u201c, kdy\u017e se ho pokusily p\u0159edat zp\u011bt francouzsk\u00fdm \u00fa\u0159ad\u016fm.<\/span><\/p>\n<p><span>M\u00edsto deportace zp\u011bt do \u00cdr\u00e1nu ho nyn\u00ed ministerstvo vnitra v n\u011bmeck\u00e9m st\u00e1t\u011b usiluje o jeho op\u011btovn\u00e9 odesl\u00e1n\u00ed zp\u011bt do Francie.<\/span><\/p>\n<p><span>\u201eV t\u00e9to z\u00e1le\u017eitosti jsme ji\u017e znovu kontaktovali francouzsk\u00e9 \u00fa\u0159ady,\u201c uvedlo ministerstvo.<\/span><\/p>\n<p><img decoding=\"async\" loading=\"lazy\" class=\"alignnone size-full wp-image-1185\" src=\"http:\/\/www.infokuryr.cz\/n\/wp-content\/uploads\/2021\/04\/kuryr-podpis.png\" alt=\"\" width=\"84\" height=\"24\" \/><\/p>\n<p>&nbsp;<\/p>\n","protected":false},"excerpt":{"rendered":"<p>Dal\u0161\u00ed p\u0159\u00edpad n\u00e1siln\u00e9ho zlo\u010dince, kter\u00e9ho nelze vyhostit 38let\u00fd \u00edr\u00e1nsk\u00fd migrant Hassan AN sp\u00e1chal obrovsk\u00e9 mno\u017estv\u00ed&#8230;<\/p>\n","protected":false},"author":2,"featured_media":70142,"comment_status":"closed","ping_status":"closed","sticky":false,"template":"","format":"standard","meta":[],"categories":[7],"tags":[1891,551,84],"_links":{"self":[{"href":"https:\/\/www.infokuryr.cz\/n\/wp-json\/wp\/v2\/posts\/70141"}],"collection":[{"href":"https:\/\/www.infokuryr.cz\/n\/wp-json\/wp\/v2\/posts"}],"about":[{"href":"https:\/\/www.infokuryr.cz\/n\/wp-json\/wp\/v2\/types\/post"}],"author":[{"embeddable":true,"href":"https:\/\/www.infokuryr.cz\/n\/wp-json\/wp\/v2\/users\/2"}],"replies":[{"embeddable":true,"href":"https:\/\/www.infokuryr.cz\/n\/wp-json\/wp\/v2\/comments?post=70141"}],"version-history":[{"count":0,"href":"https:\/\/www.infokuryr.cz\/n\/wp-json\/wp\/v2\/posts\/70141\/revisions"}],"wp:featuredmedia":[{"embeddable":true,"href":"https:\/\/www.infokuryr.cz\/n\/wp-json\/wp\/v2\/media\/70142"}],"wp:attachment":[{"href":"https:\/\/www.infokuryr.cz\/n\/wp-json\/wp\/v2\/media?parent=70141"}],"wp:term":[{"taxonomy":"category","embeddable":true,"href":"https:\/\/www.infokuryr.cz\/n\/wp-json\/wp\/v2\/categories?post=70141"},{"taxonomy":"post_tag","embeddable":true,"href":"https:\/\/www.infokuryr.cz\/n\/wp-json\/wp\/v2\/tags?post=70141"}],"curies":[{"name":"wp","href":"https:\/\/api.w.org\/{rel}","templated":true}]}}