{"id":7012,"date":"2021-12-21T02:53:36","date_gmt":"2021-12-21T01:53:36","guid":{"rendered":"http:\/\/www.infokuryr.cz\/n\/?p=7012"},"modified":"2021-12-21T02:53:36","modified_gmt":"2021-12-21T01:53:36","slug":"okamura-to-se-stan-a-sponzorskymi-dary-mysli-vazne-kde-jsou-investigativni-novinari-pta-se","status":"publish","type":"post","link":"https:\/\/www.infokuryr.cz\/n\/2021\/12\/21\/okamura-to-se-stan-a-sponzorskymi-dary-mysli-vazne-kde-jsou-investigativni-novinari-pta-se\/","title":{"rendered":"Okamura to se STAN a sponzorsk\u00fdmi dary mysl\u00ed v\u00e1\u017en\u011b. \u201eKde jsou investigativn\u00ed novin\u00e1\u0159i?\u201c pt\u00e1 se"},"content":{"rendered":"<div id=\"fb-root\"><\/div>\n<p><strong>\u0160\u00e9f SPD Tomio Okamura nad\u00e1le po\u017eaduje od \u0161\u00e9fa STANu V\u00edta Raku\u0161ana vysv\u011btlen\u00ed, pro\u010d hnut\u00ed z\u00edsk\u00e1v\u00e1 podivn\u00e9 \u010d\u00e1stky od sponzor\u016f z da\u0148ov\u00e9ho r\u00e1je na Kypru. Ve sv\u00e9m p\u0159\u00edsp\u011bvku na soci\u00e1ln\u00ed s\u00edti se pak pt\u00e1, kde jsou investigativn\u00ed novin\u00e1\u0159i.<\/strong><\/p>\n<p>P\u0159ipome\u0148me, \u017ee MF Dnes minul\u00fd t\u00fdden uve\u0159ejnila \u010dl\u00e1nek, v n\u011bm\u017e se mluv\u00ed o \u010d\u00e1stk\u00e1ch pen\u011bz, kter\u00e9 dost\u00e1v\u00e1\u00a0<strong>hnut\u00ed STAN od kypersk\u00fdch firem<\/strong>. Na tento \u010dl\u00e1nek ji\u017e tehdy reagoval Tomio Okamura s t\u00edm, \u017ee Raku\u0161an by to m\u011bl vysv\u011btlit. Krom\u011b toho apeloval tak\u00e9 na nov\u00e9ho premi\u00e9ra Fialu, aby donutil sv\u00e9\u00a0koali\u010dn\u00ed partnery\u00a0celou situaci vysv\u011btlit. Okamura se v\u0161ak uspokojiv\u00e9ho vysv\u011btlen\u00ed nedo\u010dkal a proto pokra\u010duje ve sv\u00fdch v\u00fdzv\u00e1ch.<\/p>\n<p>\u201eP\u0159edseda STAN a nov\u00fd ministr V\u00edt Raku\u0161an odm\u00edt\u00e1 ve\u0159ejnosti vysv\u011btlit, pro\u010d STAN opakovan\u011b dost\u00e1v\u00e1 milionov\u00e9 \u010d\u00e1stky od nejasn\u00fdch sponzor\u016f z da\u0148ov\u00e9ho r\u00e1je na Kypru. Kde jsou Marek Wollner z Report\u00e9r\u016f \u010cT a Nora Fridrichov\u00e1 ze 168 hodin \u010cT? A kde jsou ,investigativn\u00ed\u2018 novin\u00e1\u0159i Bakalova Respektu? Najednou nemaj\u00ed \u010das?\u201c napsal Okamura ve sv\u00e9m p\u0159\u00edsp\u011bvku na Facebooku.<\/p>\n<p>Se sv\u00fdmi teoriemi co se za t\u00edm skr\u00fdv\u00e1, p\u0159i\u0161li i u\u017eivatel\u00e9 soci\u00e1ln\u00edch s\u00edt\u00ed. Podle n\u00e1zoru n\u011bkter\u00fdch m\u00e9dia svoji roli ji\u017e splnila.<\/p>\n<p>\u201eNo co, \u010cT byla proti Babi\u0161ovi, te\u010f maj\u00ed novin\u00e1\u0159i z\u00e1kaz jakkoliv a cokoliv zji\u0161\u0165ovat\u2026\u201c m\u00edn\u00ed Libor P\u00e1nek.<\/p>\n<p>\u201eTohle budeme sly\u0161et \u010dast\u011bji, tyhle nejasnosti kolem sponzor\u016f pro tyto strany\u2026 hlavn\u011b, \u017ee Babi\u0161ovi st\u00e1le p\u0159edn\u00e1\u0161eli\u00a0\u010cap\u00ed hn\u00edzdo,\u201c p\u0159ipojuje se Jind\u0159ich Daniel.<\/p>\n<p>\u201eNa novin\u00e1\u0159e nespol\u00e9hejte. To jsou prodejn\u00e9 d\u011b*ky stejn\u011b jako v\u011bt\u0161ina herc\u016f. Za pen\u00edze cokoliv,\u201c m\u00edn\u00ed Bohuslav Macura.<\/p>\n<p>\u201eHluch\u00e9, slep\u00e9, p\u0159esn\u011b jako u n\u00e1s. Oni se uk\u00e1\u017eou, kdy\u017e bude pot\u0159eba \u00fato\u010dit na v\u00e1s. \u010c\u00edm d\u00e1l t\u00edm v\u00edc kopou, proto\u017ee se mnoho v\u011bc\u00ed dost\u00e1v\u00e1 na povrch. Chobotnice celosv\u011btov\u00e1 vl\u00e1dne sv\u011btu,\u201c m\u00edn\u00ed sleduj\u00edc\u00ed ze Slovenska Gabriela Kiani\u010dkov\u00e1.<\/p>\n<p>N\u011bkte\u0159\u00ed povzbuzuj\u00ed Okamuru v tom, aby se nevzd\u00e1val.<\/p>\n<p>\u201eMus\u00edte do nich po\u0159\u00e1d bu\u0161it, a\u0165 si nemysl\u00ed, \u017ee se to zamete pod koberec,\u201c p\u00ed\u0161e \u0160\u00e1rka Br\u00e1zdilov\u00e1.<\/p>\n<p>Dal\u0161\u00ed si zavtipkovali o tom, \u017ee je v\u0161e k\u0159i\u0161\u0165\u00e1lov\u011b \u010dist\u00e9.<\/p>\n<p>\u201eJe to k\u0159i\u0161\u0165\u00e1lov\u011b \u010dist\u00e9, \u017ee prost\u011b ani k\u0159i\u0161\u0165\u00e1l k\u0159i\u0161\u0165\u00e1lov\u011bj\u0161\u00ed b\u00fdt nem\u016f\u017ee. Proto\u017ee co je \u010dist\u0161\u00edho, ne\u017eli opakovan\u00e9 milionov\u00e9 \u010d\u00e1stky od nejasn\u00fdch sponzor\u016f z da\u0148ov\u00e9ho r\u00e1je na Kypru? Tak\u017ee znovu opakuji odpov\u011b\u010f na tuto ot\u00e1zku: V\u0161e je k\u0159i\u0161\u0165\u00e1lov\u011b \u010dist\u00e9,\u201c utahuje si Lago Olafson.<\/p>\n<p>\u201eK\u0159i\u0161\u0165\u00e1lov\u011b \u010dist\u00fd politik,\u201c p\u0159ipojuje se dal\u0161\u00ed.<\/p>\n<p><strong>Sponzorsk\u00e9 dary z Kypru<\/strong><\/p>\n<p>Zmi\u0148me, \u017ee den\u00edk MF Dnes 15. prosince uve\u0159ejnil \u010dl\u00e1nek o zvl\u00e1\u0161tn\u00edch finan\u010dn\u00edch \u010d\u00e1stk\u00e1ch, kter\u00e9 v posledn\u00edch dvou m\u011bs\u00edc\u00edch chod\u00ed na transparentn\u00ed \u00fa\u010det hnut\u00ed STAN. Jedn\u00e1 se o men\u0161\u00ed \u010d\u00e1stky v objemu 100 a\u017e 200 tis\u00edc korun, kter\u00e9 zas\u00edlaj\u00ed r\u016fzn\u00e9 firmy, kter\u00e9 ale ovl\u00e1daj\u00ed stejn\u00ed lid\u00e9. Za dva m\u011bs\u00edce tak\u00a0STAN\u00a0takov\u00fdm zp\u016fsobem z\u00edskal v\u00edce ne\u017e t\u0159i miliony korun.<\/p>\n<p>P\u0159edseda hnut\u00ed V\u00edt Raku\u0161an uvedl, \u017ee se jedn\u00e1 o sponzorsk\u00e9 dary a \u017ee firmy za tyto \u010d\u00e1stky nem\u016f\u017eou nic po\u017eadovat. O vysv\u011btlen\u00ed t\u011bchto \u010d\u00e1stek krom\u011b Okamury \u017e\u00e1dal tak\u00e9 poslanec Patrik Nacher. Poslanec Patrik Nacher si mysl\u00ed, \u017ee \u010dlenov\u00e9 p\u011btikoalice za\u010dali uplat\u0148ovat dvoj\u00ed metr je\u0161t\u011b p\u0159ed t\u00edm, ne\u017e za\u010dali vl\u00e1dnout. Obvinil je z toho, \u017ee nepln\u00ed sv\u00e9 p\u0159edvolebn\u00ed sliby.<\/p>\n<p>Nejde v\u0161ak o jedin\u00fd takov\u00fd p\u0159\u00edpad v hnut\u00ed STAN. P\u0159ipome\u0148me, \u017ee v listopadu svou kandidaturu na ministra pr\u016fmyslu a obchodu musel st\u00e1hnout m\u00edstop\u0159edseda Starost\u016f V\u011bslav Michalik, a to pr\u00e1v\u011b kv\u016fli informac\u00edm o nepr\u016fhledn\u00fdch finan\u010dn\u00edch aktivit\u00e1ch spojen\u00fdch s anonymn\u00ed firmou na Kypru, a tak\u00e9 kv\u016fli obvin\u011bn\u00ed ze st\u0159etu z\u00e1jm\u016f.<\/p>\n<p><a href=\"https:\/\/cz.sputniknews.com\/20211220\/okamura-to-se-stan-a-sponzorskymi-dary-mysli-vazne-kde-jsou-investigativni-novinari-pta-se-16923833.html\">ZDROJ<\/a><\/p>\n<p>&nbsp;<\/p>\n","protected":false},"excerpt":{"rendered":"<p>\u0160\u00e9f SPD Tomio Okamura nad\u00e1le po\u017eaduje od \u0161\u00e9fa STANu V\u00edta Raku\u0161ana vysv\u011btlen\u00ed, pro\u010d hnut\u00ed z\u00edsk\u00e1v\u00e1&#8230;<\/p>\n","protected":false},"author":2,"featured_media":1304,"comment_status":"closed","ping_status":"closed","sticky":false,"template":"","format":"standard","meta":[],"categories":[6],"tags":[90,424,240],"_links":{"self":[{"href":"https:\/\/www.infokuryr.cz\/n\/wp-json\/wp\/v2\/posts\/7012"}],"collection":[{"href":"https:\/\/www.infokuryr.cz\/n\/wp-json\/wp\/v2\/posts"}],"about":[{"href":"https:\/\/www.infokuryr.cz\/n\/wp-json\/wp\/v2\/types\/post"}],"author":[{"embeddable":true,"href":"https:\/\/www.infokuryr.cz\/n\/wp-json\/wp\/v2\/users\/2"}],"replies":[{"embeddable":true,"href":"https:\/\/www.infokuryr.cz\/n\/wp-json\/wp\/v2\/comments?post=7012"}],"version-history":[{"count":0,"href":"https:\/\/www.infokuryr.cz\/n\/wp-json\/wp\/v2\/posts\/7012\/revisions"}],"wp:featuredmedia":[{"embeddable":true,"href":"https:\/\/www.infokuryr.cz\/n\/wp-json\/wp\/v2\/media\/1304"}],"wp:attachment":[{"href":"https:\/\/www.infokuryr.cz\/n\/wp-json\/wp\/v2\/media?parent=7012"}],"wp:term":[{"taxonomy":"category","embeddable":true,"href":"https:\/\/www.infokuryr.cz\/n\/wp-json\/wp\/v2\/categories?post=7012"},{"taxonomy":"post_tag","embeddable":true,"href":"https:\/\/www.infokuryr.cz\/n\/wp-json\/wp\/v2\/tags?post=7012"}],"curies":[{"name":"wp","href":"https:\/\/api.w.org\/{rel}","templated":true}]}}