{"id":70116,"date":"2025-01-13T06:11:39","date_gmt":"2025-01-13T05:11:39","guid":{"rendered":"https:\/\/www.infokuryr.cz\/n\/?p=70116"},"modified":"2025-01-13T06:11:39","modified_gmt":"2025-01-13T05:11:39","slug":"polaci-zase-chteji-valcit-jako-pri-napadeni-ceskoslovenska-v-roce-1938-nez-dostali-poradne-pres-hubu","status":"publish","type":"post","link":"https:\/\/www.infokuryr.cz\/n\/2025\/01\/13\/polaci-zase-chteji-valcit-jako-pri-napadeni-ceskoslovenska-v-roce-1938-nez-dostali-poradne-pres-hubu\/","title":{"rendered":"Pol\u00e1ci zase cht\u011bj\u00ed v\u00e1l\u010dit: jako p\u0159i napaden\u00ed \u010ceskoslovenska v roce 1938, ne\u017e dostali po\u0159\u00e1dn\u011b p\u0159es hubu!"},"content":{"rendered":"<div id=\"fb-root\"><\/div>\n<div class=\"introtext\">\n<p class=\"typography typography--h1 article-detail__title\"><span style=\"font-size: 14pt;\"><strong>Pol\u00e1ci se spol\u010dili s nacisty a anektovali T\u011b\u0161\u00ednsko. Rok pot\u00e9 sami p\u0159i\u0161li o sv\u016fj st\u00e1t. A u\u017e jim ramena rostou op\u011bt! Vyhro\u017eovali Slov\u00e1k\u016fm, nyn\u00ed u\u017e nepustili letadlo slovensk\u00e9ho parlamentu!<\/strong><\/span><\/p>\n<\/div>\n<div class=\"fulltext\">\n<p class=\"typography typography--h1 article-detail__title\">Tehdy v roce 1939 N\u011bmecko napadlo Polsko a o p\u00e1r dn\u00ed pozd\u011bji bylo Polsko napadeno i Sov\u011btsk\u00fdm svazem. O tom se nyn\u00ed p\u00ed\u0161e st\u00e1le, a pravda se oh\u00fdb\u00e1. Ale je\u0161t\u011b rok p\u0159edt\u00edm v roce 1938 samotn\u00e9 Polsko vyu\u017eilo situace a pod hrozbou v\u00e1lky donutilo \u010ceskoslovensko k tomu, aby nebr\u00e1nilo obsazen\u00ed jeho \u00fazem\u00ed na T\u011b\u0161\u00ednsku.<strong>\u00a0A to u\u017e se v\u011bt\u0161inou taj\u00ed!<\/strong><\/p>\n<p>Je rok 2025 a Pol\u00e1ci op\u011bt nejen vyhro\u017euj\u00ed, ale u\u017e p\u0159\u00edmo testuj\u00ed!<\/p>\n<div class=\"article-inner\">\n<div class=\"article-detail-submenu\">\n<div>\n<p><strong><span style=\"font-size: 18pt;\">Delegace v \u010dele s Dankem a Ga\u0161parem odcestovala do Moskvy. Pol\u00e1ci jim nepovolili p\u0159elet<\/span><\/strong><\/p>\n<p>Delegace N\u00e1rodn\u00ed rady (NR) SR pod veden\u00edm m\u00edstop\u0159edsed\u016f parlamentu Andreje Danka (SNS) a Tibora Ga\u0161para (Sm\u011br) odcestovala v ned\u011bli dopoledne na pracovn\u00ed n\u00e1v\u0161t\u011bvu Ruska. V delegaci jsou tak\u00e9 poslanci Mari\u00e1n K\u00e9ry, Jan Ma\u017eg\u00fat a Richard Gl\u00fcck (v\u0161ichni Sm\u011br) a Adam Lu\u010dansk\u00fd (SNS). T\u00e9maty jedn\u00e1n\u00ed by podle Ga\u0161para m\u011bly b\u00fdt mimo jin\u00e9 dod\u00e1vky zemn\u00edho plynu na Slovensko i v\u00e1lka na Ukrajin\u011b.<\/p>\n<p>TASR\u00a012.01.2025<\/p>\n<p>&#8222;Nerozum\u00edm postoji Polska, ale beru to jako realitu,\\&#8220; konstatoval Danko. P\u0159ed odletem oz\u0159ejmil, \u017ee chce mimo jin\u00e9 p\u0159in\u00e9st informace o \u017eivot\u011b v Rusku. &#8222;Chci uk\u00e1zat, \u017ee tam tak\u00e9 \u017eij\u00ed lid\u00e9, \u017ee tam N\u011bmci, Francouzi, Ameri\u010dan\u00e9 obchoduj\u00ed,&#8220; \u0159ekl.<\/p>\n<p><a href=\"https:\/\/www.skrytapravda.cz\/ze-zahranici\/2332-polaci-zase-chteji-valcit-jako-pri-napadeni-ceskoslovenska-v-roce-1938-nez-dostali-poradne-pres-hubu\">Petr Pokorn\u00fd<\/a><\/p>\n<p>&nbsp;<\/p>\n<\/div>\n<div><\/div>\n<\/div>\n<\/div>\n<\/div>\n","protected":false},"excerpt":{"rendered":"<p>Pol\u00e1ci se spol\u010dili s nacisty a anektovali T\u011b\u0161\u00ednsko. Rok pot\u00e9 sami p\u0159i\u0161li o sv\u016fj st\u00e1t&#8230;.<\/p>\n","protected":false},"author":2,"featured_media":70117,"comment_status":"closed","ping_status":"closed","sticky":false,"template":"","format":"standard","meta":[],"categories":[6],"tags":[1503,447,1339,8235],"_links":{"self":[{"href":"https:\/\/www.infokuryr.cz\/n\/wp-json\/wp\/v2\/posts\/70116"}],"collection":[{"href":"https:\/\/www.infokuryr.cz\/n\/wp-json\/wp\/v2\/posts"}],"about":[{"href":"https:\/\/www.infokuryr.cz\/n\/wp-json\/wp\/v2\/types\/post"}],"author":[{"embeddable":true,"href":"https:\/\/www.infokuryr.cz\/n\/wp-json\/wp\/v2\/users\/2"}],"replies":[{"embeddable":true,"href":"https:\/\/www.infokuryr.cz\/n\/wp-json\/wp\/v2\/comments?post=70116"}],"version-history":[{"count":0,"href":"https:\/\/www.infokuryr.cz\/n\/wp-json\/wp\/v2\/posts\/70116\/revisions"}],"wp:featuredmedia":[{"embeddable":true,"href":"https:\/\/www.infokuryr.cz\/n\/wp-json\/wp\/v2\/media\/70117"}],"wp:attachment":[{"href":"https:\/\/www.infokuryr.cz\/n\/wp-json\/wp\/v2\/media?parent=70116"}],"wp:term":[{"taxonomy":"category","embeddable":true,"href":"https:\/\/www.infokuryr.cz\/n\/wp-json\/wp\/v2\/categories?post=70116"},{"taxonomy":"post_tag","embeddable":true,"href":"https:\/\/www.infokuryr.cz\/n\/wp-json\/wp\/v2\/tags?post=70116"}],"curies":[{"name":"wp","href":"https:\/\/api.w.org\/{rel}","templated":true}]}}