{"id":7005,"date":"2021-12-21T02:35:01","date_gmt":"2021-12-21T01:35:01","guid":{"rendered":"http:\/\/www.infokuryr.cz\/n\/?p=7005"},"modified":"2021-12-21T02:35:01","modified_gmt":"2021-12-21T01:35:01","slug":"valek-a-svetova-zdravotnicka-organizace","status":"publish","type":"post","link":"https:\/\/www.infokuryr.cz\/n\/2021\/12\/21\/valek-a-svetova-zdravotnicka-organizace\/","title":{"rendered":"V\u00e1lek a Sv\u011btov\u00e1 zdravotnick\u00e1 organizace"},"content":{"rendered":"<div id=\"fb-root\"><\/div>\n<p>P\u0159edseda \u00dastavn\u00edho soudu\u00a0<a href=\"https:\/\/dvojka.rozhlas.cz\/prepis-jak-vidi-pavel-rychetsky-14-prosince-2021-8640753\" target=\"_blank\" rel=\"noopener\">Pavel Rychetsk\u00fd<\/a>\u00a0minul\u00fd t\u00fdden v\u00a0\u010cesk\u00e9m rozhlase uvedl, \u017ee ka\u017ed\u00e9 vl\u00e1d\u011b vyhovuje, kdy\u017e m\u016f\u017ee vyu\u017e\u00edt nouzov\u00e9ho stavu k\u00a0prosazen\u00ed opat\u0159en\u00ed, kter\u00e1 se stavem nouze p\u0159\u00edmo nesouvisej\u00ed. Pandemie podle n\u011bj umo\u017e\u0148uje zrychlen\u00e9 schv\u00e1len\u00ed i\u00a0jin\u00fdch pr\u00e1vn\u00edch norem. B\u00fdval\u00fd ministr zdravotnictv\u00ed\u00a0<a href=\"https:\/\/www.idnes.cz\/zpravy\/domaci\/adam-vojtech-byvaly-ministr-zdravotnictvi-covid-vlada.A211219_175313_domaci_albe\" target=\"_blank\" rel=\"noopener\">Adam Vojt\u011bch<\/a>\u00a0den\u00edku MF Dnes \u0159ekl, \u017ee covid pomohl urychlit elektronizaci zdravotnictv\u00ed a\u00a0dal vzniknout n\u00e1rodn\u00edmu dispe\u010dinku l\u016f\u017ekov\u00e9 p\u00e9\u010de pro monitorov\u00e1n\u00ed kapacity nemocnic. Nov\u00e1 vl\u00e1da Petra Fialy m\u011bla mo\u017enost prodlou\u017eit nouzov\u00fd stav, rozhodla se ale nechat ho 25. prosince vypr\u0161et, \u010d\u00edm\u017e prozat\u00edm sama sebe p\u0159ipravila o\u00a0mo\u017enost propa\u0161ovat nov\u00e9 z\u00e1kony. Ministr zdravotnictv\u00ed Vlastimil V\u00e1lek v\u010dera na\u00a0<a href=\"https:\/\/cnn.iprima.cz\/porady\/partie\/19122021-radim-fiala-ales-juchelka-stanislav-polcak-marek-vyborny\" target=\"_blank\" rel=\"noopener\">CNN Prima News<\/a>\u00a0prohl\u00e1sil (v\u00a08. minut\u011b), \u017ee v\u00a0souvislosti s\u00a0vyhl\u00e1\u0161kou o\u00a0o\u010dkov\u00e1n\u00ed existuje velk\u00e1 nezn\u00e1m\u00e1, proto\u017ee plo\u0161n\u00e9 povinn\u00e9 o\u010dkov\u00e1n\u00ed u\u00a0d\u011bt\u00ed vyhla\u0161uje Sv\u011btov\u00e1 zdravotnick\u00e1 organizace a\u00a0nelze absolutn\u011b predikovat, jak zareaguje na to, \u017ee virus naprosto neo\u010dek\u00e1van\u011b ji\u017e dvakr\u00e1t zmutoval a\u00a0v\u017edycky hor\u0161\u00edm zp\u016fsobem. To je zat\u00edm nejotev\u0159en\u011bj\u0161\u00ed vysv\u011btlen\u00ed, jak\u00e9 dosud kter\u00fdkoli \u010desk\u00fd ministr zdravotnictv\u00ed poskytl ohledn\u011b toho, kdo to tady ve skute\u010dnosti \u0159\u00edd\u00ed.<\/p>\n<p><a href=\"https:\/\/www.fsfinalword.cz\/?page=archive&amp;day=2021-12-20&amp;utm_source=utm_source%3Dnewsletter&amp;utm_medium=utm_medium%3De-mail&amp;utm_campaign=utm_campaign%3Dfriday_edition_20.12.2021\">Erik Best<\/a><\/p>\n<p><img decoding=\"async\" loading=\"lazy\" class=\"alignnone  wp-image-1179\" src=\"http:\/\/www.infokuryr.cz\/n\/wp-content\/uploads\/2021\/04\/erik-best.jpg\" alt=\"\" width=\"128\" height=\"144\" \/><\/p>\n<p>&nbsp;<\/p>\n<p>&nbsp;<\/p>\n<p>&nbsp;<\/p>\n","protected":false},"excerpt":{"rendered":"<p>P\u0159edseda \u00dastavn\u00edho soudu\u00a0Pavel Rychetsk\u00fd\u00a0minul\u00fd t\u00fdden v\u00a0\u010cesk\u00e9m rozhlase uvedl, \u017ee ka\u017ed\u00e9 vl\u00e1d\u011b vyhovuje, kdy\u017e m\u016f\u017ee vyu\u017e\u00edt&#8230;<\/p>\n","protected":false},"author":2,"featured_media":1213,"comment_status":"closed","ping_status":"closed","sticky":false,"template":"","format":"standard","meta":[],"categories":[6],"tags":[29,1601,81],"_links":{"self":[{"href":"https:\/\/www.infokuryr.cz\/n\/wp-json\/wp\/v2\/posts\/7005"}],"collection":[{"href":"https:\/\/www.infokuryr.cz\/n\/wp-json\/wp\/v2\/posts"}],"about":[{"href":"https:\/\/www.infokuryr.cz\/n\/wp-json\/wp\/v2\/types\/post"}],"author":[{"embeddable":true,"href":"https:\/\/www.infokuryr.cz\/n\/wp-json\/wp\/v2\/users\/2"}],"replies":[{"embeddable":true,"href":"https:\/\/www.infokuryr.cz\/n\/wp-json\/wp\/v2\/comments?post=7005"}],"version-history":[{"count":0,"href":"https:\/\/www.infokuryr.cz\/n\/wp-json\/wp\/v2\/posts\/7005\/revisions"}],"wp:featuredmedia":[{"embeddable":true,"href":"https:\/\/www.infokuryr.cz\/n\/wp-json\/wp\/v2\/media\/1213"}],"wp:attachment":[{"href":"https:\/\/www.infokuryr.cz\/n\/wp-json\/wp\/v2\/media?parent=7005"}],"wp:term":[{"taxonomy":"category","embeddable":true,"href":"https:\/\/www.infokuryr.cz\/n\/wp-json\/wp\/v2\/categories?post=7005"},{"taxonomy":"post_tag","embeddable":true,"href":"https:\/\/www.infokuryr.cz\/n\/wp-json\/wp\/v2\/tags?post=7005"}],"curies":[{"name":"wp","href":"https:\/\/api.w.org\/{rel}","templated":true}]}}