{"id":6992,"date":"2021-12-20T03:44:24","date_gmt":"2021-12-20T02:44:24","guid":{"rendered":"http:\/\/www.infokuryr.cz\/n\/?p=6992"},"modified":"2021-12-20T03:44:24","modified_gmt":"2021-12-20T02:44:24","slug":"nedelnik-adama-b-bartose-67-vratit-klause-do-hry","status":"publish","type":"post","link":"https:\/\/www.infokuryr.cz\/n\/2021\/12\/20\/nedelnik-adama-b-bartose-67-vratit-klause-do-hry\/","title":{"rendered":"NED\u011aLN\u00cdK ADAMA B. BARTO\u0160E (67): VR\u00c1TIT KLAUSE DO HRY"},"content":{"rendered":"<div id=\"fb-root\"><\/div>\n<div class=\"entry-meta entry-meta-bottom\"><\/div>\n<div class=\"entry-featured\"><a class=\"ci-lightbox\" href=\"https:\/\/narodnidemokracie.cz\/wp-content\/uploads\/2021\/12\/klaus-1024x750.jpg\"><img decoding=\"async\" loading=\"lazy\" class=\"attachment-post-thumbnail size-post-thumbnail wp-post-image lazy-loaded\" src=\"https:\/\/narodnidemokracie.cz\/wp-content\/uploads\/2021\/12\/klaus-665x435.jpg\" alt=\"\" width=\"665\" height=\"435\" data-lazy-type=\"image\" data-src=\"https:\/\/narodnidemokracie.cz\/wp-content\/uploads\/2021\/12\/klaus-665x435.jpg\" \/><\/a><\/div>\n<div class=\"entry-content\">\n<p>D\u011bje se toho tolik, \u017ee nev\u00edm, \u010d\u00edm za\u010d\u00edt. M\u011bl bych ps\u00e1t o prezidentu Klausovi, jak jsem v\u00e1m sl\u00edbil, ale kdy\u017e n\u00e1m zase jmenovali vl\u00e1du, tak by bylo vhodn\u00e9 reagovat i na ni. I kdy\u017e \u2013 vlastn\u011b \u2013 ono spolu v\u0161echno souvis\u00ed. I ten Klaus senior m\u00e1 nyn\u00ed v\u011bt\u0161\u00ed \u0161anci, ne\u017e tomu bylo je\u0161t\u011b p\u0159ed t\u00fddnem. Ale musel by o to s\u00e1m st\u00e1t. Tak se to pokus\u00edme probrat v\u0161echno a uvid\u00edme, co dnes stihneme. V\u00edtejte u m\u00e9ho dal\u0161\u00edho ned\u011bln\u00edku\u2026<span id=\"more-12587\"><\/span><\/p>\n<p>Ten p\u0159edposledn\u00ed jsem v\u011bnoval Karlu Jane\u010dkovi. Zm\u00ednil jsem se v n\u011bm, \u017ee bude-li Jane\u010dek usilovat o prezidentsk\u00fd post a bude-li se cht\u00edt v tomto politick\u00e9m kl\u00e1n\u00ed op\u0159\u00edt o hlasy alternativy, tedy o hlasy odp\u016frc\u016f o\u010dkov\u00e1n\u00ed, nem\u011bli bychom mu to v\u011b\u0159it (a nem\u011bli bychom mu to dovolit). M\u011bli bychom rad\u011bji podpo\u0159it n\u011bkoho, jeho\u017e odpor proti vakcinaci je up\u0159\u00edmn\u00fd a ne pouze p\u0159edst\u00edran\u00fd. Myslel jsem na b\u00fdval\u00e9ho prezidenta V\u00e1clava Klause.<\/p>\n<p>Na \u00favod, ne\u017e se do mne pust\u00edte, si vyjasn\u011bme n\u011bkter\u00e9 v\u011bci. Abych byl stru\u010dn\u00fd a vy tento ned\u011bln\u00edk do\u010detli a\u017e do konce, budou to jen kr\u00e1tk\u00e9 teze:<\/p>\n<p>Klausovo po\u010d\u00edn\u00e1n\u00ed coby p\u0159edsedy vl\u00e1dy nem\u016f\u017ee \u017e\u00e1dn\u00fd vlastenec a n\u00e1rodovec hodnotit jako pozitivn\u00ed. I kdy\u017e se o tom vedou spory (Klausovi nep\u0159\u00e1tel\u00e9 na n\u011bj pro kuponovou privatizaci apod. \u00fato\u010d\u00ed a on se tomu ve sv\u00fdch bro\u017eur\u00e1ch za pomoci sv\u00fdch koleg\u016f spolupracovn\u00edk\u016f br\u00e1n\u00ed), jist\u00e9 je, \u017ee t\u00e9to zemi bylo za jeho \u00e9ry pu\u0161t\u011bno \u017eilou. Bylo to mo\u017en\u00e9 i proto, \u017ee zdaleka ne\u0161lo jen o n\u011bjak\u00fd \u010desk\u00fd experiment \u2013 byl to d\u016fsledek Gorba\u010dovovy perestrojky, kdy se procesy z rozpadaj\u00edc\u00edho Sov\u011btsk\u00e9ho svazu okop\u00edrovaly do zem\u00ed v\u00fdchodn\u00edho bloku. Mohli bychom to nazvat Divok\u00fdm V\u00fdchodem, kdy \u201ekovbojov\u00e9\u201c ze Z\u00e1padu objevili nov\u00fd Klondike. A V\u00e1clav Klaus nem\u016f\u017ee pop\u0159\u00edt, \u017ee o tom nev\u011bd\u011bl\u2026<\/p>\n<p>Klaus ale dostal novou \u0161anci, kdy\u017e byl zvolen prezidentem. A v t\u00e9to roli si po\u010d\u00ednal skute\u010dn\u011b dob\u0159e. Asi nem\u016f\u017eeme \u0159\u00edci, \u017ee by t\u00edm \u201edevades\u00e1t\u00e1 l\u00e9ta\u201c \u00fapln\u011b od\u010dinil, ale sna\u017eil se. Zapla\u0165 p\u00e1nb\u016fh, \u017ee jsme na Hrad\u011b m\u011bli jeho a ne t\u0159eba n\u011bjak\u00e9ho \u0160vejnara. I proto jsem ho jako novin\u00e1\u0159 kdysi podporoval \u2013 byl mi sympatick\u00fd jeho odpor k Evropsk\u00e9 unii, boj proti Lisabonsk\u00e9 smlouv\u011b apod. V z\u00e1v\u011bru prezidentsk\u00e9ho obdob\u00ed to \u201epokazil\u201c amnesti\u00ed a ostatn\u011b i t\u00edm potupn\u00fdm podpisem Lisabonu, kter\u00fd si mohl odpustit, ale zase nem\u016f\u017eeme \u0159\u00edci, \u017ee by tyto p\u0159e\u0161lapy jeho prezidentov\u00e1n\u00ed jako takov\u00e9 \u00fapln\u011b zdiskreditovaly. To jen tak na \u00favod.<\/p>\n<p>Aby si n\u011bkdo nemyslel, \u017ee pro Klause horuji z n\u011bjak\u00e9 nostalgie po \u010dasech, kdy sv\u011bt byl je\u0161t\u011b rozumn\u011bj\u0161\u00ed, nebo proto, \u017ee jsem ho kdysi podporoval, p\u0159ipom\u00edn\u00e1m, \u017ee posledn\u00edch sedm let jsme se nevid\u011bli. Naposledy jsem s n\u00edm mluvil, kdy\u017e jsme s kolegy zakl\u00e1dali N\u00e1rodn\u00ed demokracii. Pozval si mne na Hanspaulku a cht\u011bl sly\u0161et podrobnosti, ale byl skeptick\u00fd k tomu, \u017ee bychom (bez pen\u011bz) usp\u011bli. V tomto mu d\u00e1v\u00e1m za pravdu \u2013 bez pen\u011bz se do politiky prorazit t\u00e9m\u011b\u0159 ned\u00e1 a byl jsem naivn\u00ed, kdy\u017e jsem si myslel, \u017ee ano.<\/p>\n<p>Kdy\u017e byl v N\u00e1rodn\u00ed demokracii proveden prvn\u00ed pokus o pu\u010d, vinil jsem z toho Petra H\u00e1jka a zprost\u0159edkovan\u011b i Klause. Byl jsem na n\u011bj na\u0161tvan\u00fd, i proto jsem pak do m\u00e9di\u00ed \u0159ekl n\u011bco, co se asi Klausovi (pokud to \u010detl), nel\u00edbilo. Dnes si mysl\u00edm, \u017ee o t\u00e9 \u201eh\u00e1jkovin\u011b\u201c Klaus ale ani v\u011bd\u011bt nemusel a \u017ee jsem mu mo\u017en\u00e1 k\u0159ivdil. Klaus zase \u2013 kdy\u017e byl na mou osobu, kter\u00e1 byla tehdy soudn\u011b st\u00edh\u00e1na za \u00fadajn\u00fd antisemitismus, zpov\u00edd\u00e1n novin\u00e1\u0159i \u2013 \u0159ekl tak\u00e9 n\u011bkolik v\u00fdrok\u016f, kter\u00e9 se mi nel\u00edbily. Ale je zase pravda, \u017ee to byly v\u011bty sp\u00ed\u0161e diplomatick\u00e9. Nec\u00edtil jsem v nich n\u011bjakou z\u00e1\u0161\u0165 nebo n\u011bco takov\u00e9ho. Proto jsem to v\u017edy bral tak, \u017ee jsme se nikdy neroze\u0161li \u00fapln\u011b ve zl\u00e9m.<\/p>\n<p>Pro p\u0159esnost tak\u00e9 dod\u00e1v\u00e1m, \u017ee se mi nel\u00edb\u00ed ani to, jak Klaus p\u0159ed ka\u017ed\u00fdmi volbami na\u0159\u00edk\u00e1, \u017ee tu nen\u00ed strana, kterou by st\u00e1lo za to volit. \u010castokr\u00e1t tak\u00e9 vys\u00edl\u00e1 sign\u00e1ly, jakoby se cht\u011bl do politiky vr\u00e1tit (naposledy letos na ja\u0159e, kdy volal po sjednocen\u00ed vlasteneck\u00fdch stran), ale jsou to jen slova, po kter\u00fdch nen\u00e1sleduj\u00ed \u010diny. Samoz\u0159ejm\u011b ch\u00e1pu, \u017ee t\u011bmito v\u00fdroky do m\u00e9di\u00ed pouze testuje ter\u00e9n, proto\u017ee si nechce znovu nab\u011bhnout, jako tomu bylo kdysi s Hlavou vzh\u016fru. To v\u0161e p\u00ed\u0161i proto, aby mi n\u011bkdo z vlastenc\u016f nep\u0159edkl\u00e1dal, \u017ee jsem naivn\u00ed nebo \u017ee si n\u011bkter\u00e9 v\u011bci neuv\u011bdomuji \u010di nepamatuji. Uv\u011bdomuji a pamatuji. Ale p\u0159esto si mysl\u00edm, \u017ee by byl Klaus nejlep\u0161\u00edm prezidentsk\u00fdm kandid\u00e1tem a tak\u00e9 \u017ee by s p\u0159ehledem v\u0161echny sv\u00e9 konkurenty porazil. Kdyby do toho ale \u0161el.<\/p>\n<p>\u017de Klaus chce b\u00fdt znovu prezidentem, bylo jasn\u00e9 u\u017e od chv\u00edle, kdy skon\u010dilo jeho druh\u00e9 prezidentsk\u00e9 obdob\u00ed. Ot\u00e1zka sp\u00ed\u0161e je, jak je na tom zdravotn\u011b, proto\u017ee je u\u017e pokro\u010dil\u00e9ho v\u011bku (letos slavil 80 let). Jen\u017ee i v tom pokro\u010dil\u00e9m v\u011bku je na tom po\u0159\u00e1d je\u0161t\u011b dost dob\u0159e na to, aby tuto funkci mohl vykon\u00e1vat. Rozhodn\u011b je na tom n\u011bkolikan\u00e1sobn\u011b l\u00e9pe, ne\u017e sou\u010dasn\u00e1 hlava st\u00e1tu (kter\u00e1 je o t\u0159i roky mlad\u0161\u00ed), nebo o rok mlad\u0161\u00ed Joe Biden, kter\u00e9mu to u\u017e nemysl\u00ed. Masaryk byl po\u010dtvrt\u00e9 zvolen prezidentem ve sv\u00fdch 84 letech a u\u017e tehdy na tom byl opravdu zdravotn\u011b \u0161patn\u011b, \u017ee se nemohl ani podepsat a m\u00edsto podpisu pou\u017e\u00edval raz\u00edtko. Klaus ve srovn\u00e1n\u00ed s t\u011bmito zm\u00edn\u011bn\u00fdmi prezidenty st\u00e1le vypad\u00e1 jako jura a hlavn\u011b mu to p\u00e1l\u00ed, co\u017e mus\u00ed vid\u011bt ka\u017ed\u00fd, kdo vid\u00ed \u010di sly\u0161\u00ed n\u011bjak\u00fd jeho rozhovor pro televizi \u010di rozhlas.<\/p>\n<p>Druh\u00e1 ot\u00e1zka jsou finance. Tvrd\u00ed se, \u017ee m\u011bl p\u0159isl\u00edbeny pen\u00edze od Petra Kellnera a mluvilo se i o konkr\u00e9tn\u00ed \u010d\u00e1stce. To by na kampa\u0148 jist\u011b sta\u010dilo, nav\u00edc, prezident Klaus jist\u011b nen\u00ed chud\u00fd, tak\u017ee ot\u00e1zku financ\u00ed bych bral sp\u00ed\u0161e jako v\u011bc podru\u017enou. Na druhou stranu je jist\u011b pochopiteln\u00e9, \u017ee Kellnerova smrt mohla zam\u00edchat kartami v\u00edce, ne\u017e tu\u0161\u00edme. Proto\u017ee o tom ale nic nev\u00edm, nem\u00e1 smysl to rozeb\u00edrat.<\/p>\n<p>Dal\u0161\u00ed v\u011bc\u00ed je kandidatura Andreje Babi\u0161e, kter\u00e1 se sv\u00e9ho \u010dasu zd\u00e1la Klausovu kandidaturu ohro\u017eovat, ba p\u0159\u00edmo vylu\u010dovat. Nen\u00ed mi jasn\u00e9, zda \u0161lo o kalkul nebo o n\u011bjakou dohodu, ale v\u011bc se je\u0161t\u011b p\u0159ed p\u00e1r t\u00fddny m\u011bla tak, \u017ee kdy\u017e Babi\u0161 neusp\u011bl ve volb\u00e1ch, m\u00ed\u0159\u00ed \u201ealespo\u0148\u201c na Hrad a za takov\u00e9 situace Klaus kandidovat nebude. Jen\u017ee od t\u00e9 doby se v\u0161e zase zm\u011bnilo, ale o tom zase za chv\u00edli\u2026<\/p>\n<p>Nyn\u00ed si \u0159ekn\u011bme n\u011bco o tom, pro\u010d si mysl\u00edm, \u017ee by Klaus kandidovat m\u011bl. Uv\u011bdomil jsem si to p\u0159ed n\u011bkolika t\u00fddny, kdy to vypadalo, \u017ee do boje o Hrad vyt\u00e1hne Babi\u0161 (zast\u00e1nce o\u010dkov\u00e1n\u00ed) a proti n\u011bmu \u2013 s \u00fa\u010delov\u011b hran\u00fdm odporem proti o\u010dkov\u00e1n\u00ed \u2013 se postav\u00ed Karel Jane\u010dek. \u017de Jane\u010dek takovou ambici m\u00e1 a \u017ee o\u010dkov\u00e1n\u00ed nebo sp\u00ed\u0161e (p\u0159edst\u00edran\u00fd) odpor k n\u011bmu chce vyu\u017e\u00edt jako t\u00e9ma pro z\u00edsk\u00e1n\u00ed hlas\u016f proti Babi\u0161ovi, o tom snad nikdo nepochybuje. V takov\u00e9 situaci jsem si \u0159\u00edkal, \u017ee my \u2013 vlastenci a n\u00e1rodovci \u2013 nem\u016f\u017eeme dopustit, aby p\u0159i tak d\u016fle\u017eit\u00e9 volb\u011b jako je volba prezidentsk\u00e1, byl lid obelh\u00e1v\u00e1n takovou komedi\u00ed, kdy proto sob\u011b stoj\u00ed zast\u00e1nce o\u010dkov\u00e1n\u00ed a proti n\u011bmu odp\u016frce o\u010dkov\u00e1n\u00ed, kter\u00fd ale takov\u00fd postoj nemysl\u00ed v\u016fbec v\u00e1\u017en\u011b. Chce to, aby lid\u00e9 m\u011bli mo\u017enost volit n\u011bkoho, jeho\u017e postoj je autentick\u00fd, nem\u011bnn\u00fd, tedy volit n\u011bkoho, komu m\u016f\u017eeme jeho odpor proti o\u010dkov\u00e1n\u00ed v\u011b\u0159it. To Klaus bezesporu je.<\/p>\n<p>V\u00edme to nejen z jeho vyj\u00e1d\u0159en\u00ed \u010di knih v\u011bnovan\u00fdch covidu apod., z jeho kritiky vl\u00e1dn\u00edch opat\u0159en\u00ed, z jeho odporu k no\u0161en\u00ed rou\u0161ek a k vakcinaci proti covidu. Toto v\u0161e by se dalo nazvat pouh\u00fdmi slovy, kde\u017eto pro Klause mluv\u00ed i \u010diny. Schv\u00e1ln\u011b zap\u00e1trejte na internetu, jak se v roce 2010 stav\u011bl k prase\u010d\u00ed ch\u0159ipce a ke snah\u00e1m o\u010dkovat n\u011bkter\u00e9 vybran\u00e9 profesn\u00ed skupiny ob\u010dan\u016f \u010cR. M\u00e1me n\u011bkdy kr\u00e1tkou pam\u011b\u0165, ale nezapom\u00ednejme, \u017ee tehdy byla situace tak\u00e9 pom\u011brn\u011b vyost\u0159en\u00e1 a farmakolobby \u017e\u00e1dala povinn\u00e9 o\u010dkov\u00e1n\u00ed zdravotn\u00edk\u016f, voj\u00e1k\u016f apod. Klaus to tehdy kritizoval, ba p\u0159\u00edmo rezolutn\u011b odm\u00edtal, dokonce by se dalo \u0159\u00edci, \u017ee do toho sv\u00fdmi kroky hodil vidle. Jako vrchn\u00ed velitel ozbrojen\u00fdch sil nap\u0159\u00edklad odm\u00edtal, aby byli o\u010dkov\u00e1ni voj\u00e1ci. Z o\u010dkov\u00e1n\u00ed tehdy se\u0161lo. T\u00edmto sv\u00fdm postojem tehdy potvrdil, \u017ee mu z\u00e1jmy ob\u010dan\u016f nejsou ciz\u00ed a \u017ee se dok\u00e1\u017ee postavit i proti mocn\u00fdm z\u00e1jm\u016fm farmaceutick\u00e9ho pr\u016fmyslu. To o sob\u011b rozhodn\u011b nem\u016f\u017ee \u0159\u00edci sou\u010dasn\u00fd prezident, kter\u00fd je dost chytr\u00fd na to, aby v\u011bd\u011bl, o jak velk\u00fd podvod se jedn\u00e1 a p\u0159esto od sam\u00e9ho po\u010d\u00e1tku hraje tvrd\u011b covidovou kartu. Jeho l\u00e1ska k Izraeli, kde se trasuje, lockdownuje a o\u010dkuje o sto \u0161est, mu zaslepuje o\u010di a zatem\u0148uje mysl. V tomto je Klaus mnohem pragmati\u010dt\u011bj\u0161\u00ed \u2013 s Rothschildy se zkr\u00e1tka p\u0159ed ur\u010ditou dobou roze\u0161el a n\u011bkter\u00e9 jejich globalistick\u00e9 hr\u00e1tky hr\u00e1t nehodl\u00e1. I kdy\u017e bych m\u011bl k n\u011bmu i v t\u00e9to v\u011bci n\u011bjak\u00e9 v\u00fdhrady (nap\u0159\u00edklad to, kolik pozornosti v\u011bnoval rou\u0161k\u00e1m, ne\u017e aby mluvil o n\u011b\u010dem, co je mnohem nebezpe\u010dn\u011bj\u0161\u00ed a co je \u201eza\u201c covidem \u2013 viz Great Reset a jeho p\u0159\u00e1tel\u00e9-nep\u0159\u00e1tel\u00e9 z Davosu), ale to nechme na jindy, proto\u017ee nikdo nen\u00ed dokonal\u00fd a proto\u017ee bychom zase p\u0159\u00edli\u0161 odb\u00edhali od t\u00e9matu a v\u011btvili tento ned\u011bln\u00edk a\u017e k neu\u010dten\u00ed. Jin\u00fdmi slovy, m\u011bl-li by se p\u0159\u00edpadn\u00fd prezidentsk\u00fd souboj odehr\u00e1t na pozad\u00ed my\u0161lenkov\u00e9ho st\u0159etu o o\u010dkov\u00e1n\u00ed, pak by bylo f\u00e9r, kdyby na stran\u011b odp\u016frc\u016f st\u00e1l skute\u010dn\u00fd odp\u016frce, ne jen n\u011bkdo, kdo chce hlasy odp\u016frc\u016f zneu\u017e\u00edt pro sv\u00e9 c\u00edle. Pr\u00e1v\u011b proto a pro nic jin\u00e9ho jsem p\u0159ed p\u00e1r t\u00fddny \u0159ekl, \u017ee si mysl\u00edm, \u017ee by Klaus byl dobr\u00fdm kandid\u00e1tem. Byl by toti\u017e schopen porazit nejen Jane\u010dka, ale i Babi\u0161e.<\/p>\n<p>N\u011bkdo by te\u010f mohl nam\u00edtnout, \u017ee vlasteneck\u00e1 sc\u00e9na by m\u011bla vygenerovat vlastn\u00edho kandid\u00e1ta, v\u00edce vlasteneck\u00e9ho, n\u00e1m, vlastenc\u016fm a n\u00e1rodovc\u016fm, v\u00edce bli\u017e\u0161\u00edho. Klaus se v jist\u00e9m obdob\u00ed sv\u00e9ho prezidentov\u00e1n\u00ed o hlas vlastenc\u016f politicky skute\u010dn\u011b op\u00edral (viz spolupr\u00e1ce s DOSTEm apod.), ale skute\u010dn\u00fd n\u00e1rodovec to nen\u00ed. Pouze se z liber\u00e1la \u201ena star\u00e1 kolena\u201c stal konzervativcem, ale jeho u\u010diteli a vzory jsou st\u00e1le ti \u201evelc\u00ed ekonomov\u00e9\u201c, von hayekov\u00e9, friedmanov\u00e9, von misesov\u00e9 a dal\u0161\u00ed. Proto by n\u011bkdo mohl \u0159\u00edci, \u017ee bychom rad\u011bji m\u011bli podporovat skute\u010dn\u00e9ho n\u00e1rodovce. Po m\u00e9 zku\u0161enosti s Petrem Hannigem, kter\u00e9ho jsme podporovali v minul\u00e9 prezidentsk\u00e9 volb\u011b, mus\u00edm ale \u0159\u00edci, \u017ee letos si tento \u201eluxus vlastn\u00edho kandid\u00e1ta\u201c vlasteneck\u00e1 sc\u00e9na nem\u016f\u017ee dovolit. A to nemysl\u00edm proto, \u017ee n\u00e1s s Petrem Hannigem moment\u00e1ln\u011b rozd\u011blil n\u00e1zor na covid, ale proto, \u017ee tenkr\u00e1t jsme v\u011bd\u011bli, \u017ee nem\u016f\u017ee usp\u011bt, ale \u0161lo n\u00e1m alespo\u0148 o z\u00edsk\u00e1n\u00ed medi\u00e1ln\u00edho prostoru, proto\u017ee i to n\u00e1m st\u00e1lo za to. Stejn\u011b jsme pak nakonec (Hannigov\u00fdmi \u00fasty) podpo\u0159ili Zemana (coby men\u0161\u00ed zlo). Neptal jsem se letos Petra Hanniga, zda chce kandidovat znovu, ale beztak v\u00edm, \u017ee na vlasteneck\u00e9 sc\u00e9n\u011b jsou i dal\u0161\u00ed, kte\u0159\u00ed na prezidentsk\u00fd post pom\u00fd\u0161lej\u00ed, nebo alespo\u0148 ti, kte\u0159\u00ed jsou k \u00favah\u00e1m o tomto vyb\u00edzeni a k t\u011bmto \u00favah\u00e1m tla\u010deni. Jakub Olbert u\u017e svoji kandidaturu ozn\u00e1mil. Podobn\u00e9 ambice m\u00e1 i europoslanec za SPD Hynek Bla\u017eko. Nic proti tomu. Ob\u011bma bych to p\u0159\u00e1l. P\u0159ed volbami jsme se s Jakubem Olbertem nakonec nepohodli, ale to neznamen\u00e1, \u017ee bych si ho neum\u011bl p\u0159edstavit jako prezidenta. Hynek Bla\u017eko mi pomohl zprost\u0159edkovat p\u0159ed volbami jistou politickou sch\u016fzku a za to jsem mu vd\u011b\u010dn\u00fd (i kdy\u017e to nakonec nebylo nic platn\u00e9). P\u0159i osobn\u00edm jedn\u00e1n\u00ed na mne ud\u011blal dojem, i kdy\u017e n\u011bkte\u0159\u00ed na\u0161i politi\u010dt\u00ed partne\u0159i si zase st\u011b\u017eovali, \u017ee se k nim choval nevhodn\u011b. U toho jsem sice nebyl, ale nem\u00e1m d\u016fvod o tom pochybovat. Jeho ve\u0159ejn\u00e1 vystoupen\u00ed jsou toti\u017e mnohdy zmaten\u00e1 a v\u00fdroky protich\u016fdn\u00e9, co\u017e \u010dasto pramen\u00ed z gener\u00e1lova nejednozna\u010dn\u00e9ho vztahu k SPD (nebo, abychom byli p\u0159esn\u011bj\u0161\u00ed a spravedliv\u00ed, sp\u00ed\u0161e z nef\u00e9rov\u00e9ho vztahu SPD k n\u011bmu). A nen\u00ed \u017e\u00e1dn\u00fdm tajemstv\u00edm, \u017ee i nad\u00e1le prob\u00edh\u00e1 dal\u0161\u00ed \u201evytipov\u00e1v\u00e1n\u00ed\u201c a \u201ehled\u00e1n\u00ed\u201c dal\u0161\u00edch prezidentsk\u00fdch kandid\u00e1t\u016f.<\/p>\n<p>Jen\u017ee tentokr\u00e1t pot\u0159ebujeme, abychom skute\u010dn\u011b vyhr\u00e1li. V s\u00e1zce je p\u0159\u00edli\u0161 mnoho. Jak jsem u\u017e napsal, nem\u016f\u017eeme si dovolit ten luxus, hledat do posledn\u00ed chv\u00edle ide\u00e1ln\u00edho kandid\u00e1ta a na posledn\u00ed chv\u00edli do boje poslat n\u011bkoho, na kom by se sice nakr\u00e1sn\u011b shodla vlasteneck\u00e1 sc\u00e9na (i kdy\u017e i to je sp\u00ed\u0161e z \u0159\u00ed\u0161e sci-fi), ale koho nezn\u00e1 (a tud\u00ed\u017e nebude volit) \u0161irok\u00e1 ve\u0159ejnost. V\u017edy jde toti\u017e v posledku o souboj dvou mu\u017e\u016f. Jakkoli je dvoukolov\u00e1 volba nef\u00e9r, mus\u00edme si p\u0159iznat, \u017ee \u201evlasteneck\u00fd\u201c kandid\u00e1t (alespo\u0148 v tuto chv\u00edli) do druh\u00e9ho kola nikdy neproraz\u00ed. Petr Hannig nebyl sice posledn\u00ed (byl p\u0159edposledn\u00ed) a my se tak mohli ut\u011b\u0161ovat t\u00edm, \u017ee s t\u00e9m\u011b\u0159 nulovou kampan\u00ed porazil kandid\u00e1ta ODA, kter\u00fd m\u011bl k dispozici deset milion\u016f korun od Pavla Sehnala, ale tentokr\u00e1t bude v s\u00e1zce mnohem v\u00edce, ne\u017e abychom m\u011bli za c\u00edl jen \u201e!\u010destn\u011b prohr\u00e1t\u201c. Mus\u00edme vyhr\u00e1t. Mus\u00edme ud\u011blat n\u011bco podobn\u00e9ho jako se Zemanem (i kdy\u017e jsme posledn\u00edch n\u011bkolik let pozn\u00e1vali, \u017ee Zeman n\u00e1s vlastn\u011b podvedl a oklamal a nikdy mu o n\u00e1rodn\u00ed z\u00e1jmy ne\u0161lo, tedy, pokud t\u00edm nemyslel n\u00e1rodn\u00ed z\u00e1jmy Izraele). Nicm\u00e9n\u011b po\u0159\u00e1d mus\u00edme br\u00e1t v \u00favahu, \u017ee Klaus nen\u00ed Zeman, co\u017e mimo jin\u00e9 znamen\u00e1, \u017ee byl-li Zeman Izraelem fascinov\u00e1n, u Klause tomu tak, na\u0161t\u011bst\u00ed, nen\u00ed.<\/p>\n<p>Ale vra\u0165me se zp\u011bt k m\u00e9 \u00favaze. Vlastenci by tak podle m\u00e9ho soudu m\u011bli vsadit na n\u011bkoho, kdo jejich z\u00e1jmy reprezentuje, i kdy\u017e nen\u00ed nutn\u011b \u201ejeden z nich\u201c a kdo m\u00e1 z\u00e1rove\u0148 mo\u017enost usp\u011bt, proto\u017ee je kandid\u00e1tem siln\u00e9 v\u00e1hy. Klaus n\u011bk\u00fdm takov\u00fdm je. Co se o\u010dkov\u00e1n\u00ed a podobn\u00fdch proticovidov\u00fdch nesmysl\u016f t\u00fd\u010de, na\u0161e z\u00e1jmy \u2013 jsem p\u0159esv\u011bd\u010den \u2013 by h\u00e1jil. A vyhr\u00e1t by mohl. Na rozd\u00edl od Hanniga, Olberta \u010di Bla\u017eka. M\u00e9dia sice nejsou na jeho stran\u011b a nemaj\u00ed ho r\u00e1da, ale nikdo Klausovi nem\u016f\u017ee up\u0159\u00edt zku\u0161enosti a charisma. Jin\u00fdmi slovy to, \u017ee je kandid\u00e1tem t\u011b\u017ek\u00e9 v\u00e1hy.<\/p>\n<p>Tuto \u00favahu jsem v mysli sp\u0159\u00e1dal, kdy\u017e to vypadalo, \u017ee Babi\u0161 m\u00e1 cestu na Hrad t\u00e9m\u011b\u0159 jistou. Nem\u016f\u017eeme mu to nechat, \u0159\u00edkal jsem si. A kdy\u017e se Jane\u010dek o tot\u00e9\u017e p\u0159ihl\u00e1sil svou antitez\u00ed (neo\u010dkovat), \u0159\u00edkal jsem si, \u017ee jedin\u00e1 cesta z tohoto podvodu na voli\u010de by bylo vsadit na n\u011bjak\u00e9ho kandid\u00e1ta, kter\u00fd by dovedl vy\u0161achovat oba zm\u00edn\u011bn\u00e9. Vr\u00e1tit do hry Klause. A pro po\u0159\u00e1dek a pro p\u0159esnost dod\u00e1v\u00e1m, \u017ee nejde o n\u00e1zor N\u00e1rodn\u00ed demokracie (nijak jsem to s kolegy nekonzultoval), ale o m\u016fj soukrom\u00fd n\u00e1zor. V\u011bci se mohou je\u0161t\u011b hodn\u011b zm\u011bnit.<\/p>\n<p>A to, \u017ee se mohou m\u011bnit skute\u010dn\u011b dramaticky, vid\u00edme i na ud\u00e1lostech posledn\u00edch dn\u00ed. Jmenovan\u00e1 vl\u00e1da (je\u0161t\u011b se k n\u00ed vr\u00e1t\u00edm v p\u0159\u00ed\u0161t\u00edm ned\u011bln\u00edku), respektive okolnosti jej\u00edho jmenov\u00e1n\u00ed, mnoh\u00e9 z v\u011bc\u00ed m\u011bn\u00ed. Uk\u00e1zalo se, \u017ee Fiala p\u0159ekvapiv\u011b udr\u017euje se Zemanem dobr\u00e9 vztahy a \u017ee mezi nimi nen\u00ed \u017e\u00e1dn\u00e9 nep\u0159\u00e1telstv\u00ed, jak jsme se mohli domn\u00edvat. A uk\u00e1zalo se tak\u00e9, \u017ee tuto partii Andrej Babi\u0161 p\u011bkn\u011b projel. A to a\u017e tak, \u017ee na svoji cestu na Hrad m\u016f\u017ee zapomenout. T\u00edm netvrd\u00edm, \u017ee nebude kandidovat, ale i to je mo\u017en\u00e9. Situace se t\u00edm z\u00e1sadn\u011b m\u011bn\u00ed. To ale nic nem\u011bn\u00ed na m\u00e9 \u00favaze. I kdyby toti\u017e Babi\u0161 nakonec nekandidoval (proto\u017ee by to vzdal, podobn\u011b jako to vzdal se snahou o sestaven\u00ed vl\u00e1dy), t\u00e9ma o\u010dkov\u00e1n\u00ed, kter\u00e9 tolik rozd\u011bluje spole\u010dnost, bude i tak t\u00e9matem prezidentsk\u00fdch voleb. Jednak nem\u016f\u017ee neb\u00fdt, druhak Jane\u010dek na \u00fadajn\u00e9m odporu k n\u011bmu svoji kampa\u0148 stav\u011bt bude. Kdy\u017e to hodn\u011b zjednodu\u0161\u00edm, jeden z kandid\u00e1t\u016f, kter\u00fd postoup\u00ed do druh\u00e9ho kola, bude jist\u011b pro o\u010dkov\u00e1n\u00ed. A v tomto smyslu je jedno, zda j\u00edm bude Babi\u0161 nebo kdokoli jin\u00fd. S n\u00edm by se pak mohl utkat Jane\u010dek coby odp\u016frce o\u010dkov\u00e1n\u00ed. St\u00e1le tedy hroz\u00ed sc\u00e9n\u00e1\u0159, kter\u00e9mu bychom m\u011bli zabr\u00e1nit. To se n\u00e1m m\u016f\u017ee poda\u0159it jen t\u00edm, \u017ee tento fingovan\u00fd souboj odhal\u00ed a sympatie ve\u0159ejnosti na svou stranu strhne skute\u010dn\u00fd odp\u016frce o\u010dkov\u00e1n\u00ed. Jist\u011b \u2013 dnes nejsou \u017e\u00e1dn\u00e1 jm\u00e9na je\u0161t\u011b v\u016fbec jist\u00e1. Jane\u010dek sv\u00e9 \u201eano\u201c je\u0161t\u011b ne\u0159ekl. Babi\u0161, jak jsme si p\u0159ed chv\u00edli uvedli, se dostal do nev\u00fdhodn\u00e9 pozice a nen\u00ed v\u016fbec jasn\u00e9, zda se souboje nakonec z\u00fa\u010dastn\u00ed (ale p\u0159edpokl\u00e1dejme, \u017ee ano). A Klaus tak\u00e9 je\u0161t\u011b v\u016fbec ne\u0159ekl, zda do toho p\u016fjde. Vlastn\u011b nikdo je\u0161t\u011b nic ne\u0159ekl, tak\u017ee jde o jednu velkou spekulaci. P\u0159esto je pot\u0159eba se nad prezidentsk\u00fdmi volbami za\u010d\u00edt zam\u00fd\u0161let\u2026<\/p>\n<p>Ve skute\u010dnosti toti\u017e i ony zm\u011bny (kter\u00e9 dob\u0159e popsal Petr H\u00e1jek\u00a0<a href=\"https:\/\/www.protiproud.cz\/politika\/6188-sok-tupych-hlav-zeman-kapituloval-ani-kavarna-nevi-zda-se-radovat-ci-soptit-za-co-to-prodal-obstal-nepromluvil-babis-je-mrtev-a-nevi-o-tom-operace-se-zdarila-pacient-zemrel-scenar-od-bri-grimmu-nadeje-neumira.htm\" target=\"_blank\" rel=\"noopener\"><em><strong>zde<\/strong><\/em><\/a>), hraj\u00ed v Klaus\u016fv prosp\u011bch. Jak? Pakli\u017ee se Klaus (z r\u016fzn\u00fdch d\u016fvod\u016f) zdr\u00e1hal kandidovat proti Babi\u0161ovi, Babi\u0161ova neschopnost sestavit vl\u00e1du, Babi\u0161ova neschopnost zabr\u00e1nit sestaven\u00ed Fialovy vl\u00e1dy a Babi\u0161ovo \u201ezrada\u201c Zemana m\u016f\u017ee znamenat i konec jeho vysn\u011bn\u00e9ho prezidentsk\u00e9ho k\u0159esla. A\u0165 u\u017e si o n\u011bj \u0159ekne, nebo to p\u0159edem vzd\u00e1. Klause bychom v na\u0161em vlastn\u00edm z\u00e1jmu m\u011bli vr\u00e1tit do hry, proto\u017ee n\u00e1m ji m\u016f\u017ee vyhr\u00e1t. A proto\u017ee Babi\u0161ovy chyby z posledn\u00edch t\u00fddn\u016f z\u00e1sadn\u011b m\u011bn\u00ed situaci a Klausovi umo\u017e\u0148uj\u00ed, aby do toho \u0161el, i kdy\u017e posledn\u00ed t\u00fddny v\u00e1hal.<\/p>\n<p>Nezapome\u0148me. Hraje se o o\u010dkov\u00e1n\u00ed (neboli ozna\u010dkov\u00e1n\u00ed) ob\u010dan\u016f, o uzmut\u00ed svobod nejen t\u011bm, kdo o\u010dkov\u00e1n\u00ed odm\u00edtnou (ale samoz\u0159ejm\u011b i t\u011bch, kdo se o\u010dkov\u00e1n\u00edm nechali oblbnout), hraje se o Green Deal, o migraci \u010di o budoucnost tradi\u010dn\u00ed rodiny. Na v\u0161echna tato t\u00e9mata m\u00e1 Klaus siln\u00fd n\u00e1zor, kter\u00fd se bl\u00ed\u017e\u00ed tomu na\u0161emu. Alternativa by m\u011bla v tomto p\u0159\u00edpad\u011b vsadit na jistotu a podpo\u0159it siln\u00e9ho kandid\u00e1ta, kter\u00fd m\u00e1 \u0161anci porazit pravdol\u00e1sku na jedn\u00e9, i p\u0159edstavitele t\u011bch stran, kter\u00e9 jsou vystaveny sp\u00ed\u0161e jako podnikatelsk\u00e9 projekty (Babi\u0161, Okamura) na stran\u011b druh\u00e9. Kdy\u017e vsad\u00edme na kohokoli jin\u00e9ho, prohrajeme.<\/p>\n<p>Prezidentsk\u00e9 volby jsou p\u0159itom d\u016fle\u017eit\u00e9. V tom z\u00e1pase o na\u0161i svobodu, kter\u00fd n\u00e1s \u010dek\u00e1, pot\u0159ebujeme alespo\u0148 na Hrad\u011b \u010dlov\u011bka, kter\u00fd bude st\u00e1t na na\u0161\u00ed stran\u011b. Sou\u010dasn\u00fd prezident nestoj\u00ed. A nov\u011b jmenovan\u00e1 vl\u00e1da, a\u010dkoli se tv\u00e1\u0159\u00ed, \u017ee bude lep\u0161\u00ed, bude z hlediska vakcina\u010dn\u00edho teroru je\u0161t\u011b brut\u00e1ln\u011bj\u0161\u00ed. To v\u00edme v\u0161ichni u\u017e \u0159adu m\u011bs\u00edc\u016f. Na Hrad\u011b je proto pot\u0159eba m\u00edt odp\u016frce o\u010dkov\u00e1n\u00ed, kter\u00fd bude vetovat nesmysln\u00e9 z\u00e1kony a p\u016fsobit jako pojistka proti t\u011bm nejv\u011bt\u0161\u00edm zhovadilostem. Klaus by to um\u011bl a m\u011bl by i \u0161anci se tam dostat.<\/p>\n<p>Ot\u00e1zka ale je, zda do toho v\u016fbec chce j\u00edt. Pro p\u0159\u00edpad, \u017ee to cel\u00e9 pouze zva\u017euje, je tento m\u016fj text p\u0159\u00edsp\u011bvkem do debaty, pro\u010d by tomu tak b\u00fdt m\u011blo. Pro\u010d by do toho j\u00edt m\u011bl. Pro\u010d bychom m\u011bli \u201evr\u00e1tit Klause do hry\u201c. U\u017e i proto, \u017ee by m\u011bl od\u010dinit ten podpis Lisabonu\u2026<\/p>\n<p>Omlouv\u00e1m se, \u017ee byl tento ned\u011bln\u00edk tak dlouh\u00fd a pop\u0159eji v\u00e1m klidn\u00e9 V\u00e1noce a Nov\u00fd rok. V roce 2022 n\u00e1s \u010dek\u00e1 mnoho pr\u00e1ce, ale pr\u00e1v\u011b proto bychom nyn\u00ed m\u011bli na\u010derpat klid a pokoj \u2013 jak \u0159\u00edk\u00e1 pan VK \u2013 \u201ev kruhu rodinn\u00e9m\u201c a voln\u00fd \u010das vyu\u017e\u00edt k tomu, abychom pop\u0159em\u00fd\u0161leli, jak tento rodinn\u00fd kruh ochr\u00e1nit.<\/p>\n<p>Po\u017eehnan\u00e9 \u010di \u0161\u0165astn\u00e9 a vesel\u00e9 (podle toho, jak to kdo m\u00e1te) sv\u00e1tky v\u00e1m p\u0159eje<\/p>\n<p><em>Adam B. Barto\u0161, p\u0159edseda N\u00e1rodn\u00ed demokracie<\/p>\n<p><img decoding=\"async\" loading=\"lazy\" class=\"alignnone size-full wp-image-678\" src=\"http:\/\/www.infokuryr.cz\/n\/wp-content\/uploads\/2021\/04\/narodni_demokracie_logo.jpg\" alt=\"\" width=\"300\" height=\"85\" \/><\/p>\n<p><\/em><\/p>\n<\/div>\n","protected":false},"excerpt":{"rendered":"<p>D\u011bje se toho tolik, \u017ee nev\u00edm, \u010d\u00edm za\u010d\u00edt. M\u011bl bych ps\u00e1t o prezidentu Klausovi, jak&#8230;<\/p>\n","protected":false},"author":2,"featured_media":679,"comment_status":"closed","ping_status":"closed","sticky":false,"template":"","format":"standard","meta":[],"categories":[6],"tags":[367,29,85,459],"_links":{"self":[{"href":"https:\/\/www.infokuryr.cz\/n\/wp-json\/wp\/v2\/posts\/6992"}],"collection":[{"href":"https:\/\/www.infokuryr.cz\/n\/wp-json\/wp\/v2\/posts"}],"about":[{"href":"https:\/\/www.infokuryr.cz\/n\/wp-json\/wp\/v2\/types\/post"}],"author":[{"embeddable":true,"href":"https:\/\/www.infokuryr.cz\/n\/wp-json\/wp\/v2\/users\/2"}],"replies":[{"embeddable":true,"href":"https:\/\/www.infokuryr.cz\/n\/wp-json\/wp\/v2\/comments?post=6992"}],"version-history":[{"count":0,"href":"https:\/\/www.infokuryr.cz\/n\/wp-json\/wp\/v2\/posts\/6992\/revisions"}],"wp:featuredmedia":[{"embeddable":true,"href":"https:\/\/www.infokuryr.cz\/n\/wp-json\/wp\/v2\/media\/679"}],"wp:attachment":[{"href":"https:\/\/www.infokuryr.cz\/n\/wp-json\/wp\/v2\/media?parent=6992"}],"wp:term":[{"taxonomy":"category","embeddable":true,"href":"https:\/\/www.infokuryr.cz\/n\/wp-json\/wp\/v2\/categories?post=6992"},{"taxonomy":"post_tag","embeddable":true,"href":"https:\/\/www.infokuryr.cz\/n\/wp-json\/wp\/v2\/tags?post=6992"}],"curies":[{"name":"wp","href":"https:\/\/api.w.org\/{rel}","templated":true}]}}