{"id":69880,"date":"2025-01-10T00:37:01","date_gmt":"2025-01-09T23:37:01","guid":{"rendered":"https:\/\/www.infokuryr.cz\/n\/?p=69880"},"modified":"2025-01-09T11:13:57","modified_gmt":"2025-01-09T10:13:57","slug":"odmitani-ockovani-roste-prekvapive-zjisteni-bohati-lide-a-zeny-jsou-k-ockovani-casteji-kriticti","status":"publish","type":"post","link":"https:\/\/www.infokuryr.cz\/n\/2025\/01\/10\/odmitani-ockovani-roste-prekvapive-zjisteni-bohati-lide-a-zeny-jsou-k-ockovani-casteji-kriticti\/","title":{"rendered":"Odm\u00edt\u00e1n\u00ed o\u010dkov\u00e1n\u00ed roste: p\u0159ekvapiv\u00e9 zji\u0161t\u011bn\u00ed &#8211; bohat\u00ed lid\u00e9 a \u017eeny jsou k o\u010dkov\u00e1n\u00ed \u010dast\u011bji kriti\u010dt\u00ed"},"content":{"rendered":"<div id=\"fb-root\"><\/div>\n<div class=\"elementor-element elementor-element-1fb4c2c elementor-widget elementor-widget-theme-post-content\" data-id=\"1fb4c2c\" data-element_type=\"widget\" data-widget_type=\"theme-post-content.default\">\n<div class=\"elementor-widget-container\">\n<p><span style=\"font-size: 18pt;\"><strong>Shrnut\u00ed studie o v\u00e1h\u00e1n\u00ed rodi\u010dovsk\u00e9 vakc\u00edny<\/strong><\/span><\/p>\n<p>P\u0159ehled veden\u00fd Annalisou Capuano a Cristinou Scavone z University of Campania Luigi Vanvitelli analyzuje glob\u00e1ln\u00ed trendy v v\u00e1havosti rodi\u010dovsk\u00e9 vakc\u00edny pomoc\u00ed studi\u00ed z let 2023\u20132024. Pr\u00e1ce ukazuje dalekos\u00e1hl\u00fd dopad v\u00e1h\u00e1n\u00ed s o\u010dkov\u00e1n\u00edm na ve\u0159ejn\u00e9 zdrav\u00ed a zd\u016fraz\u0148uje pot\u0159ebu c\u00edlen\u00fdch komunika\u010dn\u00edch strategi\u00ed.<\/p>\n<h3 class=\"wp-block-heading\"><span style=\"font-size: 18pt;\"><strong>Hlavn\u00ed zji\u0161t\u011bn\u00ed studie<\/strong><\/span><\/h3>\n<p>Auto\u0159i ukazuj\u00ed, \u017ee v\u00e1havost ohledn\u011b o\u010dkov\u00e1n\u00ed od pandemie COVID-19 prudce vzrostla, co\u017e je zp\u016fsobeno dezinformacemi a ned\u016fv\u011brou vl\u00e1d. To podkop\u00e1v\u00e1 imuniza\u010dn\u00ed programy, ohro\u017euje ve\u0159ejn\u00e9 zdrav\u00ed a zvy\u0161uje riziko propuknut\u00ed nemoc\u00ed, kter\u00fdm lze p\u0159edej\u00edt, jako jsou spalni\u010dky a \u010dern\u00fd ka\u0161el.<\/p>\n<h3 class=\"wp-block-heading\"><span style=\"font-size: 18pt;\"><strong>Metodologie<\/strong><\/span><\/h3>\n<p>Anal\u00fdza je zalo\u017eena na pr\u016f\u0159ezov\u00fdch studi\u00edch od PubMed, kter\u00e9 zkoumaly postoje k rutinn\u00edmu o\u010dkov\u00e1n\u00ed a vakc\u00edn\u00e1m proti COVID-19 v r\u016fzn\u00fdch geografick\u00fdch a socioekonomick\u00fdch kontextech. Analyzov\u00e1ny byly prom\u011bnn\u00e9, jako je \u00farove\u0148 vzd\u011bl\u00e1n\u00ed, vyu\u017e\u00edv\u00e1n\u00ed soci\u00e1ln\u00edch m\u00e9di\u00ed a d\u016fv\u011bra v syst\u00e9m zdravotn\u00ed p\u00e9\u010de.<\/p>\n<h3 class=\"wp-block-heading\"><span style=\"font-size: 18pt;\"><strong>V\u00fdsledky<\/strong><\/span><\/h3>\n<ul>\n<li>M\u00edra v\u00e1h\u00e1n\u00ed s o\u010dkov\u00e1n\u00edm se velmi li\u0161\u00ed, a\u017e 70 % u o\u010dkov\u00e1n\u00ed proti COVID-19 a 20\u201330 % u b\u011b\u017en\u00e9ho d\u011btsk\u00e9ho o\u010dkov\u00e1n\u00ed.<\/li>\n<li>Dezinformace a soci\u00e1ln\u00ed m\u00e9dia podporuj\u00ed obavy z nep\u0159\u00edzniv\u00fdch \u00fa\u010dink\u016f.<\/li>\n<li>N\u00edzk\u00e1 \u00farove\u0148 vzd\u011bl\u00e1n\u00ed a nedostatek d\u016fv\u011bry v instituce zvy\u0161uj\u00ed odm\u00edt\u00e1n\u00ed o\u010dkov\u00e1n\u00ed.<\/li>\n<li>Je zaj\u00edmav\u00e9, \u017ee bohat\u0161\u00ed jedinci a \u017eeny \u010dast\u011bji vyjad\u0159uj\u00ed obavy, obvykle z bezpe\u010dnostn\u00edch d\u016fvod\u016f nebo d\u016fv\u011bry v p\u0159irozenou imunitu.<\/li>\n<\/ul>\n<h3 class=\"wp-block-heading\"><span style=\"font-size: 18pt;\"><strong>Kritick\u00e9 body<\/strong><\/span><\/h3>\n<p>Pandemie d\u00e1le polarizovala postoje k vakc\u00edn\u00e1m a konflikty z\u00e1jm\u016f, jako jsou ty v N\u00e1rodn\u00edch institutech zdrav\u00ed, kter\u00e9 m\u011bly prosp\u011bch z vakc\u00edn proti COVID-19, podn\u011bcovaly ned\u016fv\u011bru. Takov\u00e9 informace se \u0161\u00ed\u0159ily na soci\u00e1ln\u00edch s\u00edt\u00edch, co\u017e je\u0161t\u011b v\u00edce rozdm\u00fdchalo debatu.<\/p>\n<h3 class=\"wp-block-heading\"><span style=\"font-size: 18pt;\"><strong>Doporu\u010den\u00ed autor\u016f<\/strong><\/span><\/h3>\n<p>Auto\u0159i navrhuj\u00ed opat\u0159en\u00ed na podporu ochoty k o\u010dkov\u00e1n\u00ed:<\/p>\n<ol>\n<li><strong>Informa\u010dn\u00ed kampan\u011b<\/strong>\u00a0od d\u016fv\u011bryhodn\u00fdch poskytovatel\u016f zdravotn\u00ed p\u00e9\u010de.<\/li>\n<li><strong>Sledov\u00e1n\u00ed a n\u00e1prava dezinformac\u00ed<\/strong>\u00a0na soci\u00e1ln\u00edch s\u00edt\u00edch.<\/li>\n<li><strong>Iniciativy Spole\u010denstv\u00ed<\/strong>\u00a0k \u0159e\u0161en\u00ed kulturn\u00edch a demografick\u00fdch rozd\u00edl\u016f.<\/li>\n<\/ol>\n<h3 class=\"wp-block-heading\"><span style=\"font-size: 18pt;\"><strong>V\u00fdzvy<\/strong><\/span><\/h3>\n<p>Jedn\u00edm probl\u00e9mem z\u016fst\u00e1v\u00e1 interpretace v\u011bdeck\u00fdch d\u016fkaz\u016f: r\u016fzn\u00e9 v\u011btve \u00fadaj\u016f by mohly v\u00e9st k protich\u016fdn\u00fdm v\u00fdsledk\u016fm, co\u017e by znesnadnilo v\u00fdvoj \u00fa\u010dinn\u00fdch strategi\u00ed.<\/p>\n<h3 class=\"wp-block-heading\"><span style=\"font-size: 18pt;\"><strong>Z\u00e1v\u011br<\/strong><\/span><\/h3>\n<p>Studie po\u017eaduje c\u00edlen\u00e1 opat\u0159en\u00ed k obnoven\u00ed d\u016fv\u011bry ve vakc\u00edny. To m\u00e1 pomoci zv\u00fd\u0161it proo\u010dkovanost a sn\u00ed\u017eit riziko propuknut\u00ed onemocn\u011bn\u00ed. Zpr\u00e1va slou\u017e\u00ed jako bud\u00ed\u010dek pro tv\u016frce politik, poskytovatele zdravotn\u00ed p\u00e9\u010de a v\u00fdzkumn\u00e9 pracovn\u00edky, aby propagovali vakc\u00edny jako \u00fast\u0159edn\u00ed pil\u00ed\u0159 glob\u00e1ln\u00edho zdrav\u00ed.<\/p>\n<\/div>\n<\/div>\n<div class=\"elementor-element elementor-element-8c57238 quelle dc-has-condition dc-condition-empty elementor-widget elementor-widget-heading\" data-id=\"8c57238\" data-element_type=\"widget\" data-widget_type=\"heading.default\">\n<div class=\"elementor-widget-container\">\n<h3 class=\"elementor-heading-title elementor-size-default\"><span style=\"font-size: 10pt;\"><a href=\"https:\/\/www.trialsitenews.com\/a\/addressing-parental-vaccine-hesitancy-a-global-review-highlights-emerging-challenges-4dab26d6\" target=\"_blank\" rel=\"nofollow noopener\">Zdroj<\/a><\/span><\/h3>\n<p>&nbsp;<\/p>\n<\/div>\n<\/div>\n","protected":false},"excerpt":{"rendered":"<p>Shrnut\u00ed studie o v\u00e1h\u00e1n\u00ed rodi\u010dovsk\u00e9 vakc\u00edny P\u0159ehled veden\u00fd Annalisou Capuano a Cristinou Scavone z University&#8230;<\/p>\n","protected":false},"author":2,"featured_media":65755,"comment_status":"closed","ping_status":"closed","sticky":false,"template":"","format":"standard","meta":[],"categories":[7],"tags":[213,2810,651],"_links":{"self":[{"href":"https:\/\/www.infokuryr.cz\/n\/wp-json\/wp\/v2\/posts\/69880"}],"collection":[{"href":"https:\/\/www.infokuryr.cz\/n\/wp-json\/wp\/v2\/posts"}],"about":[{"href":"https:\/\/www.infokuryr.cz\/n\/wp-json\/wp\/v2\/types\/post"}],"author":[{"embeddable":true,"href":"https:\/\/www.infokuryr.cz\/n\/wp-json\/wp\/v2\/users\/2"}],"replies":[{"embeddable":true,"href":"https:\/\/www.infokuryr.cz\/n\/wp-json\/wp\/v2\/comments?post=69880"}],"version-history":[{"count":1,"href":"https:\/\/www.infokuryr.cz\/n\/wp-json\/wp\/v2\/posts\/69880\/revisions"}],"predecessor-version":[{"id":69881,"href":"https:\/\/www.infokuryr.cz\/n\/wp-json\/wp\/v2\/posts\/69880\/revisions\/69881"}],"wp:featuredmedia":[{"embeddable":true,"href":"https:\/\/www.infokuryr.cz\/n\/wp-json\/wp\/v2\/media\/65755"}],"wp:attachment":[{"href":"https:\/\/www.infokuryr.cz\/n\/wp-json\/wp\/v2\/media?parent=69880"}],"wp:term":[{"taxonomy":"category","embeddable":true,"href":"https:\/\/www.infokuryr.cz\/n\/wp-json\/wp\/v2\/categories?post=69880"},{"taxonomy":"post_tag","embeddable":true,"href":"https:\/\/www.infokuryr.cz\/n\/wp-json\/wp\/v2\/tags?post=69880"}],"curies":[{"name":"wp","href":"https:\/\/api.w.org\/{rel}","templated":true}]}}