{"id":69803,"date":"2025-01-09T00:42:16","date_gmt":"2025-01-08T23:42:16","guid":{"rendered":"https:\/\/www.infokuryr.cz\/n\/?p=69803"},"modified":"2025-01-08T15:43:36","modified_gmt":"2025-01-08T14:43:36","slug":"bavorsko-13lety-na-autobusove-zastavce-pobodal-nozem-spoluzaka","status":"publish","type":"post","link":"https:\/\/www.infokuryr.cz\/n\/2025\/01\/09\/bavorsko-13lety-na-autobusove-zastavce-pobodal-nozem-spoluzaka\/","title":{"rendered":"Bavorsko: 13let\u00fd na autobusov\u00e9 zast\u00e1vce pobodal no\u017eem spolu\u017e\u00e1ka"},"content":{"rendered":"<div id=\"fb-root\"><\/div>\n<p><strong><span>V \u00fater\u00fd r\u00e1no (7. ledna 2025) do\u0161lo na autobusov\u00e9 zast\u00e1vce v bavorsk\u00e9m Schnelldorfu (okres Ansbach) k \u0161okuj\u00edc\u00edmu incidentu: 13let\u00fd mlad\u00edk zranil no\u017eem 14let\u00e9ho studenta &#8211; utrp\u011bl n\u011bkolik bodn\u00fdch ran. zadn\u00ed \u010d\u00e1st hlavy! Podle\u00a0<\/span><a href=\"https:\/\/www.polizei.bayern.de\/aktuelles\/pressemitteilungen\/078440\/index.html\"><span>policie<\/span><\/a><span>\u00a0mezi nimi nebyl \u017e\u00e1dn\u00fd p\u0159edchoz\u00ed vztah. \u00a0<\/span><\/strong><\/p>\n<p><span>Kolem 7:00 \u010dekal 14let\u00fd mlad\u00edk s dal\u0161\u00edmi mlad\u00fdmi lidmi na autobusov\u00e9 zast\u00e1vce na Rothenburger Strasse na \u0161koln\u00ed autobus. Podle informac\u00ed m\u00e9di\u00ed n\u00e1hle poc\u00edtil bolest v hlav\u011b. P\u016fvodn\u011b p\u0159edpokl\u00e1dal, \u017ee byl zbit. Teenager ode\u0161el ze zast\u00e1vky a upozornil rodi\u010de. V nemocnici se uk\u00e1zalo, \u017ee\u00a0<\/span><strong><span>utrp\u011bl n\u011bkolik bodn\u00fdch ran v zadn\u00ed \u010d\u00e1sti hlavy.<\/span><\/strong><span> Po o\u0161et\u0159en\u00ed mohl nemocnici opustit \u2013 vpichy na\u0161t\u011bst\u00ed nebyly p\u0159\u00edli\u0161 hlubok\u00e9.\u00a0\u00a0<\/span><\/p>\n<p><span>Kr\u00e1tce nato zavolal 13let\u00fd podez\u0159el\u00fd na t\u00eds\u0148ovou linku policie a uvedl, \u017ee no\u017eem zranil dal\u0161\u00edho teenagera. Policejn\u00ed stanice Feuchtwangen zatkla chlapce na autobusov\u00e9 zast\u00e1vce. Str\u00e1\u017en\u00edci pobl\u00ed\u017e na chodn\u00edku na\u0161li n\u016f\u017e.<\/span><\/p>\n<p><strong><span>Podez\u0159el\u00fd byl p\u0159evezen na policejn\u00ed slu\u017eebnu a n\u00e1sledn\u011b p\u0159ijat na odbornou ambulanci.<\/span><\/strong><span>\u00a0Proti 13let\u00e9mu nezletil\u00e9mu mlad\u00edkovi bylo zah\u00e1jeno \u0159\u00edzen\u00ed pro pokus o vra\u017edu. Vy\u0161et\u0159ov\u00e1n\u00ed vede krimin\u00e1ln\u00ed policie Ansbach ve spolupr\u00e1ci se st\u00e1tn\u00edm zastupitelstv\u00edm. D\u016fraz je kladen na objasn\u011bn\u00ed pozad\u00ed trestn\u00e9ho \u010dinu.<\/span><\/p>\n<p><span>V lo\u0148sk\u00e9m roce do\u0161lo k n\u011bkolika \u00fatok\u016fm na n\u011bmeck\u00fdch autobusov\u00fdch zast\u00e1vk\u00e1ch: V Bad M\u00fcnstereifel (NRW) byla na autobusov\u00e9 zast\u00e1vce v Kasselu 78let\u00e1 seniorka\u00a0<\/span><a href=\"https:\/\/report24.news\/83-jaehrige-schwer-verletzt-jugendlicher-verpruegelt-grundlos-seniorin\/\"><span>zbita 83letou vlastn\u00ed hol\u00ed; \u017eenu\u00a0<\/span><\/a><a href=\"https:\/\/report24.news\/kassel-geschlagen-und-bespuckt-jugendliche-greifen-unvermittelt-seniorin-an\/\"><span>str\u010dila\u00a0<\/span><\/a><span>skupina mlad\u00fdch lid\u00ed na autobusov\u00e9 zast\u00e1vce\u00a0a 24let\u00fd mlad\u00edk\u00a0<\/span><a href=\"https:\/\/report24.news\/horror-an-deutschen-haltestellen-geht-weiter-kongolese-attackiert-ehepaar-in-bergisch-gladbach\/\"><span>zbil<\/span><\/a><span>\u00a0seniorsk\u00fd p\u00e1r na autobusov\u00e9m n\u00e1dra\u017e\u00ed v Bergisch Gladbach. Do\u0161lo tak\u00e9 k \u00fatoku na autobusov\u00e9 zast\u00e1vce v Mnichov\u011b, p\u0159i kter\u00e9m byl 36let\u00fd mu\u017e\u00a0<\/span><a href=\"https:\/\/report24.news\/muenchen-36-jaehriger-an-haltestelle-von-polizeibekanntem-afghanen-niedergestochen\/\"><span>pobod\u00e1n<\/span><\/a><span>\u00a020let\u00fdm mlad\u00edkem . V Celle t\u0159i mlad\u00ed lid\u00e9 napadli na autobusov\u00e9 zast\u00e1vce ment\u00e1ln\u011b posti\u017een\u00e9ho 17let\u00e9ho mlad\u00edka &#8211; hodili ho na zem a\u00a0<\/span><a href=\"https:\/\/report24.news\/celle-fussball-gespielte-mit-seinem-kopf-widerlicher-angriff-auf-geistig-behinderten-jugendlichen\/\"><span>opakovan\u011b kopali do hlavy<\/span><\/a><span> . \u00datoky maj\u00ed spole\u010dn\u00e9 to, \u017ee byly nevyprovokovan\u00e9 a v\u0161ichni pachatel\u00e9 maj\u00ed migra\u010dn\u00ed pozad\u00ed. Zda se to potvrd\u00ed i v tomto p\u0159\u00edpad\u011b, se teprve uvid\u00ed.<\/span><\/p>\n<p><span>Faktem je, \u017ee v nejlep\u0161\u00edm N\u011bmecku, kter\u00e9 kdy existovalo, m\u016f\u017ee b\u00fdt pouh\u00e9 \u010dek\u00e1n\u00ed na zast\u00e1vce \u017eivotu nebezpe\u010dn\u00e9 \u2013 \u00fatoky tohoto druhu ji\u017e nejsou ojedin\u011bl\u00fdmi p\u0159\u00edpady. V bezpe\u010d\u00ed u\u017e evidentn\u011b nejsou ani d\u011bti. Kdy tohle skon\u010d\u00ed?<\/span><\/p>\n<p><img decoding=\"async\" loading=\"lazy\" class=\"alignnone size-full wp-image-1185\" src=\"http:\/\/www.infokuryr.cz\/n\/wp-content\/uploads\/2021\/04\/kuryr-podpis.png\" alt=\"\" width=\"84\" height=\"24\" \/><\/p>\n<p>&nbsp;<\/p>\n","protected":false},"excerpt":{"rendered":"<p>V \u00fater\u00fd r\u00e1no (7. ledna 2025) do\u0161lo na autobusov\u00e9 zast\u00e1vce v bavorsk\u00e9m Schnelldorfu (okres Ansbach)&#8230;<\/p>\n","protected":false},"author":2,"featured_media":37718,"comment_status":"closed","ping_status":"closed","sticky":false,"template":"","format":"standard","meta":[],"categories":[7],"tags":[496,1322,6742,8425],"_links":{"self":[{"href":"https:\/\/www.infokuryr.cz\/n\/wp-json\/wp\/v2\/posts\/69803"}],"collection":[{"href":"https:\/\/www.infokuryr.cz\/n\/wp-json\/wp\/v2\/posts"}],"about":[{"href":"https:\/\/www.infokuryr.cz\/n\/wp-json\/wp\/v2\/types\/post"}],"author":[{"embeddable":true,"href":"https:\/\/www.infokuryr.cz\/n\/wp-json\/wp\/v2\/users\/2"}],"replies":[{"embeddable":true,"href":"https:\/\/www.infokuryr.cz\/n\/wp-json\/wp\/v2\/comments?post=69803"}],"version-history":[{"count":0,"href":"https:\/\/www.infokuryr.cz\/n\/wp-json\/wp\/v2\/posts\/69803\/revisions"}],"wp:featuredmedia":[{"embeddable":true,"href":"https:\/\/www.infokuryr.cz\/n\/wp-json\/wp\/v2\/media\/37718"}],"wp:attachment":[{"href":"https:\/\/www.infokuryr.cz\/n\/wp-json\/wp\/v2\/media?parent=69803"}],"wp:term":[{"taxonomy":"category","embeddable":true,"href":"https:\/\/www.infokuryr.cz\/n\/wp-json\/wp\/v2\/categories?post=69803"},{"taxonomy":"post_tag","embeddable":true,"href":"https:\/\/www.infokuryr.cz\/n\/wp-json\/wp\/v2\/tags?post=69803"}],"curies":[{"name":"wp","href":"https:\/\/api.w.org\/{rel}","templated":true}]}}