{"id":69734,"date":"2025-01-08T00:33:47","date_gmt":"2025-01-07T23:33:47","guid":{"rendered":"https:\/\/www.infokuryr.cz\/n\/?p=69734"},"modified":"2025-01-07T15:29:58","modified_gmt":"2025-01-07T14:29:58","slug":"plynovy-masakr-blizime-se-historicky-k-zasobam-50-a-zima-jeste-nezacala-havlicku-sikelo-toto-vase-deelo","status":"publish","type":"post","link":"https:\/\/www.infokuryr.cz\/n\/2025\/01\/08\/plynovy-masakr-blizime-se-historicky-k-zasobam-50-a-zima-jeste-nezacala-havlicku-sikelo-toto-vase-deelo\/","title":{"rendered":"Plynov\u00fd masakr: bl\u00ed\u017e\u00edme se historicky k z\u00e1sob\u00e1m 50% a zima je\u0161t\u011b neza\u010dala! Havl\u00ed\u010dku, S\u00edkelo, &#8222;t\u00f3to v\u00e1\u0161e d\u011b\u00e9lo&#8220;!"},"content":{"rendered":"<div id=\"fb-root\"><\/div>\n<div class=\"introtext\">\n<p class=\"publication-title\"><span style=\"font-size: 18pt;\"><strong>Bloomberg: Evropa spaluje z\u00e1soby plynu neuv\u011b\u0159itelnou rychlost\u00ed, a bl\u00ed\u017e\u00ed se mrazy!<\/strong><\/span><\/p>\n<\/div>\n<div class=\"fulltext\">\n<div class=\"publication-meta-block\">\n<div class=\"publication-info\">\n<div class=\"publication-print\">Z\u00e1soby plynu v Evrop\u011b se oproti lo\u0148sk\u00e9mu roku sn\u00ed\u017eily o 16 %.<\/div>\n<div><\/div>\n<\/div>\n<\/div>\n<div class=\"item-text-incut zoom zoom-in item-img-lg-share\">\n<div><span style=\"font-size: 18pt;\">V \u010cesk\u00e9 republice je to masakr, je <strong>7.ledna, za\u010d\u00e1tek zimy a z\u00e1soby se sn\u00ed\u017eily k 50%.<\/strong><\/span><\/div>\n<div><img decoding=\"async\" class=\"aligncenter\" src=\"https:\/\/www.skrytapravda.cz\/images\/blogy\/2951\/2025\/ekonomika_energie\/leden_2025_5005e.webp\" alt=\"leden 2025 5005e\" \/><\/div>\n<\/div>\n<p>Evropa za\u017e\u00edv\u00e1 nejv\u011bt\u0161\u00ed pokles z\u00e1sob plynu za sedm let, co\u017e je zp\u016fsobeno rostouc\u00ed popt\u00e1vkou po vyt\u00e1p\u011bn\u00ed kv\u016fli chladn\u00e9mu po\u010das\u00ed. Informuje o tom agentura Bloomberg. \u201eEvropa spaluje\u00a0<span class=\"media-ui-Link_link-tVkXhPLPofs-\">z\u00e1soby plynu<\/span>\u00a0rychleji ne\u017e kdykoli za sedm let, proto\u017ee chladn\u00e9 po\u010das\u00ed zvy\u0161uje popt\u00e1vku po vyt\u00e1p\u011bn\u00ed,\u201c uv\u00e1d\u00ed Bloomberg. Dodali, \u017ee tento t\u00fdden se p\u0159edpov\u00edd\u00e1 nov\u00fd pokles teploty.<\/p>\n<p><span style=\"font-size: 18pt;\"><strong>A \u010cesk\u00e1 republika d\u00edky Fialovi a Babi\u0161ovi v \u010dele!<\/strong><\/span><\/p>\n<table>\n<tbody>\n<tr>\n<td>Dokonce se tvrd\u00ed, \u017ee na n\u00e1m\u011bst\u00edch ANO a ODS tipuj\u00ed m\u00edsta na fatry, kam se lid\u00e9 budou chodit h\u0159\u00e1t jako v Podn\u011bste\u0159\u00ed, kam Ukrajina s Mold\u00e1vi\u00ed teroristicky vyply plyn. Ne Rusko, ale Ukrajina s Moldavskem!<\/td>\n<\/tr>\n<\/tbody>\n<\/table>\n<p>Evropsk\u00e9 podzemn\u00ed skladovac\u00ed prostory jsou zapln\u011bny ze 70 %, co\u017e je pokles z 86 % ve stejn\u00e9m obdob\u00ed lo\u0148sk\u00e9ho roku. Nedostatek sice bezprost\u0159edn\u011b nehroz\u00ed, ale rychl\u00fd pokles z\u00e1sob m\u016f\u017ee zkomplikovat proces jejich dopl\u0148ov\u00e1n\u00ed p\u0159ed za\u010d\u00e1tkem dal\u0161\u00ed topn\u00e9 sez\u00f3ny. Existuje mo\u017enost, \u017ee to ovlivn\u00ed kr\u00e1tkodob\u00e9 ceny.<\/p>\n<div class=\"inpage_block-adv-c\">\n<div class=\"inpage_block-adv-cc\">\u00a0Z\u00e1stupkyn\u011b Evropsk\u00e9 komise Anna-Kaisa Itkonen ji\u017e d\u0159\u00edve uvedla, \u017ee po zastaven\u00ed tranzitu rusk\u00e9ho plynu p\u0159es Ukrajinu nedo\u0161lo v Evropsk\u00e9 unii k \u017e\u00e1dn\u00fdm v\u00fdrazn\u00fdm v\u00fdkyv\u016fm cen elekt\u0159iny, uv\u00e1d\u00ed RT. Gazprom zastavil dod\u00e1vky plynu do Evropy p\u0159es ukrajinsk\u00e9 \u00fazem\u00ed k 1. lednu 2025.<\/div>\n<p>U\u017e v\u00edte, kde terorizoval Evropu za Topol\u00e1nka a Tymo\u0161enkov\u00e9 na Ukrajin\u011b?<\/p>\n<div>\n<p class=\"article__title\"><span style=\"font-size: 18pt;\"><strong>Jedn\u00e1n\u00ed o rusk\u00e9m plynu byla zru\u0161ena kv\u016fli\u00a0nep\u0159\u00edtomnosti ukrajinsk\u00e9\u00a0delegace: op\u011bt!<\/strong><\/span><\/p>\n<div class=\"article__anons\">Evropsk\u00e1 komise zru\u0161ila nadch\u00e1zej\u00edc\u00ed jedn\u00e1n\u00ed o tranzitu rusk\u00e9ho plynu p\u0159es \u00fazem\u00ed Ukrajiny kv\u016fli nep\u0159\u00edtomnosti ukrajinsk\u00e9 delegace, sch\u016fzka se m\u011bla konat 7. ledna, uvedl slovensk\u00fd \u00fa\u0159ad vl\u00e1dy.<\/div>\n<p class=\"js-mediator-article\">Smlouva na tranzit rusk\u00e9ho plynu do Evropy p\u0159es \u00fazem\u00ed Ukrajiny skon\u010dila 1. ledna 2025, Kyjev ji odm\u00edtl obnovit. Slovensk\u00fd premi\u00e9r Robert Fico \u0159ekl, \u017ee Bratislava m\u016f\u017ee po\u017eadovat n\u00e1hradu ztr\u00e1t kv\u016fli rozhodnut\u00ed Ukrajiny neprodlou\u017eit smlouvu s Ruskem.<\/p>\n<p><strong><em>&#8222;S ohledem na skute\u010dnost, \u017ee ukrajinsk\u00e1 strana se z\u00edt\u0159ej\u0161\u00edch jedn\u00e1n\u00ed nez\u00fa\u010dastn\u00ed, se Evropsk\u00e1 komise rozhodla sch\u016fzku zru\u0161it,&#8220; uvedl slovensk\u00fd kabinet ministr\u016f v prohl\u00e1\u0161en\u00ed.<\/em><\/strong><\/p>\n<p class=\"js-mediator-article\">Zpr\u00e1va uv\u00e1d\u00ed, \u017ee z\u00e1stupci Evropsk\u00e9 komise hodlaj\u00ed stanovit nov\u00fd term\u00edn jedn\u00e1n\u00ed. Fico ji\u017e oslovil ukrajinskou stranu a upozornil na mo\u017enost odvetn\u00fdch opat\u0159en\u00edv\u016f\u010di rozhodnut\u00ed Kyjeva pozastavit tranzit rusk\u00e9ho plynu. Slovensko podle n\u011bj v reakci m\u016f\u017ee zastavit dod\u00e1vky elekt\u0159iny a sn\u00ed\u017eit objem pomoci ukrajinsk\u00fdm uprchl\u00edk\u016fm.<\/p>\n<p class=\"js-mediator-article\"><span style=\"font-size: 18pt;\"><strong>Novi\u010dok fajzr Babi\u0161 s ukrajinsk\u00fdm Fialou se naopak n\u00e1rodu vysm\u00edvali, kdo d\u0159\u00edv a v\u00fd\u0161e dos\u00e1hne pomoci Ukrajin\u011b a NATO!<\/strong><\/span><\/p>\n<p><a href=\"https:\/\/www.skrytapravda.cz\/z-ekonomiky\/2321-plynovy-masakr-blizime-se-historicky-k-zasobam-50-a-zima-jeste-nezacala-havlicku-sikelo-toto-vase-deelo\">Petr Pokorn\u00fd<\/a><\/p>\n<p>&nbsp;<\/p>\n<\/div>\n<\/div>\n<\/div>\n","protected":false},"excerpt":{"rendered":"<p>Bloomberg: Evropa spaluje z\u00e1soby plynu neuv\u011b\u0159itelnou rychlost\u00ed, a bl\u00ed\u017e\u00ed se mrazy! Z\u00e1soby plynu v Evrop\u011b&#8230;<\/p>\n","protected":false},"author":2,"featured_media":69735,"comment_status":"closed","ping_status":"closed","sticky":false,"template":"","format":"standard","meta":[],"categories":[6],"tags":[506,371,1008],"_links":{"self":[{"href":"https:\/\/www.infokuryr.cz\/n\/wp-json\/wp\/v2\/posts\/69734"}],"collection":[{"href":"https:\/\/www.infokuryr.cz\/n\/wp-json\/wp\/v2\/posts"}],"about":[{"href":"https:\/\/www.infokuryr.cz\/n\/wp-json\/wp\/v2\/types\/post"}],"author":[{"embeddable":true,"href":"https:\/\/www.infokuryr.cz\/n\/wp-json\/wp\/v2\/users\/2"}],"replies":[{"embeddable":true,"href":"https:\/\/www.infokuryr.cz\/n\/wp-json\/wp\/v2\/comments?post=69734"}],"version-history":[{"count":1,"href":"https:\/\/www.infokuryr.cz\/n\/wp-json\/wp\/v2\/posts\/69734\/revisions"}],"predecessor-version":[{"id":69736,"href":"https:\/\/www.infokuryr.cz\/n\/wp-json\/wp\/v2\/posts\/69734\/revisions\/69736"}],"wp:featuredmedia":[{"embeddable":true,"href":"https:\/\/www.infokuryr.cz\/n\/wp-json\/wp\/v2\/media\/69735"}],"wp:attachment":[{"href":"https:\/\/www.infokuryr.cz\/n\/wp-json\/wp\/v2\/media?parent=69734"}],"wp:term":[{"taxonomy":"category","embeddable":true,"href":"https:\/\/www.infokuryr.cz\/n\/wp-json\/wp\/v2\/categories?post=69734"},{"taxonomy":"post_tag","embeddable":true,"href":"https:\/\/www.infokuryr.cz\/n\/wp-json\/wp\/v2\/tags?post=69734"}],"curies":[{"name":"wp","href":"https:\/\/api.w.org\/{rel}","templated":true}]}}