{"id":69704,"date":"2025-01-07T07:25:45","date_gmt":"2025-01-07T06:25:45","guid":{"rendered":"https:\/\/www.infokuryr.cz\/n\/?p=69704"},"modified":"2025-01-07T11:55:16","modified_gmt":"2025-01-07T10:55:16","slug":"michael-svatos-tvrda-data-opet-nemilosrdna-k-fialovi-i-zelenskemu-kolik-cechy-a-slovaky-stala-loni-valka-na-ukrajine","status":"publish","type":"post","link":"https:\/\/www.infokuryr.cz\/n\/2025\/01\/07\/michael-svatos-tvrda-data-opet-nemilosrdna-k-fialovi-i-zelenskemu-kolik-cechy-a-slovaky-stala-loni-valka-na-ukrajine\/","title":{"rendered":"Michael Svato\u0161: Tvrd\u00e1 data op\u011bt nemilosrdn\u00e1 k Fialovi i Zelensk\u00e9mu! Kolik \u010cechy a Slov\u00e1ky st\u00e1la loni v\u00e1lka na Ukrajin\u011b?"},"content":{"rendered":"<div id=\"fb-root\"><\/div>\n<p><span style=\"font-size: 18pt;\"><strong>Tvrd\u00e1 data op\u011bt nemilosrdn\u00e1 k Fialovi i Zelensk\u00e9mu! Kolik \u010cechy a Slov\u00e1ky st\u00e1la loni v\u00e1lka na Ukrajin\u011b? Aneb, co je Ital\u016fm v NATO tolerov\u00e1no, je \u010cech\u016fm striktn\u011b zak\u00e1z\u00e1no!<\/strong><\/span><\/p>\n<div class=\"entry-content\">\n<p><span style=\"font-size: 18pt;\"><strong>(1)<\/strong> <\/span>Italsk\u00e1 premi\u00e9rka Georgia Meloni v\u010dera jako druh\u00fd evropsk\u00fd politik po Victoru Orb\u00e1novi jednala s Donaldem Trumpem. Jej\u00ed pozv\u00e1n\u00ed do Trumpova soukrom\u00e9ho s\u00eddla se v\u0161eobecn\u011b pova\u017euje za vyznamen\u00e1n\u00ed. Vyvst\u00e1v\u00e1 tak zcela z\u00e1sadn\u00ed ot\u00e1zka: \u201cPro\u010d nebyl v\u010dera Trumpem podobn\u011b vyznamen\u00e1n aspo\u0148 jeden ze dvou hlavn\u00edch \u010desk\u00fdch fialov\u00fdch Petr\u016f?\u201d V\u017edy\u0165 oba na\u0161i Pet\u0159i, Fiala i Pavel, se loni ukrutn\u011b sna\u017eili, a\u00a0<a href=\"https:\/\/mocr.mo.gov.cz\/assets\/multimedia-a-knihovna\/publikace\/mo\/rozpocet-2025-ver-web.pdf\">v\u00e1le\u010dnici \u010cernochov\u00e9 nad\u011blili 2% \u010desk\u00e9ho HDP, tedy 154.4 miliardy korun<\/a>, proto\u017ee je to pr\u00fd povinnost v\u0161ech \u010dlen\u016f aliance NATO. Jen\u017ee jak to vypad\u00e1, asi nen\u00ed, proto\u017ee v\u010dera Trumpem vyznamenan\u00e1\u00a0<a href=\"https:\/\/www.ilsole24ore.com\/art\/difesa-ecco-quanto-dovrebbe-sborsare-l-italia-mettersi-regola-la-nato-AGtBypy\">premi\u00e9rka Meloni letos NATO sabotuje a sv\u00e9 arm\u00e1d\u011b p\u0159iklepla na \u00fatratu jen<\/a>\u00a01.57 % italsk\u00e9ho HDP. A sl\u00edbila, \u017ee v roce 2026 u\u017e p\u0159iklepne 1.58% HDP, a v roce 2027 dokonce 1.61% HDP. Za t\u0159i roky tak fialov\u00e1 \u010cR vyd\u00e1 na zbrojen\u00ed o 1.24% HDP v\u00edce ne\u017e It\u00e1lie, a to je bez jeho r\u016fstu v p\u0159\u00ed\u0161t\u00edch 3 letech o 119 miliard CZK nav\u00edc. \u010ce\u0161i k tomu v\u0161emu maj\u00ed v pom\u011bru mnohem dra\u017e\u0161\u00ed elekt\u0159inu ne\u017e Italov\u00e9, a to \u010cR p\u0159itom elekt\u0159inu vyv\u00e1\u017e\u00ed, a It\u00e1lie dov\u00e1\u017e\u00ed! Se v\u0161emi Fialy je tak t\u0159eba ve volb\u00e1ch rychle zato\u010dit. Proto\u017ee za u\u0161et\u0159en\u00fdch 119 miliard CZK za zbran\u011b pro \u010cernochovou se d\u00e1\u00a0<a href=\"https:\/\/www.seznamzpravy.cz\/clanek\/ekonomika-firmy-sledujte-vlada-rozhoduje-kdo-bude-stavet-ceske-jadro-255941\">podle vlastn\u00edho Stanjurova v\u00fdpo\u010dtu z 59.5% financovat v\u00fdstavba jednoho jadern\u00e9ho reaktoru<\/a>, a elekt\u0159ina by tak byla ur\u010dit\u011b levn\u011bj\u0161\u00ed, t\u0159eba aspo\u0148 jako v It\u00e1lii.<\/p>\n<div id=\"attachment_15320\" class=\"wp-caption aligncenter\" style=\"width: 900px;\">\n<p><img decoding=\"async\" loading=\"lazy\" class=\" wp-image-15320\" src=\"https:\/\/www.michalapetr.com\/wp-content\/uploads\/2025\/01\/ElectricityPriceEU.jpg\" sizes=\"(max-width: 1200px) 100vw, 1200px\" srcset=\"https:\/\/www.michalapetr.com\/wp-content\/uploads\/2025\/01\/ElectricityPriceEU.jpg 1200w, https:\/\/www.michalapetr.com\/wp-content\/uploads\/2025\/01\/ElectricityPriceEU-300x286.jpg 300w, https:\/\/www.michalapetr.com\/wp-content\/uploads\/2025\/01\/ElectricityPriceEU-1030x983.jpg 1030w, https:\/\/www.michalapetr.com\/wp-content\/uploads\/2025\/01\/ElectricityPriceEU-768x733.jpg 768w, https:\/\/www.michalapetr.com\/wp-content\/uploads\/2025\/01\/ElectricityPriceEU-705x673.jpg 705w, https:\/\/www.michalapetr.com\/wp-content\/uploads\/2025\/01\/ElectricityPriceEU-450x429.jpg 450w\" alt=\"\" width=\"900\" height=\"859\" aria-describedby=\"caption-attachment-15320\" \/><\/p>\n<p id=\"caption-attachment-15320\" class=\"wp-caption-text\">Srovn\u00e1n\u00ed cen elekt\u0159iny pro dom\u00e1cnosti podle parity kupn\u00ed s\u00edly v lo\u0148sk\u00e9m roce. Jak vid\u00edte Petr Fiala op\u011bt jednozna\u010dn\u011b zv\u00edt\u011bzil v sout\u011b\u017ei o nejv\u011bt\u0161\u00edho evropsk\u00e9ho zemsk\u00e9ho \u0161k\u016fdce!<\/p>\n<\/div>\n<p><span style=\"font-size: 18pt;\"><strong>(2)<\/strong><\/span> Kolik stoj\u00ed \u010cechy a Slov\u00e1ky v\u00e1lka na Ukrajin\u011b, je jedna z nej\u010dast\u011bj\u0161\u00edch ot\u00e1zek, kterou dost\u00e1v\u00e1m. Ob\u011b na\u0161e vl\u00e1dy tuto informaci usilovn\u011b taj\u00ed,\u00a0<a href=\"https:\/\/www.kyivpost.com\/post\/44905\">le\u010d z dat zve\u0159ejn\u011bn\u00fdch ofici\u00e1ln\u00ed platformou kyjevsk\u00e9ho re\u017eimu<\/a>\u00a0vypl\u00fdv\u00e1, \u017ee za rok 2024 byl pod\u00edl \u010cR na financov\u00e1n\u00ed v\u00e1lky na Ukrajin\u011b 22 003 950 000 CZK, (345 960 000 EUR), p\u0159i\u010dem\u017e pod\u00edl SR je polovi\u010dn\u00ed. Pod\u00edl \u010cR na finan\u010dn\u00edch operac\u00edch EU \u010din\u00ed podle zaveden\u00e9 zvyklosti 2%, SR polovinu. EU loni za v\u00e1lku na Ukrajin\u011b utratila 17.298 miliard EUR. Letos, pokud bude v\u00e1lka pokra\u010dovat,\u00a0<a href=\"https:\/\/www.osw.waw.pl\/en\/publikacje\/analyses\/2024-11-25\/ukraine-another-difficult-wartime-budget\">budou v\u00fddaje EU je\u0161t\u011b vy\u0161\u0161\u00ed<\/a>, proto\u017ee Trump u\u017e nechce v\u00e1lku d\u00e1le financovat.<\/p>\n<div id=\"attachment_15324\" class=\"wp-caption aligncenter\" style=\"width: 973px;\">\n<p><img decoding=\"async\" loading=\"lazy\" class=\" wp-image-15324\" src=\"https:\/\/www.michalapetr.com\/wp-content\/uploads\/2025\/01\/aa7a0f8d549042484167ec1a44ee4af6.jpg\" sizes=\"(max-width: 1280px) 100vw, 1280px\" srcset=\"https:\/\/www.michalapetr.com\/wp-content\/uploads\/2025\/01\/aa7a0f8d549042484167ec1a44ee4af6.jpg 1280w, https:\/\/www.michalapetr.com\/wp-content\/uploads\/2025\/01\/aa7a0f8d549042484167ec1a44ee4af6-300x163.jpg 300w, https:\/\/www.michalapetr.com\/wp-content\/uploads\/2025\/01\/aa7a0f8d549042484167ec1a44ee4af6-1030x560.jpg 1030w, https:\/\/www.michalapetr.com\/wp-content\/uploads\/2025\/01\/aa7a0f8d549042484167ec1a44ee4af6-768x418.jpg 768w, https:\/\/www.michalapetr.com\/wp-content\/uploads\/2025\/01\/aa7a0f8d549042484167ec1a44ee4af6-705x383.jpg 705w, https:\/\/www.michalapetr.com\/wp-content\/uploads\/2025\/01\/aa7a0f8d549042484167ec1a44ee4af6-450x245.jpg 450w\" alt=\"\" width=\"973\" height=\"529\" aria-describedby=\"caption-attachment-15324\" \/><\/p>\n<p id=\"caption-attachment-15324\" class=\"wp-caption-text\">V\u00e1lka na Ukrajin\u011b stoj\u00ed raketu. Pod\u00edl \u010cR jsou podle obecn\u00fdch zvyklost\u00ed Unie 2% na platb\u00e1ch EU, pod\u00edl SR 1% na platb\u00e1ch EU.<\/p>\n<\/div>\n<p><span style=\"font-size: 18pt;\"><strong>(3)<\/strong> <\/span>\u017de je definitivn\u00ed por\u00e1\u017eka Ukrajiny u\u017e za dve\u0159mi, ukazuje i posledn\u00ed velmi zaj\u00edmav\u00fd sociologick\u00fd \u00fadaj.\u00a0<a href=\"https:\/\/unn.ua\/en\/news\/busification-has-become-the-word-of-2024-in-ukraine\">Ukrajin\u0161t\u00ed jazykov\u011bdci ka\u017ed\u00fd rok vyhodnocuj\u00ed tzv. ukrajinsk\u00e9 slovo roku<\/a>. Zat\u00edmco v roce 2023 bylo za nejv\u00fdznamn\u011bj\u0161\u00ed ukrajinsk\u00e9 slovo vyhodnocen v\u00fdraz: \u201cmobilizace\u201d. Loni u\u017e \u201cbusifikace\u201d. Tedy n\u00e1siln\u00fd odlov Ukrajinc\u016f na ulic\u00edch, nalo\u017een\u00ed uloven\u00fdch mu\u017e\u016f do p\u0159istaven\u00fdch autobus\u016f, a jejich doprava do z\u00e1kop\u016f na v\u00fdchodn\u00ed front\u011b. V\u00fdb\u011br nejv\u00fdznamn\u011bj\u0161\u00edho ukrajinsk\u00e9ho slova prov\u00e1d\u00ed tzv. Slovn\u00edk Myslovo podle po\u010dtu vyhled\u00e1v\u00e1n\u00ed v\u00edt\u011bzn\u00e9ho v\u00fdrazu. Ukrajinci tedy za svoje nejv\u00fdznamn\u011bj\u0161\u00ed lo\u0148sk\u00e9 slovo vybrali term\u00edn ozna\u010duj\u00edc\u00ed n\u00e1silnou a zkorumpovanou mobilizaci. Jde o dal\u0161\u00ed cenn\u00fd st\u0159\u00edpek do skl\u00e1da\u010dky skute\u010dn\u00fdch n\u00e1lad na Ukrajin\u011b.<\/p>\n<p>Dnes v \u00fater\u00fd budu na besed\u011b u Petra H\u00e1jka na Protiproud TV.\u00a0<a href=\"https:\/\/www.youtube.com\/@ProtiproudTV\">Po\u0159ad po zve\u0159ejn\u011bn\u00ed najdete zde.<\/a>\u00a0\u00a0II. \u010d\u00e1st sobotn\u00ed anal\u00fdzy o nov\u00e9 ofenz\u00edv\u011b gener\u00e1la Kuzovleva vyjde a\u017e po po\u0159adu na Protiproudu. Odpov\u011bdi na posledn\u00ed maily, na kter\u00e9 jsem je\u0161t\u011b neodpov\u011bd\u011bl, tak\u00e9 a\u017e po po\u0159adu. D\u011bkuji v\u0161em za dary i podporu, d\u011bkuji za pochopen\u00ed, a p\u0159eji v\u0161e nejlep\u0161\u00ed v tomto roce.<\/p>\n<p>Je \u00fater\u00fd 7. leden 04.07 r\u00e1no \u2013 jdu se vyspat na H\u00e1jka!!!\u00a0<a class=\"mfp-iframe lightbox-added\" href=\"https:\/\/www.youtube.com\/watch?v=5C_ebA271nE\">Posledn\u00ed po\u0159ad na TV Bure\u0161 ze 30. prosince najdete zde<\/a>. \u00a0Posledn\u00ed po\u0159ady moje vystoupen\u00ed na\u00a0<a class=\"mfp-iframe lightbox-added\" href=\"https:\/\/www.youtube.com\/watch?v=akY3yHOVkAo\">TV Protiproud \u2013 27.11. zde<\/a>.\u00a0<a class=\"mfp-iframe lightbox-added\" href=\"https:\/\/www.youtube.com\/watch?v=_rgXK2xuc90\">Na TV Bure\u0161 \u2013 20.12. zde<\/a>.\u00a0<a class=\"mfp-iframe lightbox-added\" href=\"https:\/\/www.youtube.com\/watch?v=aT7444MEtv4&amp;list=PLbjEA1ku806iiQ0lnVvLElcEomHKeeaWv&amp;index=7\">Na LOS 10 \u2013 7.12. zde<\/a>.<\/p>\n<p><a href=\"https:\/\/www.michalapetr.com\/map-2186-tvrda-data-opet-nemilosrdna-k-fialovi-i-zelenskemu-kolik-cechy-a-slovaky-stala-loni-valka-na-ukrajine-aneb-co-je-italum-v-nato-tolerovano-je-cechum-striktne-zakazano\/\">Michael Svato\u0161<\/a><\/p>\n<p><img decoding=\"async\" loading=\"lazy\" class=\"alignnone size-full wp-image-27204\" src=\"http:\/\/www.infokuryr.cz\/n\/wp-content\/uploads\/2023\/05\/Michael_Svatos.png\" alt=\"\" width=\"180\" height=\"180\" srcset=\"https:\/\/www.infokuryr.cz\/n\/wp-content\/uploads\/2023\/05\/Michael_Svatos.png 180w, https:\/\/www.infokuryr.cz\/n\/wp-content\/uploads\/2023\/05\/Michael_Svatos-150x150.png 150w\" sizes=\"(max-width: 180px) 100vw, 180px\" \/><\/p>\n<p><em><strong>Pozn\u00e1mka:<\/strong> Mal\u00e9 upozorn\u011bn\u00ed k dnes uveden\u00fdm pod\u00edl\u016fm \u010cR na financov\u00e1n\u00ed st\u00e1tn\u00edho rozpo\u010dtu UKR. Uveden\u00e1 \u010d\u00e1stka v EUR 346 milion\u016f je vzta\u017eena k roku 2024 a nen\u00ed to v\u0161ak uveden\u00fdch 22 miliard CZK &#8211; pouze okolo 12 miliard. Vy\u0161\u0161\u00ed, V\u00e1mi uveden\u00e1 \u010d\u00e1stka,\u00a0 odpov\u00edd\u00e1 2 % z kumulativn\u00ed sumy za EU a roky 2022 &#8211; 2024 tedy zhruba 48 miliard EUR, jak je uv\u00e1d\u00ed men\u0161\u00ed tabulka vpravo vedle grafu.<\/em><br \/>\n<em>\u00a0<\/em><br \/>\n<em>Ing. Petr Vocetka<\/em><\/p>\n<\/div>\n","protected":false},"excerpt":{"rendered":"<p>Tvrd\u00e1 data op\u011bt nemilosrdn\u00e1 k Fialovi i Zelensk\u00e9mu! Kolik \u010cechy a Slov\u00e1ky st\u00e1la loni v\u00e1lka&#8230;<\/p>\n","protected":false},"author":2,"featured_media":23141,"comment_status":"closed","ping_status":"closed","sticky":false,"template":"","format":"standard","meta":[],"categories":[6],"tags":[1042,670,45,26,40,73],"_links":{"self":[{"href":"https:\/\/www.infokuryr.cz\/n\/wp-json\/wp\/v2\/posts\/69704"}],"collection":[{"href":"https:\/\/www.infokuryr.cz\/n\/wp-json\/wp\/v2\/posts"}],"about":[{"href":"https:\/\/www.infokuryr.cz\/n\/wp-json\/wp\/v2\/types\/post"}],"author":[{"embeddable":true,"href":"https:\/\/www.infokuryr.cz\/n\/wp-json\/wp\/v2\/users\/2"}],"replies":[{"embeddable":true,"href":"https:\/\/www.infokuryr.cz\/n\/wp-json\/wp\/v2\/comments?post=69704"}],"version-history":[{"count":1,"href":"https:\/\/www.infokuryr.cz\/n\/wp-json\/wp\/v2\/posts\/69704\/revisions"}],"predecessor-version":[{"id":69705,"href":"https:\/\/www.infokuryr.cz\/n\/wp-json\/wp\/v2\/posts\/69704\/revisions\/69705"}],"wp:featuredmedia":[{"embeddable":true,"href":"https:\/\/www.infokuryr.cz\/n\/wp-json\/wp\/v2\/media\/23141"}],"wp:attachment":[{"href":"https:\/\/www.infokuryr.cz\/n\/wp-json\/wp\/v2\/media?parent=69704"}],"wp:term":[{"taxonomy":"category","embeddable":true,"href":"https:\/\/www.infokuryr.cz\/n\/wp-json\/wp\/v2\/categories?post=69704"},{"taxonomy":"post_tag","embeddable":true,"href":"https:\/\/www.infokuryr.cz\/n\/wp-json\/wp\/v2\/tags?post=69704"}],"curies":[{"name":"wp","href":"https:\/\/api.w.org\/{rel}","templated":true}]}}