{"id":69700,"date":"2025-01-07T07:20:29","date_gmt":"2025-01-07T06:20:29","guid":{"rendered":"https:\/\/www.infokuryr.cz\/n\/?p=69700"},"modified":"2025-01-07T07:20:29","modified_gmt":"2025-01-07T06:20:29","slug":"pravoslavni-krestane-slavi-dnes-vanocni-svatky-putin-na-vanocni-msi-v-moskve","status":"publish","type":"post","link":"https:\/\/www.infokuryr.cz\/n\/2025\/01\/07\/pravoslavni-krestane-slavi-dnes-vanocni-svatky-putin-na-vanocni-msi-v-moskve\/","title":{"rendered":"Pravoslavn\u00ed k\u0159es\u0165an\u00e9 slav\u00ed dnes V\u00e1no\u010dn\u00ed sv\u00e1tky: Putin na v\u00e1no\u010dn\u00ed m\u0161i v Moskv\u011b"},"content":{"rendered":"<div id=\"fb-root\"><\/div>\n<p><span style=\"font-size: 18pt;\"><strong>Rusk\u00fd v\u016fdce blahop\u0159\u00e1l pravoslavn\u00fdm k\u0159es\u0165an\u016fm v Rusku i v zahrani\u010d\u00ed<\/strong><\/span><\/p>\n<p><span>Rusk\u00fd prezident Vladimir Putin se v pond\u011bl\u00ed ve\u010der z\u00fa\u010dastnil \u0161t\u011bdrove\u010dern\u00ed v\u00e1no\u010dn\u00ed m\u0161e v Moskv\u011b.\u00a0<\/span><\/p>\n<p><span>Zap\u00e1lil sv\u00ed\u010dky v kostele svat\u00e9ho Ji\u0159\u00ed V\u00edt\u011bzn\u00e9ho na ho\u0159e Poklonnaya, na m\u00edst\u011b grandi\u00f3zn\u00edho pam\u011btn\u00edho komplexu v\u011bnovan\u00e9ho v\u00edt\u011bzstv\u00ed Ruska ve druh\u00e9 sv\u011btov\u00e9 v\u00e1lce.<\/span><\/p>\n<p><span>Prezident pozd\u011bji odcestoval do katedr\u00e1ly Krista Spasitele, kde se setkal s patriarchou Kirillem.<\/span><\/p>\n<p><span>V prohl\u00e1\u0161en\u00ed vydan\u00e9m Kremlem Putin poblahop\u0159\u00e1l pravoslavn\u00fdm k\u0159es\u0165an\u016fm v Rusku i v zahrani\u010d\u00ed.\u00a0<\/span><em><span>&#8222;B\u011bhem v\u00e1no\u010dn\u00edho obdob\u00ed c\u00edt\u00edme z cel\u00e9ho srdce d\u016fle\u017eitost rodov\u00fdch, rodinn\u00fdch tradic p\u0159ed\u00e1van\u00fdch generacemi,&#8220;<\/span><\/em><span>\u00a0\u0159ekl Putin.\u00a0<\/span><\/p>\n<p><em><span>\u201eRusk\u00e1 pravoslavn\u00e1 c\u00edrkev, stejn\u011b jako dal\u0161\u00ed rusk\u00e9 k\u0159es\u0165ansk\u00e9 denominace, hraj\u00ed obrovskou pozitivn\u00ed roli p\u0159i sjednocov\u00e1n\u00ed lid\u00ed, uchov\u00e1v\u00e1n\u00ed na\u0161\u00ed historick\u00e9 pam\u011bti a jedine\u010dn\u00e9ho kulturn\u00edho a duchovn\u00edho d\u011bdictv\u00ed,\u201c<\/span><\/em><span>\u00a0\u00a0dodal.<\/span><strong><br \/>\n<\/strong><\/p>\n<p><span>Podle mluv\u010d\u00edho Kremlu Dmitrije Peskova po\u017e\u00e1dal Putin Kirilla, aby po\u017eehnal k\u0159\u00ed\u017e\u016fm a ikon\u00e1m, kter\u00e9 budou dod\u00e1ny voj\u00e1k\u016fm bojuj\u00edc\u00edm na Ukrajin\u011b.\u00a0<\/span><\/p>\n<p><em><span>&#8222;V\u011b\u0159\u00edm, \u017ee na\u0161i soudruzi budou poct\u011bni t\u00edm, \u017ee p\u0159ijmou symboly v\u00edry po\u017eehnan\u00e9 patriarchou Moskvy a cel\u00e9ho Ruska,&#8220;<\/span><\/em><span>\u00a0\u0159ekl Peskov s odkazem na Kirill\u016fv ofici\u00e1ln\u00ed titul.<\/span><\/p>\n<div style=\"width: 640px;\" class=\"wp-video\"><!--[if lt IE 9]><script>document.createElement('video');<\/script><![endif]-->\n<video class=\"wp-video-shortcode\" id=\"video-69700-1\" width=\"640\" height=\"354\" preload=\"metadata\" controls=\"controls\"><source type=\"video\/mp4\" src=\"http:\/\/www.infokuryr.cz\/n\/wp-content\/uploads\/2025\/01\/putin-van.mp4?_=1\" \/><a href=\"http:\/\/www.infokuryr.cz\/n\/wp-content\/uploads\/2025\/01\/putin-van.mp4\">http:\/\/www.infokuryr.cz\/n\/wp-content\/uploads\/2025\/01\/putin-van.mp4<\/a><\/video><\/div>\n<p>&nbsp;<\/p>\n<p><strong>Pravoslavn\u00ed k\u0159es\u0165an\u00e9 slav\u00ed V\u00e1no\u010dn\u00ed sv\u00e1tky podle Juli\u00e1nsk\u00e9ho kalend\u00e1\u0159e, tak\u017ee \u0160t\u011bdr\u00fd ve\u010der p\u0159ipad\u00e1 na 6. ledna a Bo\u017e\u00ed Hod Narozen\u00ed Je\u017e\u00ed\u0161e Krista na 7. ledna&#8230;<\/strong><\/p>\n<p><img decoding=\"async\" loading=\"lazy\" class=\"alignnone size-full wp-image-1185\" src=\"http:\/\/www.infokuryr.cz\/n\/wp-content\/uploads\/2021\/04\/kuryr-podpis.png\" alt=\"\" width=\"84\" height=\"24\" \/><\/p>\n","protected":false},"excerpt":{"rendered":"<p>Rusk\u00fd v\u016fdce blahop\u0159\u00e1l pravoslavn\u00fdm k\u0159es\u0165an\u016fm v Rusku i v zahrani\u010d\u00ed Rusk\u00fd prezident Vladimir Putin se&#8230;<\/p>\n","protected":false},"author":2,"featured_media":69702,"comment_status":"closed","ping_status":"closed","sticky":false,"template":"","format":"standard","meta":[],"categories":[7],"tags":[250,102,1471],"_links":{"self":[{"href":"https:\/\/www.infokuryr.cz\/n\/wp-json\/wp\/v2\/posts\/69700"}],"collection":[{"href":"https:\/\/www.infokuryr.cz\/n\/wp-json\/wp\/v2\/posts"}],"about":[{"href":"https:\/\/www.infokuryr.cz\/n\/wp-json\/wp\/v2\/types\/post"}],"author":[{"embeddable":true,"href":"https:\/\/www.infokuryr.cz\/n\/wp-json\/wp\/v2\/users\/2"}],"replies":[{"embeddable":true,"href":"https:\/\/www.infokuryr.cz\/n\/wp-json\/wp\/v2\/comments?post=69700"}],"version-history":[{"count":1,"href":"https:\/\/www.infokuryr.cz\/n\/wp-json\/wp\/v2\/posts\/69700\/revisions"}],"predecessor-version":[{"id":69703,"href":"https:\/\/www.infokuryr.cz\/n\/wp-json\/wp\/v2\/posts\/69700\/revisions\/69703"}],"wp:featuredmedia":[{"embeddable":true,"href":"https:\/\/www.infokuryr.cz\/n\/wp-json\/wp\/v2\/media\/69702"}],"wp:attachment":[{"href":"https:\/\/www.infokuryr.cz\/n\/wp-json\/wp\/v2\/media?parent=69700"}],"wp:term":[{"taxonomy":"category","embeddable":true,"href":"https:\/\/www.infokuryr.cz\/n\/wp-json\/wp\/v2\/categories?post=69700"},{"taxonomy":"post_tag","embeddable":true,"href":"https:\/\/www.infokuryr.cz\/n\/wp-json\/wp\/v2\/tags?post=69700"}],"curies":[{"name":"wp","href":"https:\/\/api.w.org\/{rel}","templated":true}]}}