{"id":69693,"date":"2025-01-07T07:04:12","date_gmt":"2025-01-07T06:04:12","guid":{"rendered":"https:\/\/www.infokuryr.cz\/n\/?p=69693"},"modified":"2025-01-07T14:09:53","modified_gmt":"2025-01-07T13:09:53","slug":"rajchl-ke-kvazi-expertum-jmenovite-bobu-kartousovi-romanu-macovi-vitu-kucikovi-a-nikolovi-horejsovi","status":"publish","type":"post","link":"https:\/\/www.infokuryr.cz\/n\/2025\/01\/07\/rajchl-ke-kvazi-expertum-jmenovite-bobu-kartousovi-romanu-macovi-vitu-kucikovi-a-nikolovi-horejsovi\/","title":{"rendered":"Rajchl ke kvazi expert\u016fm, jmenovit\u011b Bobu Kartousovi, Romanu M\u00e1covi, V\u00edtu Ku\u010d\u00edkovi a Nikolovi Ho\u0159ej\u0161ovi"},"content":{"rendered":"<div id=\"fb-root\"><\/div>\n<div class=\"introtext\">\n<p><span style=\"font-size: 14pt;\"><strong>Mo\u017en\u00e1 jste v\u010dera zaregistrovali na provl\u00e1dn\u00edm propagandistick\u00e9m webu Seznam Zpr\u00e1vy \u010dl\u00e1nek s n\u00e1zvem &#8222;Hroz\u00ed rumunsk\u00fd sc\u00e9n\u00e1\u0159. Kter\u00e9 strany mohou v kampani hr\u00e1t ruskou propagandu.&#8220;<\/strong><\/span><\/p>\n<\/div>\n<div class=\"fulltext\">\n<div class=\"html-div xdj266r x11i5rnm xat24cr x1mh8g0r xexx8yu x4uap5 x18d9i69 xkhd6sd\" dir=\"auto\">\n<div class=\"html-div xdj266r x11i5rnm xat24cr x1mh8g0r xexx8yu x4uap5 x18d9i69 xkhd6sd\" data-ad-rendering-role=\"story_message\">\n<div id=\":rhr:\" class=\"x1l90r2v x1iorvi4 x1ye3gou xn6708d\" data-ad-comet-preview=\"message\" data-ad-preview=\"message\">\n<div class=\"x78zum5 xdt5ytf xz62fqu x16ldp7u\">\n<div class=\"xu06os2 x1ok221b\">\n<div class=\"x11i5rnm xat24cr x1mh8g0r x1vvkbs xtlvy1s x126k92a\">\n<p dir=\"auto\">R\u00e1doby odborn\u00edci tam jednak l\u017eou o rumunsk\u00fdch volb\u00e1ch, kde se uk\u00e1zalo, \u017ee za TikTokovou kampan\u00ed Calina Gerogesca nest\u00e1lo Rusko, n\u00fdbr\u017e \u017ee ji platila probruselsk\u00e1 strana PNL a zejm\u00e9na se sna\u017e\u00ed vytvo\u0159it vylhan\u00fd narativ o tom, \u017ee PRO, SPD, Motorist\u00e9 a Sta\u010dilo jsou jakousi prodlou\u017eenou rukou Kremlu u n\u00e1s.<\/p>\n<\/div>\n<p dir=\"auto\">Dokonce tam pak v jednom odstavci na z\u00e1klad\u011b screenshotu asi 10 lajk\u016f dokumentuj\u00ed, \u017ee pr\u00fd m\u016fj profil p\u0159itahuje nejv\u00edc fale\u0161n\u00fdch \u00fa\u010dt\u016f. Evidentn\u011b t\u011bm svaz\u00e1k\u016fm z \u010cesk\u00fdch elf\u016f praskaj\u00ed \u017eilky z toho, \u017ee m\u00e1m v\u00fdrazn\u011b vy\u0161\u0161\u00ed dosahy ne\u017e ten jejich slavn\u00fd sv\u011btov\u00e9 l\u00eddr a cel\u00e1 parta p\u011btikoali\u010dn\u00edch diletant\u016f dohromady.<\/p>\n<p dir=\"auto\">Tak\u017ee v\u00e1m za tu obrovskou podporu d\u011bkuji &#8211; evidentn\u011b jsou z n\u011bj libtardi po\u0159\u00e1dn\u011b nervozn\u00ed. Mimochodem &#8211; pokud u\u017e na m\u016fj profil chod\u00ed fake \u00fa\u010dty, tak to jsou z 90% p\u011btikoali\u010dn\u00ed trollov\u00e9.<\/p>\n<p dir=\"auto\">A t\u011bm kvazi expert\u016fm, jmenovit\u011b Bobu Kartousovi, Romanu M\u00e1covi, V\u00edtu Ku\u010d\u00edkovi a Nikolovi Ho\u0159ej\u0161ovi vzkazuji, \u017ee jsou to jen politicky negramotn\u00e9 nicky, jejich\u017e z prstu vycucan\u00e9 z\u00e1v\u011bry bych v p\u0159\u00edm\u00e9 debat\u011b dok\u00e1zal vyvr\u00e1tit za t\u0159i minuty a je\u0161t\u011b bych si u toho dal p\u00e1rek v rohl\u00edku.<\/p>\n<p dir=\"auto\">V\u0161ichni do jednoho jen parazituj\u00ed v r\u016fzn\u00fdch nadac\u00edch, institutech a politick\u00fdch neziskovk\u00e1ch na skute\u010dn\u011b pracuj\u00edc\u00edch ob\u010danech t\u00e9hle zem\u011b.<\/p>\n<p dir=\"auto\">Pokud n\u00e1m ve volb\u00e1ch d\u00e1te tu mo\u017enost, tak s obrovskou radost\u00ed v\u0161echny pen\u011bzovody, jimi\u017e te\u010dou t\u011bmto pijavic\u00edm finan\u010dn\u00ed prost\u0159edky z va\u0161ich dan\u00ed, hned prvn\u00ed den bez vh\u00e1n\u00ed uzav\u0159u.<\/p>\n<div class=\"x11i5rnm xat24cr x1mh8g0r x1vvkbs xtlvy1s x126k92a\">\n<p dir=\"auto\"><strong>A\u0165 jsou v\u0161ichni tihle bezcenn\u00ed tlachalov\u00e9 d\u011blat poprv\u00e9 v \u017eivot\u011b norm\u00e1ln\u00ed pr\u00e1ci. To bude pro n\u011b ten nejv\u011bt\u0161\u00ed trest.<\/strong><\/p>\n<p><em>JUDr. Jind\u0159ich Rajchl<\/em><\/p>\n<p dir=\"auto\"><a href=\"https:\/\/stranapro.cz\/\"><img decoding=\"async\" loading=\"lazy\" class=\"wp-image-40286 aligncenter\" src=\"http:\/\/www.infokuryr.cz\/n\/wp-content\/uploads\/2023\/11\/12pro-300x87.png\" alt=\"\" width=\"941\" height=\"273\" srcset=\"https:\/\/www.infokuryr.cz\/n\/wp-content\/uploads\/2023\/11\/12pro-300x87.png 300w, https:\/\/www.infokuryr.cz\/n\/wp-content\/uploads\/2023\/11\/12pro.png 366w\" sizes=\"(max-width: 941px) 100vw, 941px\" \/><\/a><\/p>\n<p dir=\"auto\">\n<\/div>\n<\/div>\n<\/div>\n<\/div>\n<\/div>\n<\/div>\n<\/div>\n","protected":false},"excerpt":{"rendered":"<p>Mo\u017en\u00e1 jste v\u010dera zaregistrovali na provl\u00e1dn\u00edm propagandistick\u00e9m webu Seznam Zpr\u00e1vy \u010dl\u00e1nek s n\u00e1zvem &#8222;Hroz\u00ed rumunsk\u00fd&#8230;<\/p>\n","protected":false},"author":2,"featured_media":69694,"comment_status":"closed","ping_status":"closed","sticky":false,"template":"","format":"standard","meta":[],"categories":[6],"tags":[4482,2992,1503,35,2663,1087],"_links":{"self":[{"href":"https:\/\/www.infokuryr.cz\/n\/wp-json\/wp\/v2\/posts\/69693"}],"collection":[{"href":"https:\/\/www.infokuryr.cz\/n\/wp-json\/wp\/v2\/posts"}],"about":[{"href":"https:\/\/www.infokuryr.cz\/n\/wp-json\/wp\/v2\/types\/post"}],"author":[{"embeddable":true,"href":"https:\/\/www.infokuryr.cz\/n\/wp-json\/wp\/v2\/users\/2"}],"replies":[{"embeddable":true,"href":"https:\/\/www.infokuryr.cz\/n\/wp-json\/wp\/v2\/comments?post=69693"}],"version-history":[{"count":1,"href":"https:\/\/www.infokuryr.cz\/n\/wp-json\/wp\/v2\/posts\/69693\/revisions"}],"predecessor-version":[{"id":69695,"href":"https:\/\/www.infokuryr.cz\/n\/wp-json\/wp\/v2\/posts\/69693\/revisions\/69695"}],"wp:featuredmedia":[{"embeddable":true,"href":"https:\/\/www.infokuryr.cz\/n\/wp-json\/wp\/v2\/media\/69694"}],"wp:attachment":[{"href":"https:\/\/www.infokuryr.cz\/n\/wp-json\/wp\/v2\/media?parent=69693"}],"wp:term":[{"taxonomy":"category","embeddable":true,"href":"https:\/\/www.infokuryr.cz\/n\/wp-json\/wp\/v2\/categories?post=69693"},{"taxonomy":"post_tag","embeddable":true,"href":"https:\/\/www.infokuryr.cz\/n\/wp-json\/wp\/v2\/tags?post=69693"}],"curies":[{"name":"wp","href":"https:\/\/api.w.org\/{rel}","templated":true}]}}