{"id":69689,"date":"2025-01-07T06:49:06","date_gmt":"2025-01-07T05:49:06","guid":{"rendered":"https:\/\/www.infokuryr.cz\/n\/?p=69689"},"modified":"2025-01-07T06:49:06","modified_gmt":"2025-01-07T05:49:06","slug":"jiri-vyvadil-uspeje-herbert-kickl","status":"publish","type":"post","link":"https:\/\/www.infokuryr.cz\/n\/2025\/01\/07\/jiri-vyvadil-uspeje-herbert-kickl\/","title":{"rendered":"Ji\u0159\u00ed Vyvadil: Usp\u011bje Herbert Kickl?"},"content":{"rendered":"<div id=\"fb-root\"><\/div>\n<p><strong>Kdo si vzpomene na zalo\u017een\u00ed Patriot\u016f pro Evropu ve V\u00eddni, vzpomene si, jak vedle sebe st\u00e1li Herbert Kickl, Viktor Orb\u00e1n a Andrej Babi\u0161. Zalo\u017een\u00ed tohoto t\u0159et\u00edho nejv\u011bt\u0161\u00edho politick\u00e9ho klubu v EP dr\u00e1\u017edilo.<\/strong><\/p>\n<p style=\"font-weight: 400;\">N\u00e1sledovala protiakce evropsk\u00fdch lidovc\u016f, socialist\u016f a liber\u00e1l\u016f, kte\u0159\u00ed v\u016f\u010di nov\u011b vznikl\u00e9mu poslaneck\u00e9mu klubu, jeho\u017e p\u0159edsedou je p\u0159edseda N\u00e1rodn\u00edho shrom\u00e1\u017ed\u011bn\u00ed Jordan Bardella,\u00a0\u00a0\u00a0vytvo\u0159ili tzv. cordon sanitaire, aby zabr\u00e1nili \u010dlen\u016fm t\u0159et\u00edho nejv\u011bt\u0161\u00edho poslaneck\u00e9ho klubu v EP v aktivn\u00ed politick\u00e9 \u010dinnosti.<\/p>\n<p style=\"font-weight: 400;\">Slu\u0161\u00ed se konstatovat, \u017ee pov\u011b\u0159en\u00ed Herberta Kickla sestaven\u00edm vl\u00e1dy je p\u0159ece jenom velk\u00fdm p\u0159ekvapen\u00edm, ale po ztroskot\u00e1n\u00ed pokusu lidoveck\u00e9ho p\u0159edsedy vl\u00e1dy Nehammera\u00a0\u00a0se tato cesta jev\u00ed jako logick\u00e1. A potom u\u017e jen nov\u00e9 volby\u2026<\/p>\n<p style=\"font-weight: 400;\">Neznamen\u00e1 to, \u017ee se Kicklovi poda\u0159\u00ed vl\u00e1du vytvo\u0159it, ale rozhodn\u011b tu \u0161ance je.<\/p>\n<p style=\"font-weight: 400;\">V\u00a0ka\u017ed\u00e9m p\u0159\u00edpad\u011b je t\u0159eba rozb\u00edt sou\u010dasn\u00fd nedemokratick\u00fd krun\u00fd\u0159, kter\u00fd je zhoubn\u00fd.<\/p>\n<p style=\"font-weight: 400;\">Pokud by se vl\u00e1du vytvo\u0159it poda\u0159ilo, bylo by dobrou zpr\u00e1vou, \u017ee t\u0159i st\u0159edoevropsk\u00e9 st\u00e1ty, kdysi spadaj\u00edc\u00ed pod Rakousko -Uhersko maj\u00ed my\u0161lenkov\u011b velmi bl\u00edzk\u00e9 premi\u00e9ry. A by\u0165 je Robert Fico v\u011brn\u00fd socialista, jist\u011b by se\u00a0\u00a0v\u00a0z\u00e1sadn\u00edch zahrani\u010dn\u00edch ot\u00e1zk\u00e1ch r\u00e1d p\u0159idal.<\/p>\n<p style=\"font-weight: 400;\">Liber\u00e1ln\u00ed mainstream by zaplakal a moc Ursuly von der Leyen by se d\u00e1le ot\u0159\u00e1sla a n\u00e1\u0161 Fiala by st\u00e9nal, \u017ee v\u00edt\u011bz\u00ed sm\u011br Rusko.<\/p>\n<p style=\"font-weight: 400;\">Uvid\u00edme.<\/p>\n<p><a href=\"https:\/\/vasevec.info\/blogy\/uspeje-herbert-kickl\">Ji\u0159\u00ed Vyvadil<\/a><\/p>\n<p><img decoding=\"async\" loading=\"lazy\" class=\"alignnone size-medium wp-image-16474\" src=\"http:\/\/www.infokuryr.cz\/n\/wp-content\/uploads\/2022\/10\/jiri-vyvadil-300x200.jpg\" alt=\"\" width=\"300\" height=\"200\" srcset=\"https:\/\/www.infokuryr.cz\/n\/wp-content\/uploads\/2022\/10\/jiri-vyvadil-300x200.jpg 300w, https:\/\/www.infokuryr.cz\/n\/wp-content\/uploads\/2022\/10\/jiri-vyvadil-768x512.jpg 768w, https:\/\/www.infokuryr.cz\/n\/wp-content\/uploads\/2022\/10\/jiri-vyvadil.jpg 800w\" sizes=\"(max-width: 300px) 100vw, 300px\" \/><\/p>\n<p>&nbsp;<\/p>\n","protected":false},"excerpt":{"rendered":"<p>Kdo si vzpomene na zalo\u017een\u00ed Patriot\u016f pro Evropu ve V\u00eddni, vzpomene si, jak vedle sebe&#8230;<\/p>\n","protected":false},"author":2,"featured_media":69690,"comment_status":"closed","ping_status":"closed","sticky":false,"template":"","format":"standard","meta":[],"categories":[6],"tags":[1079,1503,120],"_links":{"self":[{"href":"https:\/\/www.infokuryr.cz\/n\/wp-json\/wp\/v2\/posts\/69689"}],"collection":[{"href":"https:\/\/www.infokuryr.cz\/n\/wp-json\/wp\/v2\/posts"}],"about":[{"href":"https:\/\/www.infokuryr.cz\/n\/wp-json\/wp\/v2\/types\/post"}],"author":[{"embeddable":true,"href":"https:\/\/www.infokuryr.cz\/n\/wp-json\/wp\/v2\/users\/2"}],"replies":[{"embeddable":true,"href":"https:\/\/www.infokuryr.cz\/n\/wp-json\/wp\/v2\/comments?post=69689"}],"version-history":[{"count":0,"href":"https:\/\/www.infokuryr.cz\/n\/wp-json\/wp\/v2\/posts\/69689\/revisions"}],"wp:featuredmedia":[{"embeddable":true,"href":"https:\/\/www.infokuryr.cz\/n\/wp-json\/wp\/v2\/media\/69690"}],"wp:attachment":[{"href":"https:\/\/www.infokuryr.cz\/n\/wp-json\/wp\/v2\/media?parent=69689"}],"wp:term":[{"taxonomy":"category","embeddable":true,"href":"https:\/\/www.infokuryr.cz\/n\/wp-json\/wp\/v2\/categories?post=69689"},{"taxonomy":"post_tag","embeddable":true,"href":"https:\/\/www.infokuryr.cz\/n\/wp-json\/wp\/v2\/tags?post=69689"}],"curies":[{"name":"wp","href":"https:\/\/api.w.org\/{rel}","templated":true}]}}