{"id":69658,"date":"2025-01-07T00:42:21","date_gmt":"2025-01-06T23:42:21","guid":{"rendered":"https:\/\/www.infokuryr.cz\/n\/?p=69658"},"modified":"2025-01-06T17:04:19","modified_gmt":"2025-01-06T16:04:19","slug":"izraelsky-vojak-prcha-z-brazilie-pote-co-bylo-pozadano-o-jeho-vysetrovani","status":"publish","type":"post","link":"https:\/\/www.infokuryr.cz\/n\/2025\/01\/07\/izraelsky-vojak-prcha-z-brazilie-pote-co-bylo-pozadano-o-jeho-vysetrovani\/","title":{"rendered":"Izraelsk\u00fd voj\u00e1k prch\u00e1 z Braz\u00edlie pot\u00e9, co bylo po\u017e\u00e1d\u00e1no o jeho vy\u0161et\u0159ov\u00e1n\u00ed"},"content":{"rendered":"<div id=\"fb-root\"><\/div>\n<p><span style=\"font-size: 18pt;\"><strong>Je podez\u0159el\u00fd ze sp\u00e1ch\u00e1n\u00ed v\u00e1le\u010dn\u00fdch zlo\u010din\u016f v Gaze<\/strong><\/span><\/p>\n<p><span>Izraelsk\u00fd voj\u00e1k v z\u00e1loze uprchl z Braz\u00edlie a p\u0159edpokl\u00e1d\u00e1 se, \u017ee je na cest\u011b do Izraele pot\u00e9, co brazilsk\u00fd soud po\u017e\u00e1dal policii, aby proti n\u011bmu zah\u00e1jila vy\u0161et\u0159ov\u00e1n\u00ed pro \u00fadajn\u00e9 v\u00e1le\u010dn\u00e9 zlo\u010diny v Gaze.<\/span><\/p>\n<p><span>&#8220;\u00a0<\/span><em><span>Rozhodnut\u00ed soudu bylo p\u0159ijato na z\u00e1klad\u011b st\u00ed\u017enosti podan\u00e9 bruselskou protiizraelskou organizac\u00ed, kter\u00e1 se sna\u017e\u00ed postavit izraelsk\u00e9 voj\u00e1ky z cel\u00e9ho sv\u011bta p\u0159ed soud<\/span><\/em><span>\u00a0,&#8220; uvedl v ned\u011bli Hebrew Channel 12.<\/span><\/p>\n<p><span>Pozd\u011bji ofici\u00e1ln\u00ed izraelsk\u00fd \u00fa\u0159ad pro vys\u00edl\u00e1n\u00ed ozn\u00e1mil, \u017ee doty\u010dn\u00e9mu z\u00e1lo\u017en\u00edkovi se poda\u0159ilo uprchnout ze zem\u011b a je na cest\u011b zp\u011bt do Izraele.<\/span><\/p>\n<p><span>Dal\u0161\u00ed podrobnosti o okolnostech \u00fat\u011bku izraelsk\u00e9ho voj\u00e1ka z Braz\u00edlie izraelsk\u00fd \u00fa\u0159ad neuvedl.<\/span><\/p>\n<p><span>Podle st\u00ed\u017enosti podan\u00e9 palestinskou podp\u016frnou organizac\u00ed \u201eHend Rajeb\u201c se voj\u00e1k \u201e\u00a0<\/span><em><span>pod\u00edlel na zni\u010den\u00ed obytn\u00e9 budovy v\u00fdbu\u0161ninami loni v listopadu, bez provozn\u00edho od\u016fvodn\u011bn\u00ed<\/span><\/em><span>\u00a0\u201c.<\/span><\/p>\n<p><span>Tato budova byla sou\u010d\u00e1st\u00ed dom\u016f pou\u017e\u00edvan\u00fdch jako \u00fakryt Palestinci vys\u00eddlen\u00fdmi od za\u010d\u00e1tku v\u00e1lky v Gaze podle stejn\u00e9ho kan\u00e1lu.<\/span><\/p>\n<p><span>Organizace ve sv\u00e9 st\u00ed\u017enosti o v\u00edce ne\u017e 500 stran\u00e1ch potvrdila, \u017ee m\u00e1 d\u016fkazy o \u010dinech sp\u00e1chan\u00fdch izraelsk\u00fdm voj\u00e1kem.<\/span><\/p>\n<p><span>\u201e\u00a0<\/span><em><span>Zpravodajsk\u00e9 informace z [otev\u0159en\u00fdch zdroj\u016f], pravd\u011bpodobn\u011b shrom\u00e1\u017ed\u011bn\u00e9 z voj\u00e1kov\u00fdch soci\u00e1ln\u00edch m\u00e9di\u00ed<\/span><\/em><span>\u00a0,\u201c byly sou\u010d\u00e1st\u00ed p\u0159edlo\u017een\u00fdch d\u016fkaz\u016f.<\/span><\/p>\n<p><span>Organizace po\u017e\u00e1dala o zat\u010den\u00ed izraelsk\u00e9ho voj\u00e1ka, aby zabr\u00e1nila jeho \u00fat\u011bku z brazilsk\u00fdch \u00fazem\u00ed nebo zni\u010den\u00ed d\u016fkaz\u016f.<\/span><\/p>\n<p><span>Channel 12 uvedl, \u017ee \u201e\u00a0<\/span><em><span>strach z vy\u0161et\u0159ov\u00e1n\u00ed izraelsk\u00e9ho voj\u00e1ka se shoduje s dramatem, kter\u00e9 se odehr\u00e1lo na Sr\u00ed Lance minul\u00fd m\u011bs\u00edc, kdy\u017e organizace spat\u0159ila izraelsk\u00e9ho voj\u00e1ka v aktivn\u00ed slu\u017eb\u011b a po\u017eadovala jeho zat\u010den\u00ed, zat\u00edmco izraelsk\u00e9 bezpe\u010dnostn\u00ed slu\u017eby ho po\u017e\u00e1daly, aby Sr\u00ed Lanku opustil. okam\u017eit\u011b<\/span><\/em><span>\u00a0.\u201d<\/span><\/p>\n<p><span>Kan\u00e1l uzav\u0159el slovy: &#8220;\u00a0<\/span><em><span>Tyto dva incidenty se p\u0159ipojuj\u00ed k s\u00e9rii incident\u016f v minulosti, kter\u00e9 vyvolaly obavy v izraelsk\u00e9m bezpe\u010dnostn\u00edm establishmentu<\/span><\/em><span>\u00a0.&#8220;<\/span><\/p>\n<p><span>19. prosince kan\u00e1l 12 odhalil tajn\u00fd pr\u016fchod izraelsk\u00e9ho voj\u00e1ka ze Sr\u00ed Lanky, ne\u017e byl povol\u00e1n k vy\u0161et\u0159ov\u00e1n\u00ed obvin\u011bn\u00ed z v\u00e1le\u010dn\u00fdch zlo\u010din\u016f v p\u00e1smu Gazy.<\/span><\/p>\n<p><span>S americkou podporou p\u00e1ch\u00e1 Izrael v Gaze od 7. \u0159\u00edjna 2023 genocidu, kter\u00e1 si v kontextu hromadn\u00e9ho ni\u010den\u00ed a hladomoru zp\u016fsobila v\u00edce ne\u017e 154 000 ob\u011bt\u00ed mezi mrtv\u00fdmi a zran\u011bn\u00fdmi Palestinci, v\u011bt\u0161inou d\u011btmi a \u017eenami, a v\u00edce ne\u017e 11 000 nezv\u011bstn\u00fdch. kter\u00e1 zabila des\u00edtky d\u011bt\u00ed a star\u00fdch lid\u00ed.<\/span><\/p>\n<h5 class=\"wp-block-heading\"><span style=\"font-size: 18pt;\"><strong>Nespokojen\u00e9 reakce<\/strong><\/span><\/h5>\n<p><span>V\u016fdce izraelsk\u00e9 opozice Yair Lapid v reakci na tuto ud\u00e1lost popsal jako \u201e\u00a0<\/span><em><span>kolos\u00e1ln\u00ed politick\u00e9 selh\u00e1n\u00ed<\/span><\/em><span>\u00a0\u201c skute\u010dnost, \u201e\u00a0<\/span><em><span>\u017ee izraelsk\u00fd z\u00e1lo\u017en\u00edk uprchl uprost\u0159ed noci z Braz\u00edlie, aby nebyl zat\u010den, proto\u017ee \u201ebojoval v Gaza<\/span><\/em><span>\u00a0.\u201c<\/span><\/p>\n<p><span>Vl\u00e1du ozna\u010dil za \u201e\u00a0<\/span><em><span>nezodpov\u011bdnou<\/span><\/em><span>\u00a0\u201c a obvinil ji, \u017ee nev\u00ed, \u201e\u00a0<\/span><em><span>jak d\u00e1l<\/span><\/em><span>\u00a0\u201c.<\/span><\/p>\n<p><span>\u201e\u00a0<\/span><em><span>Jak jsme do\u0161li k z\u00e1v\u011bru, \u017ee Palestinci jsou na mezin\u00e1rodn\u00ed sc\u00e9n\u011b lep\u0161\u00ed ne\u017e izraelsk\u00e1 vl\u00e1da<\/span><\/em><span>\u00a0,\u201c zvolal.<\/span><\/p>\n<p><span>Domn\u00edval se, \u017ee \u201e\u00a0<\/span><em><span>vytvo\u0159en\u00ed ofici\u00e1ln\u00ed vy\u0161et\u0159ovac\u00ed komise, kter\u00e1 n\u00e1s pr\u00e1vn\u011b chr\u00e1n\u00ed na jedn\u00e9 stran\u011b, a efektivn\u00edho a koordinovan\u00e9ho syst\u00e9mu propagandy (Hasbara) na stran\u011b druh\u00e9, by takov\u00fdm jev\u016fm zabr\u00e1nilo<\/span><\/em><span>\u00a0\u201c.<\/span><\/p>\n<p><span>Lapid na z\u00e1v\u011br \u0159ekl, \u017ee &#8220;\u00a0<\/span><em><span>voj\u00e1ci izraelsk\u00e9 arm\u00e1dy, \u0159adov\u00ed i z\u00e1lo\u017en\u00ed, se nemohou b\u00e1t cestovat do zahrani\u010d\u00ed ze strachu ze zat\u010den\u00ed<\/span><\/em><span>\u00a0.&#8220;<\/span><\/p>\n<p><span>V souvisej\u00edc\u00ed souvislosti uvedl hebrejsk\u00fd list\u00a0<\/span><em><span>Israel Hayom<\/span><\/em><span>\u00a0, \u017ee matky izraelsk\u00fdch voj\u00e1k\u016f poslaly v ned\u011bli po informac\u00edch o izraelsk\u00e9m voj\u00e1kovi v Braz\u00edlii ostr\u00fd vzkaz premi\u00e9rovi Benjaminu Netanjahuovi a n\u00e1\u010deln\u00edkovi gener\u00e1ln\u00edho \u0161t\u00e1bu Herzi Halevymu.<\/span><\/p>\n<p><span>Matky, kter\u00e9 pat\u0159\u00ed k organizaci \u201eBd\u011bl\u00e1 matka\u201c, ve sv\u00e9m dopise uvedly, \u017ee \u201e\u00a0<\/span><em><span>nedostatek jasn\u00e9 politiky a extremistick\u00fdch prohl\u00e1\u0161en\u00ed vl\u00e1dn\u00edch ministr\u016f vystavuje voj\u00e1ky nebezpe\u010d\u00ed na mezin\u00e1rodn\u00ed pr\u00e1vn\u00ed sc\u00e9n\u011b<\/span><\/em><span>\u00a0\u201c.<\/span><\/p>\n<p><span>\u201e\u00a0<\/span><em><span>Bez jasn\u00fdch politik a c\u00edl\u016f stanoven\u00fdch vl\u00e1dou se izraelsk\u00e1 arm\u00e1da ocitla v boji po dobu patn\u00e1cti m\u011bs\u00edc\u016f bez jasn\u00fdch c\u00edl\u016f nebo strategie<\/span><\/em><span>\u00a0,\u201c uv\u00e1d\u00ed list.<\/span><\/p>\n<p><span>Dopis dod\u00e1v\u00e1: \u201e\u00a0<\/span><em><span>V\u00fdsledkem je dlouh\u00e1 a vy\u010derp\u00e1vaj\u00edc\u00ed v\u00e1lka, kter\u00e1 vy\u010derp\u00e1v\u00e1 voj\u00e1ky izraelsk\u00e9 arm\u00e1dy a umo\u017e\u0148uje, aby extremistick\u00e9 programy rezonovaly v arm\u00e1d\u011b na jedn\u00e9 stran\u011b a na stran\u011b druh\u00e9 v mezin\u00e1rodn\u00edm m\u011b\u0159\u00edtku<\/span><\/em><span>\u00a0.\u201c<\/span><\/p>\n<p><span>Matky voj\u00e1k\u016f varovaly, \u017ee &#8220;\u00a0<\/span><em><span>p\u0159es opakovan\u00e1 varov\u00e1n\u00ed mezin\u00e1rodn\u00edch soud\u016f o pr\u00e1vn\u00edm nebezpe\u010d\u00ed, kter\u00e9mu voj\u00e1ci \u010del\u00ed, vl\u00e1da nep\u0159ijala dostate\u010dn\u00e1 opat\u0159en\u00ed k jejich ochran\u011b<\/span><\/em><span>\u00a0.&#8220;<\/span><\/p>\n<p><em>Koment\u00e1\u0159 od <strong>Zein Khalil<\/strong><\/em><\/p>\n<p>&nbsp;<\/p>\n","protected":false},"excerpt":{"rendered":"<p>Je podez\u0159el\u00fd ze sp\u00e1ch\u00e1n\u00ed v\u00e1le\u010dn\u00fdch zlo\u010din\u016f v Gaze Izraelsk\u00fd voj\u00e1k v z\u00e1loze uprchl z Braz\u00edlie&#8230;<\/p>\n","protected":false},"author":2,"featured_media":69659,"comment_status":"closed","ping_status":"closed","sticky":false,"template":"","format":"standard","meta":[],"categories":[7],"tags":[288,107,1600],"_links":{"self":[{"href":"https:\/\/www.infokuryr.cz\/n\/wp-json\/wp\/v2\/posts\/69658"}],"collection":[{"href":"https:\/\/www.infokuryr.cz\/n\/wp-json\/wp\/v2\/posts"}],"about":[{"href":"https:\/\/www.infokuryr.cz\/n\/wp-json\/wp\/v2\/types\/post"}],"author":[{"embeddable":true,"href":"https:\/\/www.infokuryr.cz\/n\/wp-json\/wp\/v2\/users\/2"}],"replies":[{"embeddable":true,"href":"https:\/\/www.infokuryr.cz\/n\/wp-json\/wp\/v2\/comments?post=69658"}],"version-history":[{"count":0,"href":"https:\/\/www.infokuryr.cz\/n\/wp-json\/wp\/v2\/posts\/69658\/revisions"}],"wp:featuredmedia":[{"embeddable":true,"href":"https:\/\/www.infokuryr.cz\/n\/wp-json\/wp\/v2\/media\/69659"}],"wp:attachment":[{"href":"https:\/\/www.infokuryr.cz\/n\/wp-json\/wp\/v2\/media?parent=69658"}],"wp:term":[{"taxonomy":"category","embeddable":true,"href":"https:\/\/www.infokuryr.cz\/n\/wp-json\/wp\/v2\/categories?post=69658"},{"taxonomy":"post_tag","embeddable":true,"href":"https:\/\/www.infokuryr.cz\/n\/wp-json\/wp\/v2\/tags?post=69658"}],"curies":[{"name":"wp","href":"https:\/\/api.w.org\/{rel}","templated":true}]}}