{"id":6963,"date":"2021-12-19T04:19:24","date_gmt":"2021-12-19T03:19:24","guid":{"rendered":"http:\/\/www.infokuryr.cz\/n\/?p=6963"},"modified":"2021-12-19T04:19:24","modified_gmt":"2021-12-19T03:19:24","slug":"putin-chce-spolu-s-papezem-hajit-krestanske-zajmy-v-evrope","status":"publish","type":"post","link":"https:\/\/www.infokuryr.cz\/n\/2021\/12\/19\/putin-chce-spolu-s-papezem-hajit-krestanske-zajmy-v-evrope\/","title":{"rendered":"Putin chce spolu s pape\u017eem h\u00e1jit k\u0159es\u0165ansk\u00e9 z\u00e1jmy v Evrop\u011b"},"content":{"rendered":"<div id=\"fb-root\"><\/div>\n<p>U p\u0159\u00edle\u017eitosti p\u0159\u00edprav setk\u00e1n\u00ed pape\u017ee Franti\u0161ka s rusk\u00fdm patriarchou Kirylem, kter\u00e9 b\u011b\u017e\u00ed na pln\u00e9 obr\u00e1tky, rusk\u00fd prezident Vladimir Putin p\u0159edeslal, \u017ee hodl\u00e1 s pape\u017eem b\u00e1nit k\u0159es\u0165ansk\u00e9 z\u00e1jmy v Evrop\u011b i jinde na sv\u011bt\u011b. Putin, kter\u00fd je praktikuj\u00edc\u00edm k\u0159es\u0165anem a aktivn\u00edm podporovatelem Rusk\u00e9 pravoslavn\u00e9 c\u00edrkve, ji\u017e mnokr\u00e1t vyj\u00e1d\u0159il \u00fadiv a skepsi nad dekadenc\u00ed a \u00fastupem od k\u0159es\u0165ansk\u00fdch hodnot v Evrop\u011b, v\u00fdm\u011bnou zejm\u00e9na za LGBT, transd\u017eendr a hedonizmus ve v\u0161eobecnosti.<\/p>\n<p>V dob\u011b, kdy Evropsk\u00e1 komise m\u00e1lem zru\u0161ila V\u00e1noce, kdy se na zem\u011b jako Polsko a Ma\u010farsko, kter\u00e9 prot\u011b\u017euj\u00ed k\u0159es\u0165ansk\u00e9 hodnoty nam\u00edsto nov\u00fdch &#8222;evropsk\u00fdch&#8220;, zu\u0159iv\u011b osopuje, je Rusko pro Vatik\u00e1n prakticky jedinou evropskou zem\u00ed, kter\u00e1 praktikov\u00e1n\u00ed k\u0159es\u0165ansk\u00fdch hodnot m\u00e1 jako ned\u00edlnou sou\u010d\u00e1st n\u00e1rodn\u00ed kultury a st\u00e1tn\u00ed politiky.<\/p>\n<p>Rusk\u00e1 vl\u00e1da nap\u0159. dnes vyznamenala rusk\u00fd k\u0159es\u0165ansk\u00fd televizn\u00ed kan\u00e1l Spas.ru (obdoba \u010desk\u00e9 TVNoe.cz) za \u0161\u00ed\u0159en\u00ed duchovn\u00ed kultury v masm\u00e9di\u00edch.<\/p>\n<p><img decoding=\"async\" loading=\"lazy\" class=\"alignnone size-full wp-image-1185\" src=\"http:\/\/www.infokuryr.cz\/n\/wp-content\/uploads\/2021\/04\/kuryr-podpis.png\" alt=\"\" width=\"84\" height=\"24\" \/><\/p>\n<p>&nbsp;<\/p>\n","protected":false},"excerpt":{"rendered":"<p>U p\u0159\u00edle\u017eitosti p\u0159\u00edprav setk\u00e1n\u00ed pape\u017ee Franti\u0161ka s rusk\u00fdm patriarchou Kirylem, kter\u00e9 b\u011b\u017e\u00ed na pln\u00e9 obr\u00e1tky,&#8230;<\/p>\n","protected":false},"author":2,"featured_media":6964,"comment_status":"closed","ping_status":"closed","sticky":false,"template":"","format":"standard","meta":[],"categories":[7],"tags":[167,254,250,102],"_links":{"self":[{"href":"https:\/\/www.infokuryr.cz\/n\/wp-json\/wp\/v2\/posts\/6963"}],"collection":[{"href":"https:\/\/www.infokuryr.cz\/n\/wp-json\/wp\/v2\/posts"}],"about":[{"href":"https:\/\/www.infokuryr.cz\/n\/wp-json\/wp\/v2\/types\/post"}],"author":[{"embeddable":true,"href":"https:\/\/www.infokuryr.cz\/n\/wp-json\/wp\/v2\/users\/2"}],"replies":[{"embeddable":true,"href":"https:\/\/www.infokuryr.cz\/n\/wp-json\/wp\/v2\/comments?post=6963"}],"version-history":[{"count":0,"href":"https:\/\/www.infokuryr.cz\/n\/wp-json\/wp\/v2\/posts\/6963\/revisions"}],"wp:featuredmedia":[{"embeddable":true,"href":"https:\/\/www.infokuryr.cz\/n\/wp-json\/wp\/v2\/media\/6964"}],"wp:attachment":[{"href":"https:\/\/www.infokuryr.cz\/n\/wp-json\/wp\/v2\/media?parent=6963"}],"wp:term":[{"taxonomy":"category","embeddable":true,"href":"https:\/\/www.infokuryr.cz\/n\/wp-json\/wp\/v2\/categories?post=6963"},{"taxonomy":"post_tag","embeddable":true,"href":"https:\/\/www.infokuryr.cz\/n\/wp-json\/wp\/v2\/tags?post=6963"}],"curies":[{"name":"wp","href":"https:\/\/api.w.org\/{rel}","templated":true}]}}