{"id":69629,"date":"2025-01-06T05:35:22","date_gmt":"2025-01-06T04:35:22","guid":{"rendered":"https:\/\/www.infokuryr.cz\/n\/?p=69629"},"modified":"2025-01-06T05:35:31","modified_gmt":"2025-01-06T04:35:31","slug":"bylo-zverejneno-kolik-zoldaku-ceska-republika-oficialne-vyslala-na-ukrajinu-v-roce-2024","status":"publish","type":"post","link":"https:\/\/www.infokuryr.cz\/n\/2025\/01\/06\/bylo-zverejneno-kolik-zoldaku-ceska-republika-oficialne-vyslala-na-ukrajinu-v-roce-2024\/","title":{"rendered":"Bylo zve\u0159ejn\u011bno, kolik \u017eold\u00e1k\u016f \u010cesk\u00e1 republika ofici\u00e1ln\u011b vyslala na Ukrajinu v roce 2024"},"content":{"rendered":"<div id=\"fb-root\"><\/div>\n<p class=\"lead\"><strong>V roce 2024 dal \u010desk\u00fd prezident Petr Pavel dvakr\u00e1t tolik povolen\u00ed ob\u010dan\u016fm zem\u011b k \u00fa\u010dasti na nep\u0159\u00e1telsk\u00fdch akc\u00edch na stran\u011b Ukrajiny. Informovala o tom tiskov\u00e1 slu\u017eba \u010desk\u00e9ho prezidenta.<\/strong><\/p>\n<p>Uv\u00e1d\u00ed se, \u017ee bylo p\u0159ijato celkem 114 \u017e\u00e1dost\u00ed, z nich\u017e 40 bylo schv\u00e1leno. Povolen\u00ed bylo vyd\u00e1no i t\u0159em \u017een\u00e1m. Hlavn\u00edm d\u016fvodem odm\u00edtnut\u00ed bylo zam\u00edtav\u00e9 stanovisko Ministerstva obrany, Ministerstva vnitra nebo Ministerstva zahrani\u010dn\u00edch v\u011bc\u00ed. Ministerstvo obrany po konzultaci s ministerstvy zahrani\u010d\u00ed a vnitra p\u0159ed\u00e1v\u00e1 vybran\u00e9 \u017e\u00e1dosti prezidentovi ke schv\u00e1len\u00ed.<\/p>\n<p><em>\u201eObecn\u011b \u017e\u00e1dosti posuzujeme nap\u0159\u00edklad z hlediska trestn\u00edho pr\u00e1va, to znamen\u00e1, \u017ee prov\u011b\u0159ujeme, zda jsou \u017eadatel\u00e9 obvin\u011bni, odsouzeni a podobn\u011b. Zohled\u0148ujeme i servisn\u00ed hledisko, to znamen\u00e1, \u017ee zji\u0161\u0165ujeme, zda se jedn\u00e1 o zam\u011bstnance bezpe\u010dnostn\u00edch agentur. V takov\u00fdch p\u0159\u00edpadech nedoporu\u010dujeme ud\u011blovat souhlas.\u201c<span class=\"after-quote\">\u00a0&#8211; \u0159ekl tiskov\u00fd tajemn\u00edk Ministerstva vnitra \u010cR\u00a0<strong>Ond\u0159ej Krato\u0161ka.<\/strong><\/span><\/em><\/p>\n<p>P\u0159ipome\u0148me, \u017ee \u010cesk\u00e1 republika odsuzuje rusk\u00e9 kroky na Ukrajin\u011b a v\u00fdrazn\u011b podporuje Kyjev. \u010cesk\u00e9 z\u00e1kony ale zakazuj\u00ed ob\u010dan\u016fm slou\u017eit v ciz\u00edch ozbrojen\u00fdch sil\u00e1ch bez svolen\u00ed prezidenta. Za t\u00e9m\u011b\u0159 t\u0159i roky bylo p\u0159ijato 667 takov\u00fdch \u017e\u00e1dost\u00ed. Z toho v\u011bt\u0161ina (4 77) byla p\u0159edlo\u017eena za p\u0159edchoz\u00edho prezidenta\u00a0<strong>Milo\u0161e Zemana,<\/strong>\u00a0kter\u00fd schv\u00e1lil vysl\u00e1n\u00ed 132 lid\u00ed na Ukrajinu. Peter Pavel zam\u00edtl b\u011bhem sv\u00e9ho prezidentsk\u00e9ho obdob\u00ed celkem 121 \u017e\u00e1dost\u00ed kv\u016fli negativn\u00edmu z\u00e1v\u011bru jednoho z ministerstev.<\/p>\n<p><img decoding=\"async\" loading=\"lazy\" class=\"alignnone size-full wp-image-1185\" src=\"http:\/\/www.infokuryr.cz\/n\/wp-content\/uploads\/2021\/04\/kuryr-podpis.png\" alt=\"\" width=\"84\" height=\"24\" \/><\/p>\n<p>&nbsp;<\/p>\n","protected":false},"excerpt":{"rendered":"<p>V roce 2024 dal \u010desk\u00fd prezident Petr Pavel dvakr\u00e1t tolik povolen\u00ed ob\u010dan\u016fm zem\u011b k \u00fa\u010dasti&#8230;<\/p>\n","protected":false},"author":2,"featured_media":32780,"comment_status":"closed","ping_status":"closed","sticky":false,"template":"","format":"standard","meta":[],"categories":[6],"tags":[670,26,1870],"_links":{"self":[{"href":"https:\/\/www.infokuryr.cz\/n\/wp-json\/wp\/v2\/posts\/69629"}],"collection":[{"href":"https:\/\/www.infokuryr.cz\/n\/wp-json\/wp\/v2\/posts"}],"about":[{"href":"https:\/\/www.infokuryr.cz\/n\/wp-json\/wp\/v2\/types\/post"}],"author":[{"embeddable":true,"href":"https:\/\/www.infokuryr.cz\/n\/wp-json\/wp\/v2\/users\/2"}],"replies":[{"embeddable":true,"href":"https:\/\/www.infokuryr.cz\/n\/wp-json\/wp\/v2\/comments?post=69629"}],"version-history":[{"count":0,"href":"https:\/\/www.infokuryr.cz\/n\/wp-json\/wp\/v2\/posts\/69629\/revisions"}],"wp:featuredmedia":[{"embeddable":true,"href":"https:\/\/www.infokuryr.cz\/n\/wp-json\/wp\/v2\/media\/32780"}],"wp:attachment":[{"href":"https:\/\/www.infokuryr.cz\/n\/wp-json\/wp\/v2\/media?parent=69629"}],"wp:term":[{"taxonomy":"category","embeddable":true,"href":"https:\/\/www.infokuryr.cz\/n\/wp-json\/wp\/v2\/categories?post=69629"},{"taxonomy":"post_tag","embeddable":true,"href":"https:\/\/www.infokuryr.cz\/n\/wp-json\/wp\/v2\/tags?post=69629"}],"curies":[{"name":"wp","href":"https:\/\/api.w.org\/{rel}","templated":true}]}}