{"id":69616,"date":"2025-01-06T04:28:37","date_gmt":"2025-01-06T03:28:37","guid":{"rendered":"https:\/\/www.infokuryr.cz\/n\/?p=69616"},"modified":"2025-01-06T04:28:37","modified_gmt":"2025-01-06T03:28:37","slug":"ruska-armada-rozdrtila-pokus-o-protiofenzivu-afu-v-kurske-oblasti","status":"publish","type":"post","link":"https:\/\/www.infokuryr.cz\/n\/2025\/01\/06\/ruska-armada-rozdrtila-pokus-o-protiofenzivu-afu-v-kurske-oblasti\/","title":{"rendered":"Rusk\u00e1 arm\u00e1da rozdrtila pokus o protiofenz\u00edvu AFU v Kursk\u00e9 oblasti&#8230;"},"content":{"rendered":"<div id=\"fb-root\"><\/div>\n<h4>Rusk\u00e1 arm\u00e1da rozdrtila pokus o protiofenz\u00edvu AFU v Kursk\u00e9 oblasti a na Donbasu stoj\u00ed ru\u0161t\u00ed voj\u00e1ci 7 km od hranic Dn\u011bpropetrovsk\u00e9 oblasti! B\u00fdval\u00fd velitel 53. Brig\u00e1dy AFU bije na poplach, \u017ee je pot\u0159eba za\u010d\u00edt opev\u0148ovat m\u011bsta Dnipro, Cherson a Z\u00e1poro\u017e\u00ed! A n\u011bmeck\u00fd novin\u00e1\u0159 p\u0159edpov\u00edd\u00e1, \u017ee por\u00e1\u017eka Ukrajiny bude por\u00e1\u017ekou Z\u00e1padu a hegemonie syst\u00e9mu Pax Americana!<\/h4>\n<p>M\u011bla to b\u00fdt posledn\u00ed protiofenz\u00edva ukrajinsk\u00e9 arm\u00e1dy. Posledn\u00ed zoufal\u00fd pokus zastavit uzav\u00edr\u00e1n\u00ed Kursk\u00e9ho kotle ze strany rusk\u00fdch vojsk, kter\u00e9 stoji u\u017e 1,5 km od hlavn\u00edho m\u011bsta cel\u00e9 ukrajinsk\u00e9 operace, tedy od spr\u00e1vn\u00edho m\u011bsta Sud\u017ea.\u00a0<strong>Rozkazy ke sta\u017een\u00ed vojsk AFU st\u00e1le nep\u0159ich\u00e1z\u00ed a voj\u00e1ci ukrajinsk\u00e9 arm\u00e1dy na pozic\u00edch spaluj\u00ed fotografie Volodymyra Zelensk\u00e9ho a sepisuj\u00ed z\u00e1v\u011bti sv\u00fdm rodin\u00e1m.<\/strong>\u00a0D\u011bsiv\u00fd ritu\u00e1l posledn\u00edho ob\u011btov\u00e1n\u00ed posledn\u00edch elitn\u00edch sil AFU za\u010dal v ned\u011bli r\u00e1no v 9:00 hodin. Posledn\u00ed marn\u00fd pokus, kter\u00fd ukrajinsk\u00e1 poslankyn\u011b Maryana Bezuhl\u00e1 na sv\u00e9m Telegramu\u00a0<strong>[<a href=\"https:\/\/href.li\/?https:\/\/t.me\/marybezuhla\/2662\" target=\"_blank\" rel=\"nofollow noopener\">1<\/a>]<\/strong>\u00a0ozna\u010dila za trag\u00e9dii.<\/p>\n<p>Rusov\u00e9 se toti\u017e podle informac\u00ed dostali na Donbasu k nejv\u011bt\u0161\u00edmi ukrajinsk\u00e9mu lo\u017eisku lithia a Rusk\u00e1 arm\u00e1da jej vzala pod svoji kontrolu\u00a0<strong>[<a href=\"https:\/\/href.li\/?https:\/\/ria.ru\/20250105\/svo-1992611348.html\" target=\"_blank\" rel=\"nofollow noopener\">2<\/a>]<\/strong>. Na informaci podle v\u0161eho v pond\u011bl\u00ed zareaguj\u00ed poklesem akci\u00ed v\u0161echny americk\u00e9 firmy motaj\u00edc\u00ed se okolo elektrick\u00fdch aut, kter\u00e9 vs\u00e1zely na z\u00edsk\u00e1n\u00ed levn\u00fdch lo\u017eisek lithia na Ukrajin\u011b pro v\u00fdrobu bateri\u00ed do aut. Te\u010f je maj\u00ed pod kontrolou Rusov\u00e9. Velk\u00fd \u0161patn\u00fd nejen pro Kyjev.<\/p>\n<figure id=\"attachment_62247\" class=\"wp-caption aligncenter\" style=\"width: 679px;\"><a href=\"https:\/\/aeronet.news\/wp-content\/uploads\/AFU_KurskConvoy.jpg\"><img decoding=\"async\" loading=\"lazy\" class=\"wp-image-62247 \" src=\"https:\/\/aeronet.news\/wp-content\/uploads\/AFU_KurskConvoy-1024x674.jpg\" sizes=\"(max-width: 700px) 100vw, 700px\" srcset=\"https:\/\/aeronet.news\/wp-content\/uploads\/AFU_KurskConvoy-1024x674.jpg 1024w, https:\/\/aeronet.news\/wp-content\/uploads\/AFU_KurskConvoy-300x198.jpg 300w, https:\/\/aeronet.news\/wp-content\/uploads\/AFU_KurskConvoy-768x506.jpg 768w, https:\/\/aeronet.news\/wp-content\/uploads\/AFU_KurskConvoy-700x461.jpg 700w, https:\/\/aeronet.news\/wp-content\/uploads\/AFU_KurskConvoy-100x65.jpg 100w, https:\/\/aeronet.news\/wp-content\/uploads\/AFU_KurskConvoy-542x357.jpg 542w, https:\/\/aeronet.news\/wp-content\/uploads\/AFU_KurskConvoy-733x483.jpg 733w, https:\/\/aeronet.news\/wp-content\/uploads\/AFU_KurskConvoy.jpg 1280w\" alt=\"\" width=\"679\" height=\"447\" \/><\/a><figcaption class=\"wp-caption-text\">Konvoj t\u011b\u017ek\u00e9 techniky AFU p\u0159i pokusu o zah\u00e1jen\u00ed \u00fatoku na Berdin v Kursk\u00e9 oblasti<\/figcaption><\/figure>\n<p>Bezuhl\u00e1 v ned\u011bli po spu\u0161t\u011bn\u00ed dal\u0161\u00ed ne\u00fasp\u011b\u0161n\u00e9 protiofenz\u00edvy AFU v Kursk\u00e9 oblasti za\u010dala znovu bu\u0161it do nejvy\u0161\u0161\u00edho arm\u00e1dn\u00edho velen\u00ed jako do bandy alibist\u016f, kte\u0159\u00ed si cht\u011bj\u00ed jen podr\u017eet sv\u00e9 pozice a uk\u00e1zat, \u017ee um\u00ed vtrhnout Rus\u016fm na dvorek, bez ohledu na to, jak\u00fd v\u00fdprask za to od Rus\u016f dostanou. Bezuhl\u00e1 na Telegramu\u00a0napsala toto:<\/p>\n<p><strong>Rusov\u00e9 p\u0159eb\u00edraj\u00ed kontrolu nad na\u0161imi nerostn\u00fdmi surovinami, dob\u00fdvaj\u00ed opu\u0161t\u011bn\u00e1 opevn\u011bn\u00ed, kter\u00e1 se jim v\u011bt\u0161inou hod\u00ed, zab\u00edjej\u00ed voj\u00e1ky i civilisty, postupuj\u00ed na NA\u0160I zemi o des\u00edtky kilometr\u016f denn\u011b.<\/strong>\u00a0Brzy, velmi brzy \u2013 \u201cPevnost Pokrovsk\u201d, kter\u00e1 v\u016fbec nen\u00ed pevnost\u00ed.<\/p>\n<p>Zd\u00e1 se ale, \u017ee vojensk\u00fdmi a politick\u00fdmi prioritami nen\u00ed ochrana dn\u011bpro-don\u011bck\u00e9ho shluku p\u0159\u00edrodn\u00edch zdroj\u016f Ukrajiny, z\u00e1chrana m\u011bst a lid\u00ed nebo reforma arm\u00e1dy. Gener\u00e1lov\u00e9 pot\u0159ebuj\u00ed uk\u00e1zat dal\u0161\u00ed \u201epostup vp\u0159ed\u201c, dok\u00e1zat politick\u00e9mu veden\u00ed, \u017ee jsou nenahraditeln\u00ed a dokonale \u0159\u00edd\u00ed ozbrojen\u00e9 s\u00edly, parazituj\u00ed na prchav\u00e9 euforii a nad\u011bj\u00edch obyvatel, aby se i nad\u00e1le udr\u017eeli ve velen\u00ed a nic se nem\u011bnilo. Aby zakryli sv\u00e9 zlo\u010diny. Nejd\u0159\u00edve ji\u017en\u00ed ofenz\u00edva v roce 2023, pak Kursk v roce 2024. A co te\u010f? Iluze.<\/p>\n<p><strong>Nyn\u00ed \u2014 Pokrovsk, Kramatorsk, Dn\u011bpr, Z\u00e1poro\u017e\u00ed, Cherson, Charkov.<\/strong><\/p>\n<p>Politick\u00e9mu veden\u00ed to, jak vid\u00edm, vyhovuje. Ne, toto nepodporuji a nepat\u0159\u00edm k p\u0159edstavitel\u016fm, co tohle podporuj\u00ed. Absolutn\u011b ne. Jedin\u00e9, co mi je\u0161t\u011b zb\u00fdv\u00e1, je schopnost komunikace. Ale um\u011bt komunikovat a b\u00fdt sly\u0161en jsou dv\u011b r\u016fzn\u00e9 v\u011bci.<\/p>\n<p>To nen\u00ed mo\u017en\u00e9 ani mor\u00e1ln\u011b, ani fyzicky vydr\u017eet, ani podporovat.<\/p>\n<p>Trag\u00e9die a absurdita.<\/p>\n<p>\u2013<em>Bezuhl\u00e1<\/em>\u2013<\/p>\n<p>Ukrajina prost\u011b v ned\u011bli zah\u00e1jila \u00fatok\u00a0<strong>[<a href=\"https:\/\/href.li\/?https:\/\/www.rt.com\/russia\/610462-counterattack-kursk-region-repel-mod\/\" target=\"_blank\" rel=\"nofollow noopener\">3<\/a>]<\/strong>\u00a0s c\u00edlem \u201c<em>zastavit postup rusk\u00fdch vojsk,<\/em>\u201d uvedlo rusk\u00e9 ministerstvo obrany v ned\u011bln\u00edm prohl\u00e1\u0161en\u00ed. Ukrajinci podle ministerstva ude\u0159ili kolem dev\u00e1t\u00e9 hodiny rann\u00ed m\u00edstn\u00edho \u010dasu pouh\u00fdmi dv\u011bma tanky, kter\u00e9 jim z\u016fstaly, jedn\u00edm odminovac\u00edm vozidlem a 12 obrn\u011bn\u00fdmi bojov\u00fdmi vozidly s \u00fato\u010dn\u00fdmi jednotkami. Operace byla zam\u011b\u0159ena na vesnici Berdin, kter\u00e1 se nach\u00e1z\u00ed severov\u00fdchodn\u011b od m\u011bsta Sud\u017ea, uv\u00e1d\u00ed se v prohl\u00e1\u0161en\u00ed. Rusk\u00e9 d\u011blost\u0159electvo a letectvo \u201c<em>u\u0161t\u011bd\u0159ily por\u00e1\u017eku \u00fato\u010dn\u00e9 skupin\u011b ukrajinsk\u00fdch ozbrojen\u00fdch sil<\/em>,\u201d dodalo.<\/p>\n<h6><span style=\"font-size: 18pt;\">Posledn\u00ed pokus o protiofenz\u00edvu AFU v Kursk\u00e9 oblasti selhal<\/span><\/h6>\n<p>Kyjev p\u0159i ne\u00fasp\u011b\u0161n\u00e9m \u00fatoku p\u0159i\u0161el o oba tanky, o tu odminovac\u00ed jednotku a o sedm bojov\u00fdch obrn\u011bn\u00fdch vozidel, tvrd\u00ed arm\u00e1da. Zb\u00fdvaj\u00edc\u00edm 5 vozidl\u016fm se poda\u0159ilo uprchnout. \u201c<em>Operace na zni\u010den\u00ed ukrajinsk\u00fdch jednotek pokra\u010duje<\/em>,\u201d dodala. Za posledn\u00edch 24 hodin ztratil Kyjev v boj\u00edch v rusk\u00e9 Kursk\u00e9 oblasti a\u017e 340 voj\u00e1k\u016f, \u010dty\u0159i tanky, t\u0159i bojov\u00e1 vozidla p\u011bchoty, \u010dty\u0159i obrn\u011bn\u00e9 transport\u00e9ry a 12 obrn\u011bn\u00fdch bojov\u00fdch vozidel, uv\u00e1d\u00ed se v prohl\u00e1\u0161en\u00ed. Ukrajina 6. srpna zah\u00e1jila vp\u00e1d do Kursk\u00e9 oblasti, co\u017e p\u0159edstavuje nejv\u011bt\u0161\u00ed \u00fatok na mezin\u00e1rodn\u011b uzn\u00e1van\u00e9 rusk\u00e9 \u00fazem\u00ed od eskalace nep\u0159\u00e1telsk\u00fdch akc\u00ed mezi Moskvou a Kyjevem v \u00fanoru 2022.<\/p>\n<figure id=\"attachment_62249\" class=\"wp-caption aligncenter\" style=\"width: 693px;\"><a href=\"https:\/\/aeronet.news\/wp-content\/uploads\/AFU_KurskTanks.jpg\"><img decoding=\"async\" loading=\"lazy\" class=\"wp-image-62249 \" src=\"https:\/\/aeronet.news\/wp-content\/uploads\/AFU_KurskTanks-1024x727.jpg\" sizes=\"(max-width: 700px) 100vw, 700px\" srcset=\"https:\/\/aeronet.news\/wp-content\/uploads\/AFU_KurskTanks-1024x727.jpg 1024w, https:\/\/aeronet.news\/wp-content\/uploads\/AFU_KurskTanks-300x213.jpg 300w, https:\/\/aeronet.news\/wp-content\/uploads\/AFU_KurskTanks-768x545.jpg 768w, https:\/\/aeronet.news\/wp-content\/uploads\/AFU_KurskTanks-700x497.jpg 700w, https:\/\/aeronet.news\/wp-content\/uploads\/AFU_KurskTanks-503x357.jpg 503w, https:\/\/aeronet.news\/wp-content\/uploads\/AFU_KurskTanks-681x483.jpg 681w, https:\/\/aeronet.news\/wp-content\/uploads\/AFU_KurskTanks.jpg 1078w\" alt=\"\" width=\"693\" height=\"492\" \/><\/a><figcaption class=\"wp-caption-text\">Z\u00e1b\u011bry z rusk\u00e9ho dronu na optick\u00e9m vl\u00e1knu na ukrajinskou techniku v poli v Kursk\u00e9 oblasti<\/figcaption><\/figure>\n<p>Oblast pod kontrolou kyjevsk\u00fdch sil se v\u0161ak od t\u00e9 doby neust\u00e1le zmen\u0161uje, p\u0159i\u010dem\u017e tempo rusk\u00e9ho postupu se v posledn\u00edch t\u00fddnech zrychlilo.\u00a0<strong>Podle rusk\u00e9ho ministerstva obrany dos\u00e1hly celkov\u00e9 ztr\u00e1ty Kyjeva za p\u011bt m\u011bs\u00edc\u016f od zah\u00e1jen\u00ed invaze v\u00edce ne\u017e 49 000 voj\u00e1k\u016f<\/strong>, 273 tank\u016f, 209 bojov\u00fdch vozidel p\u011bchoty, 153 obrn\u011bn\u00fdch transport\u00e9r\u016f a stovky dal\u0161\u00edch kus\u016f techniky, v\u010detn\u011b 13 raketomet\u016f HIMARS dodan\u00fdch z USA. B\u011bhem sv\u00e9 tiskov\u00e9 konference na konci roku minul\u00fd m\u011bs\u00edc rusk\u00fd prezident Vladimir Putin o ukrajinsk\u00fdch jednotk\u00e1ch v Kursk\u00e9 oblasti \u0159ekl, \u017ee \u201c<em>nepochybn\u011b je vy\u017eeneme. Jin\u00e1 mo\u017enost neexistuje<\/em>.\u201d<\/p>\n<h6><span style=\"font-size: 18pt;\">Rusk\u00e9 drony na optick\u00fdch vl\u00e1knech likviduj\u00ed ukrajinskou t\u011b\u017ekou techniku jako na b\u011b\u017e\u00edc\u00edm p\u00e1su<\/span><\/h6>\n<p>Putin tak\u00e9 zd\u016fraznil, \u017ee \u201c<em>pro ukrajinsk\u00e9 ozbrojen\u00e9 s\u00edly nem\u00e1 \u017e\u00e1dn\u00fd strategick\u00fd vojensk\u00fd smysl vstupovat do Kursk\u00e9 oblasti nebo tam dr\u017eet pozice, jak to d\u011blaj\u00ed, a bezv\u00fdsledn\u011b nasazovat sv\u00e9 elitn\u00ed \u00fato\u010dn\u00e9 skupiny a jednotky<\/em>\u201c, ale \u00fa\u010del jejich dr\u017een\u00ed v prostoru je nejen podle Putina \u010dist\u011b a pouze politick\u00fd, a to ve snaze uk\u00e1zat partner\u016fm v USA a tak\u00e9 v Bruselu, \u017ee se Kyjev je\u0161t\u011b definitivn\u011b nevzdal a definitivn\u011b nepolo\u017eil. Ned\u011bln\u00ed protiofenz\u00edva v Kursk\u00e9 oblasti, kterou podpo\u0159ily dva tanky, byla pouh\u00fdm dal\u0161\u00edm potvrzen\u00edm, \u017ee AFU nyn\u00ed \u010dek\u00e1 na jedinou v\u011bc, a to je n\u00e1stup Donalda Trumpa k moci v USA, a do t\u00e9 doby se bude AFU sna\u017eit dos\u00e1hnout alespo\u0148 jednoho jedin\u00e9ho v\u00edt\u011bzstv\u00ed.<\/p>\n<figure id=\"attachment_62244\" class=\"wp-caption aligncenter\" style=\"width: 693px;\"><a href=\"https:\/\/aeronet.news\/wp-content\/uploads\/AFU_TankDrone.jpg\"><img decoding=\"async\" loading=\"lazy\" class=\"wp-image-62244 \" src=\"https:\/\/aeronet.news\/wp-content\/uploads\/AFU_TankDrone-1024x576.jpg\" sizes=\"(max-width: 700px) 100vw, 700px\" srcset=\"https:\/\/aeronet.news\/wp-content\/uploads\/AFU_TankDrone-1024x576.jpg 1024w, https:\/\/aeronet.news\/wp-content\/uploads\/AFU_TankDrone-300x169.jpg 300w, https:\/\/aeronet.news\/wp-content\/uploads\/AFU_TankDrone-768x432.jpg 768w, https:\/\/aeronet.news\/wp-content\/uploads\/AFU_TankDrone-700x394.jpg 700w, https:\/\/aeronet.news\/wp-content\/uploads\/AFU_TankDrone-635x357.jpg 635w, https:\/\/aeronet.news\/wp-content\/uploads\/AFU_TankDrone-859x483.jpg 859w, https:\/\/aeronet.news\/wp-content\/uploads\/AFU_TankDrone.jpg 1280w\" alt=\"\" width=\"693\" height=\"390\" \/><\/a><figcaption class=\"wp-caption-text\">Rusk\u00fd dron na optick\u00e9m vl\u00e1knu \u00fato\u010d\u00ed na ukrajinsk\u00fd T72-M v obci Terny v DLR<\/figcaption><\/figure>\n<p>Tento ned\u011bln\u00ed pokus ale op\u011bt nevy\u0161el. Nav\u00edc se ukazuje, \u017ee nedostatek mu\u017e\u016f u\u017e nov\u011b n\u00e1sleduje i nedostatek techniky, proto\u017ee\u00a0<strong>Ukrajinci poztr\u00e1celi v boj\u00edch v Kursk\u00e9 oblasti v\u011bt\u0161inu t\u011b\u017ek\u00e9 techniky, zejm\u00e9na tank\u016f, kter\u00e9 se staly ob\u011btmi \u00fatok\u016f rusk\u00fdch dron\u016f na optick\u00fdch vl\u00e1knech<\/strong>, co\u017e je \u00fapln\u011b nov\u00e1 a teprve ned\u00e1vno zaveden\u00e1 metoda boje, kdy d\u00edky vl\u00e1knov\u00e9mu spojen\u00ed jsou drony imunn\u00ed v\u016f\u010di radiov\u00e9mu ru\u0161en\u00ed. Vl\u00e1kna o d\u00e9lce n\u011bkolika kilometr\u016f jsou namot\u00e1na na buben a po pou\u017eit\u00ed dronu a po z\u00e1sahu c\u00edle navine elektricky poh\u00e1n\u011bn\u00fd buben p\u0159etr\u017een\u00e9 vl\u00e1kno zp\u00e1tky k rusk\u00fdm pozic\u00edm a na vl\u00e1kno se potom p\u0159ipoj\u00ed nov\u00fd dron.<\/p>\n<h6><span style=\"font-size: 18pt;\">Gener\u00e1l AFU varuje, \u017ee jakmile padne Pokrovsk, tak Rusov\u00e9 pot\u00e1hnou na Dn\u011bpropetrovsk<\/span><\/h6>\n<p>Situace ukrajinsk\u00e9 arm\u00e1dy je p\u0159itom absolutn\u011b nejhor\u0161\u00ed pr\u00e1v\u011b v z\u00e1padn\u00edm okraji Don\u011bck\u00e9 oblasti, jen pouh\u00fdch 7 km od hranic Dn\u011bpropetrovsk\u00e9 oblasti, kde Rusov\u00e9 obkli\u010duj\u00ed spr\u00e1vn\u00ed m\u011bsto Pokrovsk, jeho\u017e obkl\u00ed\u010den\u00ed pr\u00e1v\u011b te\u010f realizuje Rusk\u00e1 arm\u00e1da. A po obsazen\u00ed Pokrovska je pr\u00fd u\u017e jasn\u00e9, kam se Rusov\u00e9 vydaj\u00ed d\u00e1l. Varoval p\u0159ed t\u00edm b\u00fdval\u00fd brig\u00e1dn\u00ed velitel 53. mechanizovan\u00e9 brig\u00e1dy AFU gen. Anatolij Kozel v posledn\u00edm videocastu z podzemn\u00edho skladu munice.<\/p>\n<p>Podle Kozla bude cht\u00edt rusk\u00fd gener\u00e1ln\u00ed \u0161t\u00e1b po obsazen\u00ed Pokrovska z\u00edskat oporu na prav\u00e9m (z\u00e1pado-severn\u00edm) b\u0159ehu Dn\u011bpru, a proto je pr\u00fd pot\u0159eba okam\u017eit\u011b za\u010d\u00edt opev\u0148ovat spr\u00e1vn\u00ed m\u011bsta Cherson a Z\u00e1poro\u017e\u00ed. Jen\u017ee krom\u011b toho pr\u00fd hroz\u00ed n\u011bco daleko hor\u0161\u00edho, a to pokra\u010dov\u00e1n\u00ed Rusk\u00e9 arm\u00e1dy od Pokrovsku sm\u011brem na z\u00e1pad do Dn\u011bpropetrovsk\u00e9 oblasti, kter\u00e1 le\u017e\u00ed jen p\u00e1r kilometr\u016f z\u00e1padn\u011b od Pokrovsku. A c\u00edlem tohoto ta\u017een\u00ed bude m\u011bsto Dn\u011bpropetrovsk (<em>ukrajinsky Dnipro<\/em>).<\/p>\n<p>&nbsp;<\/p>\n<div id=\"rumble_v63ywh4\">\n<div id=\"vid_v63ywh4\" class=\"rumble_v63ywh4-Rumble-cls\" tabindex=\"-1\">\n<div class=\"bigPlayUI ctp\"><div class='videoWrapper'>\r\n\t            <iframe src='https:\/\/rumble.com\/embed\/pj.v63ywh4\/' frameborder='0' allowfullscreen><\/iframe>\r\n\t        <\/div><\/p>\n<div class=\"bigPlayUIInner ctp\"><\/div>\n<\/div>\n<\/div>\n<\/div>\n<p>&nbsp;<\/p>\n<p>Podle gen. Kozla se mus\u00ed tud\u00ed\u017e Dnipro a dal\u0161\u00ed m\u011bsta za\u010d\u00edt opev\u0148ovat stejn\u011b jako Berl\u00edn v letech 1944 a 45 anebo jako Moskvu v roce 1941.\u00a0<strong>Probl\u00e9m je ale v tom, \u017ee Ukrajina postr\u00e1d\u00e1 voj\u00e1ky, postr\u00e1d\u00e1 techniku a postr\u00e1d\u00e1 hlavn\u011b pen\u00edze na tak obrovsk\u00e9 opev\u0148ovac\u00ed pr\u00e1ce.<\/strong>\u00a0Daleko men\u0161\u00ed m\u011bsto Pokrovsk bylo opev\u0148ov\u00e1no od roku 2014 n\u011bkolikan\u00e1sobn\u00fdmi liniemi, jejich\u017e \u010delo bylo na dohled a\u017e z okrajov\u00fdch bytovek ve v\u00fdchodn\u00edch \u010dtvrt\u00edch Don\u011bcku, ale stejn\u011b to postupu rusk\u00fdch vojsk nezabr\u00e1nilo.<\/p>\n<p>Vybudov\u00e1n\u00ed \u00fapln\u011b nov\u00fdch opevn\u011bn\u00ed v t\u011bch m\u011bstech Ukrajiny, kde se fronta nikdy ne\u010dekala, je proto naprosto vylou\u010deno. Rusov\u00e9 se prost\u011b vrhnou z Pokrovsku rovnou na Dnipro. A je jasn\u00e9, \u017ee Ukrajinci to u\u017e tu\u0161\u00ed a to varov\u00e1n\u00ed gener\u00e1la Kozla to potvrzuje.<\/p>\n<h6><span style=\"font-size: 18pt;\">N\u011bmeck\u00fd novin\u00e1\u0159 p\u0159edpov\u00edd\u00e1 por\u00e1\u017eku Kyjeva i kolektivn\u00edho Z\u00e1padu<\/span><\/h6>\n<p>A podobn\u011b to tu\u0161\u00ed i n\u011bmeck\u00fd novin\u00e1\u0159 a spisovatel Patrik Baab, kter\u00fd se dostal v N\u011bmecku do nemilosti pot\u00e9, co souhlasil se svou \u00fa\u010dast\u00ed jako volebn\u00ed pozorovatel v referendech v DLR, LLR, v Chersonu a v Z\u00e1poro\u017e\u00ed v roce 2022 o p\u0159ipojen\u00ed k Rusk\u00e9 federaci. Dokonce ho za to vyhodili ze \u0161koly, kde u\u010dil, ale soud nakonec v roce 2023 jeho vyhazov zru\u0161il jako neopodstatn\u011bn\u00fd. Jednalo se de facto o zrcadlovou kauzu jako v \u010cR, kde rovn\u011b\u017e do\u0161lo k vyhazovu u\u010ditelky ze \u0161koly kv\u016fli informac\u00edm o Ukrajin\u011b, kter\u00e9 nezapadly do propagandistick\u00e9ho r\u00e1mce Fialovy junty.<\/p>\n<p>&nbsp;<\/p>\n<div id=\"rumble_v63ytuj\">\n<div id=\"vid_v63ytuj\" class=\"rumble_v63ytuj-Rumble-cls\" tabindex=\"-1\">\n<div class=\"bigPlayUI ctp\"><div class='videoWrapper'>\r\n\t            <iframe src='https:\/\/rumble.com\/embed\/pj.v63ytuj\/' frameborder='0' allowfullscreen><\/iframe>\r\n\t        <\/div><\/p>\n<div class=\"bigPlayUIInner ctp\"><\/div>\n<\/div>\n<\/div>\n<\/div>\n<p>&nbsp;<\/p>\n<p>Kauza u\u010ditelky Martiny Bedn\u00e1\u0159ov\u00e9 je de facto kopi\u00ed kauzy Patrika Baaba tady v N\u011bmecku. Na rozd\u00edl od Baaba ale soud v \u010cesku v\u00fdpov\u011b\u010f u\u010ditelky Bedn\u00e1\u0159ov\u00e9 nezru\u0161il, proto\u017ee pr\u00fd t\u00edm, kdy\u017e \u0159ekla fakta o Kyjevu, \u017ee tam \u017e\u00e1dn\u00e9 zn\u00e1mky v\u00e1lky nejsou, tak t\u00edm pr\u00fd poru\u0161ila \u0161kolsk\u00fd z\u00e1kon.<\/p>\n<p>Patrik Baab v posledn\u00edm rozhovoru uvedl, \u017ee Zelensk\u00e9mu se nepovede navr\u00e1tit Rusy obsazen\u00e1 \u00fazem\u00ed, proto\u017ee neexistuje \u017e\u00e1dn\u00fd vojensk\u00fd pl\u00e1n na v\u00edt\u011bzstv\u00ed, neexistuje cesta, jak by bylo mo\u017en\u00e9 Ruskou arm\u00e1du za sou\u010dasn\u00e9ho stavu a situace porazit, proto\u017ee Ukrajina nem\u00e1 lidi, nem\u00e1 dostatek zbran\u00ed a ani pen\u011bz. Podle jeho n\u00e1zoru p\u016fjde nejen o por\u00e1\u017eku Ukrajiny, ale p\u0159edev\u0161\u00edm o por\u00e1\u017eku kolektivn\u00edho Z\u00e1padu a p\u0159edev\u0161\u00edm americk\u00e9 hegemonie ve sv\u011bt\u011b reprezentovan\u00e9 americk\u00fdm trhem v obecn\u00e9 rovin\u011b, tedy syst\u00e9mem Pax Americana.<\/p>\n<h6><span style=\"font-size: 18pt;\">Faktor \u010dasu je hlavn\u00ed ruskou zbran\u00ed hromadn\u00e9ho ni\u010den\u00ed zem\u00ed KoZa<\/span><\/h6>\n<p>Rusov\u00e9 podle n\u011bho nikam neposp\u00edchaj\u00ed, proto\u017ee do boje zahrnuj\u00ed faktor \u010dasu a destrukci kolektivn\u00edho Z\u00e1padu v d\u016fsledku plynut\u00ed \u010dasu p\u0159i odpojen\u00ed Z\u00e1padu od rusk\u00fdch surovin. Tak nap\u0159.\u00a0<strong>\u010desk\u00e9 dom\u00e1cnosti v p\u0159epo\u010dtu na paritu kupn\u00ed s\u00edly (PPS) plat\u00ed nejv\u00edce pen\u011bz za elekt\u0159inu v Evrop\u011b<\/strong>, a to pr\u00e1v\u011b te\u010f v dob\u00e1ch Fialovy junty, a to i p\u0159esto, \u017ee \u010cR je nejv\u011bt\u0161\u00edm export\u00e9rem elektrick\u00e9 energie v p\u0159epo\u010dtu na hlavu v Evrop\u011b\u00a0<strong>[<a href=\"https:\/\/href.li\/?https:\/\/zpravy.kurzy.cz\/795708-cena-elektriny-pro-ceske-domacnosti-dramaticky-narusta-prestoze-je-cesko-jejim-velkym-vyvozcem\/\" target=\"_blank\" rel=\"nofollow noopener\">4<\/a>]<\/strong>.<\/p>\n<p>Tento zlo\u010din souvis\u00ed s procesy tzv. energetick\u00e9 mafie, kter\u00e1 ovl\u00e1d\u00e1 fialovou bandu, jsou to z\u00e1jmy americk\u00fdch mafi\u00e1n\u016f napojen\u00fdch na energetick\u00e9 gangy v minoritn\u00edm portfoliu \u010cEZu jako\u017eto v polost\u00e1tn\u00ed spole\u010dnosti unesen\u00e9 na Lipskou burzu. Dokud Rusov\u00e9 dod\u00e1vali do EU plyn a ropu za levn\u00e9 pen\u00edze, dr\u017eely se ceny elekt\u0159iny n\u00edzko, proto\u017ee cel\u00fd pr\u016fmysl EU jel na levn\u00fd plyn.<\/p>\n<figure id=\"attachment_62250\" class=\"wp-caption aligncenter\" style=\"width: 786px;\"><a href=\"https:\/\/aeronet.news\/wp-content\/uploads\/ElectricityPriceEU.jpg\"><img decoding=\"async\" loading=\"lazy\" class=\"wp-image-62250 \" src=\"https:\/\/aeronet.news\/wp-content\/uploads\/ElectricityPriceEU.jpg\" sizes=\"(max-width: 1200px) 100vw, 1200px\" srcset=\"https:\/\/aeronet.news\/wp-content\/uploads\/ElectricityPriceEU.jpg 1200w, https:\/\/aeronet.news\/wp-content\/uploads\/ElectricityPriceEU-300x286.jpg 300w, https:\/\/aeronet.news\/wp-content\/uploads\/ElectricityPriceEU-768x733.jpg 768w, https:\/\/aeronet.news\/wp-content\/uploads\/ElectricityPriceEU-1024x977.jpg 1024w, https:\/\/aeronet.news\/wp-content\/uploads\/ElectricityPriceEU-700x668.jpg 700w, https:\/\/aeronet.news\/wp-content\/uploads\/ElectricityPriceEU-374x357.jpg 374w, https:\/\/aeronet.news\/wp-content\/uploads\/ElectricityPriceEU-506x483.jpg 506w\" alt=\"\" width=\"786\" height=\"750\" \/><\/a><figcaption class=\"wp-caption-text\">Cena elekt\u0159iny v p\u0159epo\u010dtu na paritu kupn\u00ed s\u00edly (PPS) v Evrop\u011b. Nejdra\u017e\u0161\u00ed je elekt\u0159ina v EU pro \u010cechy<\/figcaption><\/figure>\n<p>Po od\u0159\u00edznut\u00ed od rusk\u00e9ho plynu za\u010daly podniky v EU p\u0159ech\u00e1zet na elekt\u0159inu, p\u0159i\u010dem\u017e nejv\u00edce na tom profituj\u00ed \u010desk\u00e9 elektr\u00e1rny, kter\u00e9 masivn\u011b prod\u00e1vaj\u00ed elekt\u0159inu v Lipsku za nek\u0159es\u0165ansk\u00e9 pen\u00edze sem n\u011bmeck\u00fdm podnik\u016fm, kter\u00e9 hore\u010dn\u011b za\u010daly p\u0159ech\u00e1zet z drah\u00e9ho americk\u00e9ho LNG plynu na elekt\u0159inu z \u010cR. To je cel\u00e1 z\u00e1hada.\u00a0<strong>A proto nechce Fialova vl\u00e1da vykoupit soukrom\u00e9 pod\u00edly v \u010cEZu a zn\u00e1rodnit ten podnik, proto\u017ee tihle mafi\u00e1ni by t\u00edm okam\u017eikem p\u0159i\u0161li o zlat\u00e9 tele<\/strong>, kter\u00e9 sype poh\u00e1dkov\u00e9 v\u00fdnosy, ov\u0161em z kapes tup\u00fdch \u010desk\u00fdch voli\u010d\u016f.<\/p>\n<p>Pod\u00edly ze zisk\u016f z prodej\u016f elekt\u0159iny, zapomenut\u00e9 miliony v kampeli\u010dk\u00e1ch, zapomenut\u00e9 \u00fa\u010dty na Kypru, dozimetry, prost\u011b sd\u00edr\u00e1n\u00ed \u010desk\u00fdch dom\u00e1cnost\u00ed z k\u016f\u017ee na cen\u00e1ch elekt\u0159iny skupinami gr\u00e1zl\u016f je jist\u00fd zdroj p\u0159\u00edjm\u016f jak pro americk\u00e9 mafi\u00e1ny, tak pro jejich\u00a0<em>dohazova\u010de<\/em>\u00a0z okruhu kampeli\u010dk\u00e1\u0159\u016f fialov\u00e9 bandy. Takov\u00e1 je realita. O\u0161kuban\u00e1 Ukrajina je nic v porovn\u00e1n\u00ed s t\u00edm, jak je o\u0161kuban\u00e1 od fialov\u00e9 ch\u00e1try \u010desk\u00e1 rodina a dom\u00e1cnost po 3 letech jejich hr\u016fzovl\u00e1dy.<\/p>\n<p><a href=\"https:\/\/aeronet.news\/ruska-armada-rozdrtila-pokus-o-protiofenzivu-afu-v-kurske-oblasti-a-na-donbasu-stoji-rusti-vojaci-7-km-od-hranic-dnepropetrovske-oblasti-byvaly-velitel-53-brigady-afu-bije-na-poplach\/\">-VK-<\/a><\/p>\n<p>&nbsp;<\/p>\n","protected":false},"excerpt":{"rendered":"<p>Rusk\u00e1 arm\u00e1da rozdrtila pokus o protiofenz\u00edvu AFU v Kursk\u00e9 oblasti a na Donbasu stoj\u00ed ru\u0161t\u00ed&#8230;<\/p>\n","protected":false},"author":2,"featured_media":69617,"comment_status":"closed","ping_status":"closed","sticky":false,"template":"","format":"standard","meta":[],"categories":[6],"tags":[1042,1917,3133,22,26],"_links":{"self":[{"href":"https:\/\/www.infokuryr.cz\/n\/wp-json\/wp\/v2\/posts\/69616"}],"collection":[{"href":"https:\/\/www.infokuryr.cz\/n\/wp-json\/wp\/v2\/posts"}],"about":[{"href":"https:\/\/www.infokuryr.cz\/n\/wp-json\/wp\/v2\/types\/post"}],"author":[{"embeddable":true,"href":"https:\/\/www.infokuryr.cz\/n\/wp-json\/wp\/v2\/users\/2"}],"replies":[{"embeddable":true,"href":"https:\/\/www.infokuryr.cz\/n\/wp-json\/wp\/v2\/comments?post=69616"}],"version-history":[{"count":0,"href":"https:\/\/www.infokuryr.cz\/n\/wp-json\/wp\/v2\/posts\/69616\/revisions"}],"wp:featuredmedia":[{"embeddable":true,"href":"https:\/\/www.infokuryr.cz\/n\/wp-json\/wp\/v2\/media\/69617"}],"wp:attachment":[{"href":"https:\/\/www.infokuryr.cz\/n\/wp-json\/wp\/v2\/media?parent=69616"}],"wp:term":[{"taxonomy":"category","embeddable":true,"href":"https:\/\/www.infokuryr.cz\/n\/wp-json\/wp\/v2\/categories?post=69616"},{"taxonomy":"post_tag","embeddable":true,"href":"https:\/\/www.infokuryr.cz\/n\/wp-json\/wp\/v2\/tags?post=69616"}],"curies":[{"name":"wp","href":"https:\/\/api.w.org\/{rel}","templated":true}]}}