{"id":69571,"date":"2025-01-06T00:35:20","date_gmt":"2025-01-05T23:35:20","guid":{"rendered":"https:\/\/www.infokuryr.cz\/n\/?p=69571"},"modified":"2025-01-05T15:08:03","modified_gmt":"2025-01-05T14:08:03","slug":"otevreny-dopis-nemecko-musi-prestat-podporovat-vyhlazeni-palestincu","status":"publish","type":"post","link":"https:\/\/www.infokuryr.cz\/n\/2025\/01\/06\/otevreny-dopis-nemecko-musi-prestat-podporovat-vyhlazeni-palestincu\/","title":{"rendered":"Otev\u0159en\u00fd dopis: N\u011bmecko mus\u00ed p\u0159estat podporovat vyhlazen\u00ed Palestinc\u016f"},"content":{"rendered":"<div id=\"fb-root\"><\/div>\n<p><span style=\"font-size: 14pt;\"><strong>N\u011bmecko se ji\u017e v\u00edce ne\u017e rok aktivn\u011b pod\u00edl\u00ed na zab\u00edjen\u00ed a dehumanizaci Palestinc\u016f poskytov\u00e1n\u00edm politick\u00e9, finan\u010dn\u00ed, vojensk\u00e9 a pr\u00e1vn\u00ed podpory Izraeli. Spolu\u00fa\u010dast N\u011bmecka na izraelsk\u00fdch zv\u011brstvech se mus\u00ed zastavit.<\/strong><\/span><\/p>\n<p class=\"has-background\"><em>Dne 20. prosince 2024 byla ti\u0161t\u011bn\u00e1 verze tohoto dopisu se 4 600 podpisy doru\u010dena n\u011bmeck\u00e9mu kancl\u00e9\u0159i Olafovi Scholzovi, vicekancl\u00e9\u0159i Robertu Habeckovi a ministryni zahrani\u010d\u00ed Annelen\u011b Baerbockov\u00e9. Dopis je st\u00e1le otev\u0159en\u00fd k podpisu, k podpisu pros\u00edm nav\u0161tivte\u00a0<a href=\"https:\/\/docs.google.com\/forms\/d\/e\/1FAIpQLSevHkL5W5XT5dggM_RkWPi9jXc4AtHE4SwTHstQqQI85YVuMg\/viewform\">zde<\/a>\u00a0.<\/em><\/p>\n<h2 class=\"wp-block-heading\"><span style=\"font-size: 18pt;\"><strong>Otev\u0159en\u00fd dopis adresovan\u00fd spolkov\u00e9 vl\u00e1d\u011b N\u011bmecka<\/strong><\/span><\/h2>\n<p><span>S maxim\u00e1ln\u00ed hr\u016fzou vid\u00edme rozv\u00edjej\u00edc\u00ed se genocidu sp\u00e1chanou Izraelem na palestinsk\u00e9m lidu. Jsme hluboce znepokojeni. C\u00edt\u00edme bolest a jsme pobou\u0159eni tv\u00e1\u0159\u00ed v tv\u00e1\u0159 t\u00e9to nehor\u00e1zn\u00e9 lhostejnosti k \u017eivotu \u2013 lhostejnost, kterou tato n\u011bmeck\u00e1 vl\u00e1da o\u010dek\u00e1v\u00e1, \u017ee ji p\u0159ijmeme jako nutnou a norm\u00e1ln\u00ed. N\u011bmeck\u00e1 vl\u00e1da se ji\u017e v\u00edce ne\u017e rok aktivn\u011b pod\u00edl\u00ed na zab\u00edjen\u00ed a dehumanizaci Palestinc\u016f poskytov\u00e1n\u00edm politick\u00e9, finan\u010dn\u00ed, vojensk\u00e9 a pr\u00e1vn\u00ed podpory Izraeli. Spolu\u00fa\u010dast N\u011bmecka na izraelsk\u00fdch zv\u011brstvech se mus\u00ed zastavit.<\/span><\/p>\n<p><span>My, n\u00ed\u017ee podepsan\u00ed, \u017e\u00e1d\u00e1me n\u011bmeckou vl\u00e1du, aby st\u00e1la neochv\u011bjn\u011b na stran\u011b spravedlnosti a mezin\u00e1rodn\u00edho pr\u00e1va; vyv\u00edjet tlak na Izrael, aby okam\u017eit\u011b ukon\u010dil zab\u00edjen\u00ed, mrza\u010den\u00ed a ni\u010den\u00ed palestinsk\u00e9ho \u017eivota; a komplexn\u011b p\u0159ehodnotit sv\u016fj postoj a politick\u00e9 aktivity s ohledem na n\u011bmeck\u00e9 st\u00e1tn\u00ed instituce, politick\u00e9 strany a politici z v\u011bt\u0161\u00ed \u010d\u00e1sti podporovali zv\u011brstva p\u00e1chan\u00e1 izraelskou arm\u00e1dou.<\/span><\/p>\n<p><span>Zv\u011brstva Izraele, v\u010detn\u011b v\u00e1le\u010dn\u00fdch zlo\u010din\u016f a zlo\u010din\u016f proti lidskosti, jsou dob\u0159e zdokumentov\u00e1ny OSN a hlavn\u00edmi organizacemi pro lidsk\u00e1 pr\u00e1va. Mezin\u00e1rodn\u00ed soudn\u00ed dv\u016fr (ICJ) ve skute\u010dnosti zjistil, \u017ee existuje re\u00e1ln\u00e9 a bezprost\u0159edn\u00ed riziko, \u017ee by izraelsk\u00e9 akce v Gaze mohly v\u00e9st ke genocid\u011b.\u00a0<\/span><sup class=\"fn\" data-fn=\"db0f934b-173f-4367-8f19-a2d138fd56d0\"><a id=\"db0f934b-173f-4367-8f19-a2d138fd56d0-link\" href=\"https:\/\/mondoweiss.net\/2025\/01\/open-letter-germany-must-stop-supporting-the-annihilation-of-palestinians\/#db0f934b-173f-4367-8f19-a2d138fd56d0\"><span>1<\/span><\/a><\/sup><span>\u00a0Ofici\u00e1ln\u00ed po\u010det ob\u011bt\u00ed Palestinc\u016f v Gaze je 42 718, p\u0159i\u010dem\u017e mnoz\u00ed jsou st\u00e1le poh\u0159beni pod troskami a mnoho dal\u0161\u00edch um\u00edr\u00e1 na \u0161\u00ed\u0159en\u00ed nemoc\u00ed, kter\u00fdm lze p\u0159edej\u00edt.\u00a0<\/span><sup class=\"fn\" data-fn=\"26700057-da08-4892-b6a6-485c40f6e466\"><a id=\"26700057-da08-4892-b6a6-485c40f6e466-link\" href=\"https:\/\/mondoweiss.net\/2025\/01\/open-letter-germany-must-stop-supporting-the-annihilation-of-palestinians\/#26700057-da08-4892-b6a6-485c40f6e466\"><span>2<\/span><\/a><\/sup><span>\u00a0Des\u00edtky tis\u00edc byly zran\u011bny, mnoho z nich bylo do\u017eivotn\u011b posti\u017eeno, v\u010detn\u011b tis\u00edc\u016f d\u011bt\u00ed, kter\u00e9 p\u0159i\u0161ly o jednu nebo v\u00edce kon\u010detin.\u00a0<\/span><sup class=\"fn\" data-fn=\"816d7b70-3ab9-4693-baa2-d61e067e9334\"><a id=\"816d7b70-3ab9-4693-baa2-d61e067e9334-link\" href=\"https:\/\/mondoweiss.net\/2025\/01\/open-letter-germany-must-stop-supporting-the-annihilation-of-palestinians\/#816d7b70-3ab9-4693-baa2-d61e067e9334\"><span>3<\/span><\/a><\/sup><span>\u00a0Izrael vyhladov\u011bl obyvatelstvo, srovnal se zem\u00ed cel\u00e9 \u010dtvrti a zni\u010dil ve\u0161kerou \u017eivotn\u011b d\u016fle\u017eitou infrastrukturu, v\u010detn\u011b produkce potravin, zdravotnictv\u00ed a vzd\u011bl\u00e1vac\u00edch syst\u00e9m\u016f.\u00a0<\/span><sup class=\"fn\" data-fn=\"69437369-b197-4def-969a-78dbc288587a\"><a id=\"69437369-b197-4def-969a-78dbc288587a-link\" href=\"https:\/\/mondoweiss.net\/2025\/01\/open-letter-germany-must-stop-supporting-the-annihilation-of-palestinians\/#69437369-b197-4def-969a-78dbc288587a\"><span>4<\/span><\/a><\/sup><span>\u00a0Izraelsk\u00e1 arm\u00e1da vys\u00eddlila drtivou v\u011bt\u0161inu obyvatel Gazy a pro ty, kdo prchaj\u00ed, nen\u00ed \u017e\u00e1dn\u00e9 bezpe\u010dn\u00e9 m\u00edsto, kam by se mohli vydat, proto\u017ee arm\u00e1da pravideln\u011b bombarduje m\u00edsta, kter\u00e1 prohla\u0161uje za bezpe\u010dn\u00e9 z\u00f3ny.\u00a0<\/span><sup class=\"fn\" data-fn=\"41182be1-fbfa-439d-8613-313427048f7b\"><a id=\"41182be1-fbfa-439d-8613-313427048f7b-link\" href=\"https:\/\/mondoweiss.net\/2025\/01\/open-letter-germany-must-stop-supporting-the-annihilation-of-palestinians\/#41182be1-fbfa-439d-8613-313427048f7b\"><span>5<\/span><\/a><\/sup><span>\u00a0Od za\u010d\u00e1tku \u0159\u00edjna 2024 Izrael zcela obl\u00e9h\u00e1 severn\u00ed Gazu a znemo\u017enil lidsk\u00fd \u017eivot zjevn\u00fdm pl\u00e1nem trval\u00e9ho vyhn\u00e1n\u00ed palestinsk\u00e9ho obyvatelstva.\u00a0<\/span><sup class=\"fn\" data-fn=\"12abed20-e42c-435b-b546-d1f7c4b0ebdf\"><a id=\"12abed20-e42c-435b-b546-d1f7c4b0ebdf-link\" href=\"https:\/\/mondoweiss.net\/2025\/01\/open-letter-germany-must-stop-supporting-the-annihilation-of-palestinians\/#12abed20-e42c-435b-b546-d1f7c4b0ebdf\"><span>6<\/span><\/a><\/sup><span>\u00a0Na Z\u00e1padn\u00edm b\u0159ehu zes\u00edlili izrael\u0161t\u00ed osadn\u00edci sv\u00e9 \u00fatoky, \u010dasto pod ochranou izraelsk\u00e9 arm\u00e1dy, a ni\u010dili palestinskou p\u016fdu a majetek. Izrael\u0161t\u00ed voj\u00e1ci a v n\u011bkolika p\u0159\u00edpadech osadn\u00edci zabili od 7. \u0159\u00edjna 2023 v\u00edce ne\u017e 700 Palestinc\u016f.\u00a0<\/span><sup class=\"fn\" data-fn=\"ef163cd7-ecb2-43fd-abc7-1ba0d40e626e\"><a id=\"ef163cd7-ecb2-43fd-abc7-1ba0d40e626e-link\" href=\"https:\/\/mondoweiss.net\/2025\/01\/open-letter-germany-must-stop-supporting-the-annihilation-of-palestinians\/#ef163cd7-ecb2-43fd-abc7-1ba0d40e626e\"><span>7<\/span><\/a><\/sup><span>\u00a0Izraelsk\u00e1 arm\u00e1da tak\u00e9 pravideln\u011b prov\u00e1d\u00ed rozs\u00e1hl\u00e9 vojensk\u00e9 n\u00e1jezdy, ni\u010d\u00ed domy a ni\u010d\u00ed \u017eivotn\u011b d\u016fle\u017eit\u00e1 zdravotnick\u00e1 za\u0159\u00edzen\u00ed, silni\u010dn\u00ed infrastrukturu, elektrick\u00e9 s\u00edt\u011b a vodu. z\u00e1soby.\u00a0<\/span><sup class=\"fn\" data-fn=\"ff93d88d-3103-4686-8aa6-adf4b5eebd2b\"><a id=\"ff93d88d-3103-4686-8aa6-adf4b5eebd2b-link\" href=\"https:\/\/mondoweiss.net\/2025\/01\/open-letter-germany-must-stop-supporting-the-annihilation-of-palestinians\/#ff93d88d-3103-4686-8aa6-adf4b5eebd2b\"><span>8<\/span><\/a><\/sup><span>\u00a0Ned\u00e1vn\u00e1 izraelsk\u00e1 invaze do Libanonu sleduje podobnou logiku a riskuje dal\u0161\u00ed eskalaci prob\u00edhaj\u00edc\u00ed region\u00e1ln\u00ed v\u00e1lky.<\/span><\/p>\n<p><span>Izraelsk\u00e1 zv\u011brstva mus\u00ed b\u00fdt okam\u017eit\u011b zastavena mezin\u00e1rodn\u00edm tlakem a sankcemi. Po\u017eadujeme proto, aby n\u011bmeck\u00e1 vl\u00e1da u\u010dinila sv\u016fj d\u00edl t\u00edm, \u017ee p\u0159ijala okam\u017eit\u00e1 opat\u0159en\u00ed ve sv\u011btle prozat\u00edmn\u00edch opat\u0159en\u00ed na\u0159\u00edzen\u00fdch ICJ v p\u0159\u00edpadu Ji\u017en\u00ed Afrika v. Izrael v\u00a0<\/span><a href=\"https:\/\/www.icj-cij.org\/sites\/default\/files\/case-related\/192\/192-20240126-sum-01-00-en.pdf\"><span>lednu<\/span><\/a><span>\u00a0,\u00a0<\/span><a href=\"https:\/\/www.icj-cij.org\/sites\/default\/files\/case-related\/192\/192-20240328-ord-01-00-en.pdf\"><span>b\u0159eznu<\/span><\/a><span>\u00a0a\u00a0<\/span><a href=\"https:\/\/www.icj-cij.org\/sites\/default\/files\/case-related\/192\/192-20240524-pre-01-00-en.pdf\"><span>kv\u011btnu<\/span><\/a><span>\u00a0tohoto roku a aby respektovala poradn\u00ed stanovisko ICJ kter\u00e1 v \u010dervenci prohl\u00e1sila izraelskou okupaci palestinsk\u00e9ho \u00fazem\u00ed za nez\u00e1konnou. D\u00e1le vyz\u00fdv\u00e1me n\u011bmeckou vl\u00e1du, aby se \u0159\u00eddila doporu\u010den\u00edmi rezoluce Valn\u00e9ho shrom\u00e1\u017ed\u011bn\u00ed Organizace spojen\u00fdch n\u00e1rod\u016f (OSN) o poradn\u00edm stanovisku ICJ.\u00a0<\/span><a href=\"https:\/\/www.ohchr.org\/en\/statements\/2024\/09\/un-experts-warn-international-order-knifes-edge-urge-states-comply-icj-advisory\"><span>Experti OSN<\/span><\/a><span>\u00a0konkr\u00e9tn\u011b po\u017eadovali, aby st\u00e1ty: p\u0159ezkoumaly ve\u0161ker\u00e9 diplomatick\u00e9, politick\u00e9 a ekonomick\u00e9 interakce s Izraelem; uvalit \u00fapln\u00e9 zbrojn\u00ed embargo; a zru\u0161it nebo pozastavit hospod\u00e1\u0159sk\u00e9 vztahy, obchodn\u00ed dohody a akademick\u00e9 vztahy s Izraelem, kter\u00e9 mohou p\u0159isp\u011bt k jeho nez\u00e1konn\u00e9 p\u0159\u00edtomnosti a re\u017eimu apartheidu na okupovan\u00e9m palestinsk\u00e9m \u00fazem\u00ed.\u00a0<\/span><sup class=\"fn\" data-fn=\"b19f25b6-eb67-44af-8fb9-265d8d412687\"><a id=\"b19f25b6-eb67-44af-8fb9-265d8d412687-link\" href=\"https:\/\/mondoweiss.net\/2025\/01\/open-letter-germany-must-stop-supporting-the-annihilation-of-palestinians\/#b19f25b6-eb67-44af-8fb9-265d8d412687\"><span>9<\/span><\/a><\/sup><\/p>\n<p><strong><span>Jako signat\u00e1\u0159 \u00damluvy OSN o zabr\u00e1n\u011bn\u00ed a potrest\u00e1n\u00ed genocidy a \u0158\u00edmsk\u00e9ho statutu m\u00e1 N\u011bmecko historickou, etickou, pr\u00e1vn\u00ed a politickou povinnost nep\u00e1chat, nenapom\u00e1hat a podporovat krut\u00e9 zlo\u010diny, kter\u00e9 tyto smlouvy zakazuj\u00ed. \u017d\u00e1d\u00e1me proto N\u011bmecko, aby \u00fa\u010dinn\u011b a okam\u017eit\u011b zastavilo svou spolu\u00fa\u010dast na krut\u00fdch zlo\u010dinech sp\u00e1chan\u00fdch Izraelem v Palestin\u011b!<\/span><\/strong><\/p>\n<p><em><span>27. \u0159\u00edjna 2024<\/span><\/em><\/p>\n<p><a href=\"https:\/\/drive.google.com\/file\/d\/1sAtEstiz5Nc4wQDNyyjiRS9d2U1dvEuv\/view?usp=sharing\"><span>N\u011bmeck\u00e1 verze otev\u0159en\u00e9ho dopisu<\/span><\/a><\/p>\n<p><strong><span>Pozn\u00e1mky<\/span><\/strong><\/p>\n<ol class=\"wp-block-footnotes has-small-font-size\">\n<li id=\"db0f934b-173f-4367-8f19-a2d138fd56d0\"><span>Ve sv\u011btle dostupn\u00fdch d\u016fkaz\u016f o v\u00e1le\u010dn\u00fdch zlo\u010dinech a zlo\u010dinech proti lidskosti po\u017e\u00e1dal \u017ealobce ICC o vyd\u00e1n\u00ed zatyka\u010de na premi\u00e9ra Benjamina Netanjahua a ministra obrany Yoava Gallanta. K ot\u00e1zce genocidy, v\u011bdc\u016f o holocaustu a genocid\u011b a mezin\u00e1rodn\u00edch pr\u00e1vn\u00edk\u016f \u2013 p\u0159\u00edklady zahrnuj\u00ed Lemkin\u016fv institut pro prevenci genocidy a lidskou bezpe\u010dnost (prohl\u00e1\u0161en\u00ed), zpr\u00e1va Anatomie genocidy od zvl\u00e1\u0161tn\u00edho zpravodaje OSN Francesca Albanese a University Network for Human Pr\u00e1va (zpr\u00e1va) \u2013 dosp\u011bli k z\u00e1v\u011bru, \u017ee sou\u010dasn\u00fd n\u00e1por Palestiny se rovn\u00e1 genocid\u011b. Forenzn\u00ed architektura publikovala v \u0159\u00edjnu Kartografii genocidy, kter\u00e1 dokumentuje, \u017ee chov\u00e1n\u00ed Izraele v Gaze \u201eje organizovan\u00e9, systematick\u00e9 a m\u00e1 za c\u00edl zni\u010dit podm\u00ednky \u017eivota a infrastrukturu udr\u017euj\u00edc\u00ed \u017eivot\u201c. R\u016fzn\u00e1 prohl\u00e1\u0161en\u00ed varovala p\u0159ed rizikem genocidy, jako je prohl\u00e1\u0161en\u00ed v\u00edce ne\u017e 55 v\u00fdzkumn\u00edk\u016f holocaustu a genocidy o \u201eMasov\u00e9m n\u00e1sil\u00ed v Izraeli a Palestin\u011b\u201c z 9. prosince 2023. Mezit\u00edm Mezin\u00e1rodn\u00ed soudn\u00ed dv\u016fr (ICJ) neu\u010dinil kone\u010dn\u00fd pr\u00e1vn\u00ed z\u00e1v\u011br. V lednu 2024, po pod\u00e1n\u00ed \u017e\u00e1dosti Jihoafrick\u00e9 republiky u ICJ, ICJ rozhodl, \u017ee jsou nezbytn\u00e1 do\u010dasn\u00e1 opat\u0159en\u00ed, aby se zabr\u00e1nilo\u00a0<\/span><em><span>pravd\u011bpodobn\u00e9 genocid\u011b<\/span><\/em><span>\u00a0v Gaze. St\u00e1ty maj\u00ed povinnost zabr\u00e1nit genocid\u00e1m. Pro definitivn\u00ed ur\u010den\u00ed, \u017ee prob\u00edh\u00e1 genocida, nen\u00ed nutn\u00e9. Jak rozhodl ICJ ve v\u011bci Bosna a Hercegovina proti Srbsku a \u010cern\u00e9 Ho\u0159e, \u201epovinnost st\u00e1tu zabr\u00e1nit a odpov\u00eddaj\u00edc\u00ed povinnost jednat vznik\u00e1 v okam\u017eiku, kdy se st\u00e1t dozv\u00ed, nebo by se norm\u00e1ln\u011b m\u011bl dozv\u011bd\u011bt o existenci z\u00e1va\u017en\u00e9 riskovat, \u017ee bude sp\u00e1ch\u00e1na genocida.&#8220; Dal\u0161\u00ed d\u016fkazy o genocidn\u00edm z\u00e1m\u011bru poskytla Jihoafrick\u00e1 republika v kv\u011btnu 2024. V dubnu 2024 600 st\u00e1tn\u00edch zam\u011bstnanc\u016f z r\u016fzn\u00fdch n\u011bmeck\u00fdch ministerstev v otev\u0159en\u00e9m dopise prohl\u00e1silo, \u017ee \u201eIzrael p\u00e1ch\u00e1 v Gaze zlo\u010diny, kter\u00e9 jsou v jasn\u00e9m rozporu s mezin\u00e1rodn\u00edm pr\u00e1vem, a tedy i N\u011bmeck\u00e1 \u00fastava, kterou jsme jako feder\u00e1ln\u00ed st\u00e1tn\u00ed \u00fa\u0159edn\u00edci a st\u00e1tn\u00ed zam\u011bstnanci v\u00e1z\u00e1ni.\u00a0\u00a0<\/span><a href=\"https:\/\/mondoweiss.net\/2025\/01\/open-letter-germany-must-stop-supporting-the-annihilation-of-palestinians\/#db0f934b-173f-4367-8f19-a2d138fd56d0-link\" aria-label=\"P\u0159ej\u00edt na odkaz na pozn\u00e1mku pod \u010darou 1\"><span>\u21a9\ufe0e<\/span><\/a><\/li>\n<li id=\"26700057-da08-4892-b6a6-485c40f6e466\"><span>Zdroj: Sn\u00edmek dopadu OCHA (\u0159\u00edjen 2024). Skute\u010dn\u00fd po\u010det ob\u011bt\u00ed se odhaduje v\u00fdrazn\u011b vy\u0161\u0161\u00ed, nejm\u00e9n\u011b 186 000 (Lancet); viz tak\u00e9 tento otev\u0159en\u00fd dopis americk\u00fdch l\u00e9ka\u0159\u016f, kte\u0159\u00ed slou\u017eili v Gaze, a tiskov\u00e1 zpr\u00e1va UNICEF z 5. ledna 2024.\u00a0\u00a0<\/span><a href=\"https:\/\/mondoweiss.net\/2025\/01\/open-letter-germany-must-stop-supporting-the-annihilation-of-palestinians\/#26700057-da08-4892-b6a6-485c40f6e466-link\" aria-label=\"P\u0159ej\u00edt na odkaz na pozn\u00e1mku pod \u010darou 2\"><span>\u21a9\ufe0e<\/span><\/a><\/li>\n<li id=\"816d7b70-3ab9-4693-baa2-d61e067e9334\"><span>Odhady WHO z poloviny z\u00e1\u0159\u00ed 2024 nazna\u010duj\u00ed, \u017ee v\u00edce ne\u017e 22 500 m\u011blo \u017eivot m\u011bn\u00edc\u00ed zran\u011bn\u00ed, v\u010detn\u011b t\u011b\u017ek\u00fdch poran\u011bn\u00ed kon\u010detin, amputac\u00ed, poran\u011bn\u00ed m\u00edchy, traumatick\u00fdch poran\u011bn\u00ed mozku a velk\u00fdch pop\u00e1lenin.\u00a0\u00a0<\/span><a href=\"https:\/\/mondoweiss.net\/2025\/01\/open-letter-germany-must-stop-supporting-the-annihilation-of-palestinians\/#816d7b70-3ab9-4693-baa2-d61e067e9334-link\" aria-label=\"P\u0159ej\u00edt na odkaz na pozn\u00e1mku pod \u010darou 3\"><span>\u21a9\ufe0e<\/span><\/a><\/li>\n<li id=\"69437369-b197-4def-969a-78dbc288587a\"><span>\u017dalobce ICC vid\u00ed v\u011brohodn\u00e9 d\u016fkazy, \u017ee premi\u00e9r Benjamin Netanjahu a ministr obrany Yoav Gallant pou\u017e\u00edvaj\u00ed hladov\u011bn\u00ed civilist\u016f jako zp\u016fsob veden\u00ed v\u00e1lky. Experti, OSN a r\u016fzn\u00e9 humanit\u00e1rn\u00ed organizace (v\u010detn\u011b USAID) varovaly p\u0159ed masov\u00fdm hladov\u011bn\u00edm a zdokumentovaly izraelsk\u00e9 zasahov\u00e1n\u00ed do \u00fasil\u00ed o pomoc, v\u010detn\u011b zab\u00edjen\u00ed humanit\u00e1rn\u00edch pracovn\u00edk\u016f a bombardov\u00e1n\u00ed sanitek a nemocnic. Ned\u00e1vno Komise OSN na\u0161la d\u016fkazy o v\u00e1le\u010dn\u00fdch zlo\u010dinech a zlo\u010dinech proti lidskosti p\u0159i izraelsk\u00fdch \u00fatoc\u00edch na zdravotnick\u00e1 za\u0159\u00edzen\u00ed v Gaze. V dubnu 2024 odborn\u00edci OSN vyj\u00e1d\u0159ili obavy ohledn\u011b \u201escholasticidy\u201c v Gaze. Pou\u017eit\u00ed 2000librov\u00fdch bomb a um\u011bl\u00e9 inteligence k ur\u010den\u00ed \u201ec\u00edl\u016f\u201c p\u0159isp\u011blo k vysok\u00e9 \u00farovni ni\u010den\u00ed. Podle satelitn\u00edch sn\u00edmk\u016f bylo do z\u00e1\u0159\u00ed 2024 po\u0161kozeno p\u0159ibli\u017en\u011b 66 % celkov\u00fdch staveb (UNOSAT) a 68 % orn\u00e9 p\u016fdy (FAO). Zni\u010deno bylo tak\u00e9 d\u011bdictv\u00ed a kulturn\u00ed m\u00edsta, stejn\u011b jako soudn\u00ed infrastruktura.\u00a0<\/span><a href=\"https:\/\/mondoweiss.net\/2025\/01\/open-letter-germany-must-stop-supporting-the-annihilation-of-palestinians\/#69437369-b197-4def-969a-78dbc288587a-link\" aria-label=\"P\u0159ej\u00edt na odkaz na pozn\u00e1mku pod \u010darou 4\"><span>\u21a9\ufe0e<\/span><\/a><\/li>\n<li id=\"41182be1-fbfa-439d-8613-313427048f7b\"><span>Prohl\u00e1\u0161en\u00ed humanit\u00e1rn\u00edch n\u00e1\u010deln\u00edk\u016f z poloviny listopadu 2023 o z\u0159\u00edzen\u00ed \u201ebezpe\u010dn\u00fdch z\u00f3n\u201c. Do\u0161lo k \u010detn\u00fdm st\u00e1vk\u00e1m na \u0161koly a dal\u0161\u00ed \u00fakryty v \u201ebezpe\u010dn\u00e9 z\u00f3n\u011b\u201c, kter\u00e1 do poloviny srpna 2024 pokr\u00fdvala m\u00e9n\u011b ne\u017e 13 % p\u00e1sma Gazy (OCHA).\u00a0\u00a0<\/span><a href=\"https:\/\/mondoweiss.net\/2025\/01\/open-letter-germany-must-stop-supporting-the-annihilation-of-palestinians\/#41182be1-fbfa-439d-8613-313427048f7b-link\" aria-label=\"P\u0159ej\u00edt na odkaz na pozn\u00e1mku pod \u010darou 5\"><span>\u21a9\ufe0e<\/span><\/a><\/li>\n<li id=\"12abed20-e42c-435b-b546-d1f7c4b0ebdf\"><span>V polovin\u011b z\u00e1\u0159\u00ed 2024 se objevily prvn\u00ed zpr\u00e1vy o izraelsk\u00e9 \u201eoperaci Hladov\u011bn\u00ed a vyhlazov\u00e1n\u00ed\u201c. V polovin\u011b \u0159\u00edjna 2024 vydalo 38 humanit\u00e1rn\u00edch organizac\u00ed spole\u010dn\u00e9 prohl\u00e1\u0161en\u00ed, ve kter\u00e9m varovalo, \u017ee \u201esevern\u00ed Gaza je vymaz\u00e1na\u201c a \u017ee \u201eglob\u00e1ln\u00ed v\u016fdci mus\u00ed nyn\u00ed jednat, aby ukon\u010dili izraelsk\u00e1 zv\u011brstva\u201c.\u00a0<\/span><a href=\"https:\/\/mondoweiss.net\/2025\/01\/open-letter-germany-must-stop-supporting-the-annihilation-of-palestinians\/#12abed20-e42c-435b-b546-d1f7c4b0ebdf-link\" aria-label=\"P\u0159ej\u00edt na odkaz na pozn\u00e1mku pod \u010darou 6\"><span>\u21a9\ufe0e<\/span><\/a><\/li>\n<li id=\"ef163cd7-ecb2-43fd-abc7-1ba0d40e626e\"><span>Zdroj: Humanitarian Situation Update #230 (OCHA); Hodnocen\u00ed OCHA t\u00fdkaj\u00edc\u00ed se n\u00e1sil\u00ed, ni\u010den\u00ed a vys\u00eddlen\u00ed (12. z\u00e1\u0159\u00ed 2024). Pod\u00edvejte se tak\u00e9 na toto mapov\u00e1n\u00ed a podrobnou anal\u00fdzu 1 400 \u00fatok\u016f osadn\u00edk\u016f na Z\u00e1padn\u00edm b\u0159ehu od 7. \u0159\u00edjna 2023.\u00a0\u00a0<\/span><a href=\"https:\/\/mondoweiss.net\/2025\/01\/open-letter-germany-must-stop-supporting-the-annihilation-of-palestinians\/#ef163cd7-ecb2-43fd-abc7-1ba0d40e626e-link\" aria-label=\"P\u0159ej\u00edt na odkaz na pozn\u00e1mku pod \u010darou 7\"><span>\u21a9\ufe0e<\/span><\/a><\/li>\n<li id=\"ff93d88d-3103-4686-8aa6-adf4b5eebd2b\"><span>Viz r\u016fzn\u00e9 aktualizace humanit\u00e1rn\u00ed situace na Z\u00e1padn\u00edm b\u0159ehu (OCHA); L\u00e9ka\u0159i bez hranic (MSF) o rozs\u00e1hl\u00fdch vojensk\u00fdch invaz\u00edch zah\u00e1jen\u00fdch izraelsk\u00fdmi silami na Z\u00e1padn\u00edm b\u0159ehu Jord\u00e1nu koncem srpna 2024.\u00a0<\/span><a href=\"https:\/\/mondoweiss.net\/2025\/01\/open-letter-germany-must-stop-supporting-the-annihilation-of-palestinians\/#ff93d88d-3103-4686-8aa6-adf4b5eebd2b-link\" aria-label=\"P\u0159ej\u00edt na odkaz na pozn\u00e1mku pod \u010darou 8\"><span>\u21a9\ufe0e<\/span><\/a><\/li>\n<li id=\"b19f25b6-eb67-44af-8fb9-265d8d412687\"><span>Viz tak\u00e9 toto stanovisko nez\u00e1visl\u00e9 komise OSN s pr\u00e1vn\u00ed anal\u00fdzou a doporu\u010den\u00edmi.\u00a0<\/span><a href=\"https:\/\/mondoweiss.net\/2025\/01\/open-letter-germany-must-stop-supporting-the-annihilation-of-palestinians\/#b19f25b6-eb67-44af-8fb9-265d8d412687-link\" aria-label=\"P\u0159ej\u00edt na odkaz na pozn\u00e1mku pod \u010darou 9\"><span>\u21a9\ufe0e<\/span><\/a><\/li>\n<\/ol>\n<p><strong><span>Prvn\u00ed signat\u00e1\u0159i (v abecedn\u00edm po\u0159ad\u00ed):<\/span><\/strong><\/p>\n<p><span>Tarik Abou-Chadi, profesor evropsk\u00e9 politiky, University of Oxford\u200b\u200b\u200b\u200b\u200b\u200b\u200b, Spojen\u00e9 kr\u00e1lovstv\u00ed\u200b\u200b\u200b\u200b\u200b\u200b<\/span><\/p>\n<p><span>Ghassan Abu-Sittah, plastick\u00fd, rekonstruk\u010dn\u00ed a estetick\u00fd chirurg, profesor konfliktn\u00ed medic\u00edny, rektor na University of Glasgow, Spojen\u00e9 kr\u00e1lovstv\u00ed<\/span><\/p>\n<p><span>Hanna Al Taher, v\u00fdzkumn\u00edk\/lektor, TUD, N\u011bmecko<\/span><\/p>\n<p><span>Schirin Amir-Moazami, profesor isl\u00e1mu v Evrop\u011b, FU Berl\u00edn, N\u011bmecko<\/span><\/p>\n<p><span>Gra\u017cyna Baranowska, profesorka migra\u010dn\u00edho pr\u00e1va a lidsk\u00fdch pr\u00e1v, FAU Erlangen-N\u00fcrnberg, N\u011bmecko<\/span><\/p>\n<p><span>Michael Barenboim, houslista, profesor na Barenboim-Said Akademie, N\u011bmecko\u00a0<\/span><\/p>\n<p><span>Ulrike Bergermann, profesorka medi\u00e1ln\u00edch studi\u00ed, HBK Braunschweig, N\u011bmecko<\/span><\/p>\n<p><span>Christine Binzel, profesorka ekonomie: Ekonomika a spole\u010dnost Bl\u00edzk\u00e9ho v\u00fdchodu, FAU Erlangen-N\u00fcrnberg, N\u011bmecko<\/span><\/p>\n<p><span>Manuela Boatc\u0103, profesorka sociologie a vedouc\u00ed \u0161koly programu glob\u00e1ln\u00edch studi\u00ed, University of Freiburg, N\u011bmecko<\/span><\/p>\n<p><span>Robin Celikates, profesor filozofie, Freie Universit\u00e4t Berlin, N\u011bmecko<\/span><\/p>\n<p><span>Sawsan Chebli , politik, aktivista, b\u00fdval\u00fd ministr zahrani\u010d\u00ed, N\u011bmecko<\/span><\/p>\n<p><span>Gwyneth Daniel, psychoterapeutka a spisovatelka, britsk\u00e1 palestinsk\u00e1 s\u00ed\u0165 du\u0161evn\u00edho zdrav\u00ed<\/span><\/p>\n<p><span>Dr. Marion Detjen, lektor historie\u200b\u200b\u200b\u200b\u200b\u200b, Bard College Berlin\u200b\u200b\u200b\u200b\u200b\u200b, N\u011bmecko\u200b\u200b\u200b\u200b\u200b\u200b\u200b<\/span><\/p>\n<p><span>Tomer Dotan-Dreyfus, autor, Berl\u00edn, N\u011bmecko<\/span><\/p>\n<p><span>Ang\u00e9lique Eijpe, b\u00fdval\u00e1 nizozemsk\u00e1 diplomatka, rezignovala na nizozemskou zahrani\u010dn\u00ed slu\u017ebu kv\u016fli nizozemsk\u00e9 politice Gazy, Haag, Nizozemsko<\/span><\/p>\n<p><span>Dr. D\u00f6rthe Engelcke, \u00fa\u0159aduj\u00edc\u00ed vedouc\u00ed Centra odborn\u00fdch znalost\u00ed pro pr\u00e1vo arabsk\u00fdch a isl\u00e1msk\u00fdch zem\u00ed, Institut Maxe Plancka pro srovn\u00e1vac\u00ed a mezin\u00e1rodn\u00ed pr\u00e1vo soukrom\u00e9<\/span><\/p>\n<p><span>Christine Engels, pr\u00e1vn\u00edk, Berl\u00edn, N\u011bmecko<\/span><\/p>\n<p><span>Helen Fares, novin\u00e1\u0159ka, aktivistka, moder\u00e1torka, podcasterka a obchodn\u00ed psycholo\u017eka, N\u011bmecko<\/span><\/p>\n<p><span>Isabel Feichtner, profesorka ve\u0159ejn\u00e9ho pr\u00e1va a mezin\u00e1rodn\u00edho hospod\u00e1\u0159sk\u00e9ho pr\u00e1va, University of W\u00fcrzburg, N\u011bmecko<\/span><\/p>\n<p><span>Deborah Feldman, autorka, N\u011bmecko\/USA<\/span><\/p>\n<p><span>Khaled Furani, Katedra sociologie a antropologie, Tel-Avivsk\u00e1 univerzita (al-Sheikh Muwannis), Izrael<\/span><\/p>\n<p><span>Rita Giacaman, profesorka, Institut komunitn\u00edho a ve\u0159ejn\u00e9ho zdrav\u00ed, Birzeit University, Z\u00e1padn\u00ed b\u0159eh Jord\u00e1nu, okupovan\u00e9 palestinsk\u00e9 \u00fazem\u00ed<\/span><\/p>\n<p><span>Dr. Mads Gilbert, profesor (em) dr.med., hlavn\u00ed konzultant, Klinika urgentn\u00ed medic\u00edny, Univerzitn\u00ed nemocnice Severn\u00edho Norska, Troms\u00f8, Norsko\u200b\u200b\u200b<\/span><\/p>\n<p><span>Neve Gordon, profesorka lidsk\u00fdch pr\u00e1v, Queen Mary University of London, UK<\/span><\/p>\n<p><span>Jens Hanssen, profesor a \u0159editel Orient-Institut Beirut (OIB), Libanon<\/span><\/p>\n<p><span>Amira Hass, dcera t\u011bch, kte\u0159\u00ed p\u0159e\u017eili n\u011bmeckou genocidu \u017did\u016f<\/span><\/p>\n<p><span>Faryda Hussein, nizozemsk\u00e1 st\u00e1tn\u00ed \u00fa\u0159ednice, b\u00fdval\u00e1 zam\u011bstnankyn\u011b EU, spoluzakladatelka Diversit\u00e9 Europe \u2013 sdru\u017een\u00ed zam\u011bstnanc\u016f EU, kter\u00e9 zalo\u017eilo bruselsk\u00e9 hnut\u00ed st\u00e1tn\u00edch \u00fa\u0159edn\u00edk\u016f protestuj\u00edc\u00edch proti genocid\u011b, Brusel, Belgie<\/span><\/p>\n<p><span>Isabelle Ihring, profesorka soci\u00e1ln\u00ed pr\u00e1ce, Protestantsk\u00e1 univerzita aplikovan\u00fdch v\u011bd Freiburg, N\u011bmecko<\/span><\/p>\n<p><span>Dr. Samah Jabr, konzultant psychiatra, vedouc\u00ed odd\u011blen\u00ed du\u0161evn\u00edho zdrav\u00ed, palestinsk\u00e9 ministerstvo zdravotnictv\u00ed\u200b\u200b\u200b\u200b\u200b\u200b<\/span><\/p>\n<p><span>Nasrin Karimi, pr\u00e1vn\u00edk, Berl\u00edn, N\u011bmecko<\/span><\/p>\n<p><span>Rashid Khalidi, Edward Said Emeritn\u00ed profesor modern\u00edch arabsk\u00fdch studi\u00ed, Columbia University, USA<\/span><\/p>\n<p><span>Laleh Khalili, Al Qasimi, profesor studi\u00ed Persk\u00e9ho z\u00e1livu, University of Exeter, UK<\/span><\/p>\n<p><span>Hanna Kienzler, profesorka glob\u00e1ln\u00edho zdrav\u00ed, King&#8217;s College London, UK<\/span><\/p>\n<p><span>Phillippe Koch, pr\u00e1vn\u00edk, Berl\u00edn, N\u011bmecko<\/span><\/p>\n<p><span>Jana Krause, profesorka na kated\u0159e politologie na Univerzit\u011b v Oslu a \u0159editelka magistersk\u00e9ho studijn\u00edho programu Peace and Conflict Studies (\u00a0<\/span><a href=\"https:\/\/www.google.com\/url?cad=rja&amp;cd=&amp;esrc=s&amp;q=&amp;rct=j&amp;sa=t&amp;source=web&amp;uact=8&amp;url=https%3A%2F%2Fwww.uio.no%2Fenglish%2Fstudies%2Fprogrammes%2Fpeace-master%2F&amp;usg=AOvVaw0MJ--Jy9A4MyB6R8wF3_lI&amp;ved=2ahUKEwjR2aHwtcj_AhWJv4sKHRSAB-oQFnoECAcQAQ\"><span>PECOS<\/span><\/a><span>\u00a0), Norsko<\/span><\/p>\n<p><span>Dr. Andreas Krieg, docent, School of Security Studies, King&#8217;s College London, \u200b\u200b\u200b\u200b\u200b\u200b\u200bVelk\u00e1 Brit\u00e1nie<\/span><\/p>\n<p><span>Antony Loewenstein, nez\u00e1visl\u00fd novin\u00e1\u0159 a autor \u201eThe Palestine Laboratory\u201c, Sydney, Austr\u00e1lie<\/span><\/p>\n<p><span>Omar Shahabudin McDoom, docent, London School of Economics, UK<\/span><\/p>\n<p><span>Hanna Mei\u00dfner, profesorka pro mezioborov\u00e1 \u017eensk\u00e1 a genderov\u00e1 studia, TU Berl\u00edn, N\u011bmecko<\/span><\/p>\n<p><span>Carmen M\u00f6rsch, profesorka v\u00fdtvarn\u00e9 v\u00fdchovy, Mainz Academy of Arts, Johannes Gutenberg University, N\u011bmecko\u200b\u200b\u200b\u200b\u200b\u200b\u200b<\/span><\/p>\n<p><span>A. Dirk Moses, profesor mezin\u00e1rodn\u00edch vztah\u016f, City College of New York, CUNY, USA<\/span><\/p>\n<p><span>Dr. Alex M\u00fcller, l\u00e9ka\u0159 a v\u011bdeck\u00fd pracovn\u00edk, Charit\u00e9 Center for Global Health, Berl\u00edn, N\u011bmecko<\/span><\/p>\n<p><span>Tahani Nadim, profesor v\u00fdzkumu, Ruhr-Universit\u00e4t Bochum a Vysok\u00e1 \u0161kola soci\u00e1ln\u00edch a humanitn\u00edch v\u011bd, N\u011bmecko<\/span><\/p>\n<p><span>Ilan Papp\u00e9, profesor na University of Exter, izraelsk\u00fd historik, autor, Velk\u00e1 Brit\u00e1nie<\/span><\/p>\n<p><span>Dr. Hanna Pfeifer, vedouc\u00ed v\u00fdzkumn\u00e9 oblasti \u201eSocietal Peace and Internal Security\u201c, Institut pro v\u00fdzkum m\u00edru a bezpe\u010dnostn\u00ed politiku na univerzit\u011b v Hamburku (IFSH), N\u011bmecko<\/span><\/p>\n<p><span>Thomas Piketty, profesor na EHESS a na Paris School of Economics, Pa\u0159\u00ed\u017e, Francie<\/span><\/p>\n<p><span>Jean-Philippe Platteau, emeritn\u00ed profesor ekonomie, University of Namur, Belgie<\/span><\/p>\n<p><span>Dr. Sharri Plonski, docent v mezin\u00e1rodn\u00ed politice, Queen Mary University of London, UK<\/span><\/p>\n<p><span>Dr. Laila Prager, antropolo\u017eka, Hamburk, N\u011bmecko<\/span><\/p>\n<p><span>Nicola Pratt, profesor mezin\u00e1rodn\u00ed politiky St\u0159edn\u00edho v\u00fdchodu, University of Warwick, Velk\u00e1 Brit\u00e1nie<\/span><\/p>\n<p><span>Dr. Nils Riecken, v\u00fdzkumn\u00fd pracovn\u00edk, Institut arabsk\u00fdch a isl\u00e1msk\u00fdch studi\u00ed, Ruhr-Universit\u00e4t Bochum, N\u011bmecko<\/span><\/p>\n<p><span>Emilia Roig, autor, Francie<\/span><\/p>\n<p><span>E. Natalie Rothman, izraelsk\u00e1 ob\u010danka a profesorka historie, University of Toronto, Kanada<\/span><\/p>\n<p><span>Nadija Samour, pr\u00e1vni\u010dka, Berl\u00edn, N\u011bmecko<\/span><\/p>\n<p><span>Dr. Benjamin Schuetze, vedouc\u00ed v\u00fdzkumn\u00fd pracovn\u00edk, Arnold-Bergstraesser-Institut (ABI), Freiburg, N\u011bmecko<\/span><\/p>\n<p><span>Melanie Schweizer, pr\u00e1vn\u00edk, st\u00e1tn\u00ed \u00fa\u0159edn\u00edk, Berl\u00edn, N\u011bmecko<\/span><\/p>\n<p><span>Raz Segal, docent studia holocaustu a genocidy a dotovan\u00fd profesor ve studiu modern\u00ed genocidy, Stockton University\u200b\u200b\u200b\u200b\u200b\u200b, USA<\/span><\/p>\n<p><span>Martin Shaw, sociolog glob\u00e1ln\u00ed politiky, v\u00e1lky a genocidy, profesor v\u00fdzkumu na Institut Barcelona d&#8217;Estudis Internacionals (IBEI) a emeritn\u00ed profesor mezin\u00e1rodn\u00edch vztah\u016f a politiky na University of Sussex<\/span><\/p>\n<p><span>Annelle Sheline, b\u00fdval\u00e1 d\u016fstojnice pro zahrani\u010dn\u00ed v\u011bci \u00da\u0159adu pro demokracii, lidsk\u00e1 pr\u00e1va a \u00da\u0159ad pr\u00e1ce pro z\u00e1le\u017eitosti Bl\u00edzk\u00e9ho v\u00fdchodu americk\u00e9ho ministerstva zahrani\u010d\u00ed, Washington DC, USA\u00a0<\/span><\/p>\n<p><span>Avi Shlaim, emeritn\u00ed profesor mezin\u00e1rodn\u00edch vztah\u016f FBA, St Antony&#8217;s College, Oxford, Velk\u00e1 Brit\u00e1nie<\/span><\/p>\n<p><span>Marc Siegel, profesor filmov\u00fdch studi\u00ed, Johannes Gutenberg-Universit\u00e4t Mainz, N\u011bmecko\u200b\u200b\u200b\u200b\u200b<\/span><\/p>\n<p><span>Raji Sourani, palestinsk\u00fd pr\u00e1vn\u00edk, \u0159editel Palestinsk\u00e9ho centra pro lidsk\u00e1 pr\u00e1va<\/span><\/p>\n<p><span>Hanan Toukan, docent, Bard College, Berl\u00edn, N\u011bmecko<\/span><\/p>\n<p><span>Dr. Lewis Turner, docent v mezin\u00e1rodn\u00ed politice, Newcastle University, UK<\/span><\/p>\n<p><span>Johanna Ray Vollhardt, docentka psychologie, Clark University, a p\u0159idru\u017een\u00e1 ke Strassler Center for Holocaust and Genocide Studies\u200b\u200b\u200b\u200b\u200b\u200b\u200b, USA\u200b\u200b\u200b\u200b\u200b\u200b\u200b<\/span><\/p>\n<p><span>Anosha Wahidi, pr\u00e1vn\u00edk, st\u00e1tn\u00ed \u00fa\u0159edn\u00edk a obh\u00e1jce antirasismu, Berl\u00edn, N\u011bmecko<\/span><\/p>\n<p><span>Berber van der Woude, b\u00fdval\u00fd diplomat a politick\u00fd poradce na nizozemsk\u00e9m ministerstvu zahrani\u010dn\u00edch v\u011bc\u00ed, Leiden, Nizozemsko\u00a0<\/span><\/p>\n<p><span>Liesbeth Zegveld, advok\u00e1tka (Amsterdam), profesorka reparace humanit\u00e1rn\u00edho pr\u00e1va University of Amsterdam, Nizozemsko<\/span><\/p>\n<p><span>Aram Ziai, profesor rozvojov\u00fdch a postkoloni\u00e1ln\u00edch studi\u00ed, University of Kassel, N\u011bmecko<\/span><\/p>\n<p><em><span>\u00dapln\u00fd seznam v\u00edce ne\u017e 5 000 signat\u00e1\u0159\u016f naleznete\u00a0<\/span><a href=\"https:\/\/docs.google.com\/forms\/d\/e\/1FAIpQLSevHkL5W5XT5dggM_RkWPi9jXc4AtHE4SwTHstQqQI85YVuMg\/viewform\"><span>zde<\/span><\/a><span>\u00a0<\/span><\/em><\/p>\n<p><img decoding=\"async\" loading=\"lazy\" class=\"alignnone size-full wp-image-1185\" src=\"http:\/\/www.infokuryr.cz\/n\/wp-content\/uploads\/2021\/04\/kuryr-podpis.png\" alt=\"\" width=\"84\" height=\"24\" \/><\/p>\n<p>&nbsp;<\/p>\n","protected":false},"excerpt":{"rendered":"<p>N\u011bmecko se ji\u017e v\u00edce ne\u017e rok aktivn\u011b pod\u00edl\u00ed na zab\u00edjen\u00ed a dehumanizaci Palestinc\u016f poskytov\u00e1n\u00edm politick\u00e9,&#8230;<\/p>\n","protected":false},"author":2,"featured_media":69572,"comment_status":"closed","ping_status":"closed","sticky":false,"template":"","format":"standard","meta":[],"categories":[7],"tags":[178,107,84,6803,313,538],"_links":{"self":[{"href":"https:\/\/www.infokuryr.cz\/n\/wp-json\/wp\/v2\/posts\/69571"}],"collection":[{"href":"https:\/\/www.infokuryr.cz\/n\/wp-json\/wp\/v2\/posts"}],"about":[{"href":"https:\/\/www.infokuryr.cz\/n\/wp-json\/wp\/v2\/types\/post"}],"author":[{"embeddable":true,"href":"https:\/\/www.infokuryr.cz\/n\/wp-json\/wp\/v2\/users\/2"}],"replies":[{"embeddable":true,"href":"https:\/\/www.infokuryr.cz\/n\/wp-json\/wp\/v2\/comments?post=69571"}],"version-history":[{"count":0,"href":"https:\/\/www.infokuryr.cz\/n\/wp-json\/wp\/v2\/posts\/69571\/revisions"}],"wp:featuredmedia":[{"embeddable":true,"href":"https:\/\/www.infokuryr.cz\/n\/wp-json\/wp\/v2\/media\/69572"}],"wp:attachment":[{"href":"https:\/\/www.infokuryr.cz\/n\/wp-json\/wp\/v2\/media?parent=69571"}],"wp:term":[{"taxonomy":"category","embeddable":true,"href":"https:\/\/www.infokuryr.cz\/n\/wp-json\/wp\/v2\/categories?post=69571"},{"taxonomy":"post_tag","embeddable":true,"href":"https:\/\/www.infokuryr.cz\/n\/wp-json\/wp\/v2\/tags?post=69571"}],"curies":[{"name":"wp","href":"https:\/\/api.w.org\/{rel}","templated":true}]}}