{"id":69563,"date":"2025-01-06T00:31:29","date_gmt":"2025-01-05T23:31:29","guid":{"rendered":"https:\/\/www.infokuryr.cz\/n\/?p=69563"},"modified":"2025-01-05T14:50:22","modified_gmt":"2025-01-05T13:50:22","slug":"bruselsky-zakaz-bavlny-prichazi-dalsi-zelene-silenstvi","status":"publish","type":"post","link":"https:\/\/www.infokuryr.cz\/n\/2025\/01\/06\/bruselsky-zakaz-bavlny-prichazi-dalsi-zelene-silenstvi\/","title":{"rendered":"Bruselsk\u00fd z\u00e1kaz bavlny: P\u0159ich\u00e1z\u00ed dal\u0161\u00ed zelen\u00e9 \u0161\u00edlenstv\u00ed"},"content":{"rendered":"<div id=\"fb-root\"><\/div>\n<p><strong><span>Jako by Brusel u\u017e nevychrlil dost nesmysl\u016f, nyn\u00ed p\u0159ich\u00e1z\u00ed dal\u0161\u00ed \u017eert z velitelsk\u00e9ho centra evropsk\u00e9 megalomanie: star\u00e1 dobr\u00e1 bavlna m\u00e1 b\u00fdt zak\u00e1z\u00e1na. Samotn\u00fd materi\u00e1l, ze kter\u00e9ho jsou na\u0161e tri\u010dka, d\u017e\u00edny a spodn\u00ed pr\u00e1dlo po generace vyr\u00e1b\u011bny, ji\u017e nezapad\u00e1 do sv\u011bton\u00e1zoru na\u0161ich technokrat\u016f z EU, kter\u00fd \u0161et\u0159\u00ed klima.<\/span><\/strong><\/p>\n<p><span>To, co zn\u00ed jako p\u0159ed\u010dasn\u00fd apr\u00edlov\u00fd \u017eert, je ve skute\u010dnosti velmi v\u00e1\u017en\u00e9. Ve jm\u00e9nu posv\u00e1tn\u00e9ho ob\u011bhov\u00e9ho hospod\u00e1\u0159stv\u00ed a v\u0161emocn\u00e9 zelen\u00e9 dohody\u00a0<\/span><a href=\"https:\/\/fashionunited.de\/nachrichten\/business\/baumwollverbot-in-europa-bis-2030-die-zukunft-zirkularer-materialien\/2024122759577\"><span>hroz\u00ed bavln\u011b v EU od roku 2030 konec<\/span><\/a><span> . D\u016fvod? P\u0159\u00edrodn\u00ed vl\u00e1kno nen\u00ed dostate\u010dn\u011b recyklovateln\u00e9 a jeho p\u011bstov\u00e1n\u00ed p\u0159\u00edli\u0161 zat\u011b\u017euje \u017eivotn\u00ed prost\u0159ed\u00ed. Architekti tohoto \u0161\u00edlenstv\u00ed p\u0159i\u0161li se dv\u011bma sladce zn\u011bj\u00edc\u00edmi sm\u011brnicemi: Corporate Sustainability Due Diligence Directive a Corporate Sustainability Reporting Directive. Za t\u011bmito byrokratick\u00fdmi jazykolamy nen\u00ed nic jin\u00e9ho ne\u017e pokus vnutit na\u0161\u00ed ekonomice zelen\u00fd korzet, kter\u00fd ji p\u0159ipravuje o prostor pro d\u00fdch\u00e1n\u00ed.<\/span><\/p>\n<p><span>N\u00e1sledky? N\u011bme\u010dt\u00ed textiln\u00ed giganti jako Adidas, Hugo Boss a Tchibo by museli zcela p\u0159ekopat svou v\u00fdrobu. Alternativou by pak m\u011blo b\u00fdt konop\u00ed a lyocell \u2013 materi\u00e1ly, kter\u00e9 n\u011bkdy spot\u0159ebuj\u00ed je\u0161t\u011b v\u00edce vody ne\u017e \u00fadajn\u011b zl\u00e1 bavlna. O n\u00e1kladech nemluv\u011b. Ale hej, hlavn\u00ed v\u011bc je \u201eudr\u017eiteln\u00e1\u201c, \u017ee? Jen\u017ee zat\u00edmco evropsk\u00e9 firmy se mus\u00ed pot\u00fdkat se splet\u00ed nov\u00fdch regulac\u00ed, jejich konkurenti v Asii si mnou ruce. Bavlnu budou d\u00e1l zpracov\u00e1vat a sv\u00e9 produkty pak vyv\u00e1\u017eet k n\u00e1m.<\/span><\/p>\n<p><span>Skute\u010dnost je takov\u00e1: EU je zanepr\u00e1zdn\u011bna \u0159ez\u00e1n\u00edm v\u011btve, na kter\u00e9 stoj\u00ed na\u0161e ekonomika. Nejprve automobilov\u00fd pr\u016fmysl, pak stavebnictv\u00ed, nyn\u00ed textiln\u00ed pr\u016fmysl \u2013 kdo je dal\u0161\u00ed? Spot\u0159ebitel\u00e9 budou platit vy\u0161\u0161\u00ed ceny za nejz\u00e1kladn\u011bj\u0161\u00ed ka\u017edodenn\u00ed produkty. Pro eurokraty, kte\u0159\u00ed jsou kr\u00e1lovsky podporov\u00e1ni z pen\u011bz da\u0148ov\u00fdch poplatn\u00edk\u016f, to nemus\u00ed b\u00fdt velk\u00fd probl\u00e9m \u2013 ale co pr\u016fm\u011brn\u00fd spot\u0159ebitel?<\/span><\/p>\n<p><span>Smutn\u00e1 v\u011bc je: tato politika se prod\u00e1v\u00e1 jako bez alternativy. Nen\u00ed to nic jin\u00e9ho ne\u017e ideologi\u00ed \u0159\u00edzen\u00fd aktivismus. M\u00edsto prosazov\u00e1n\u00ed skute\u010dn\u00fdch inovac\u00ed a hled\u00e1n\u00ed pragmatick\u00fdch \u0159e\u0161en\u00ed jsou cel\u00e1 pr\u016fmyslov\u00e1 odv\u011btv\u00ed tla\u010dena ke zdi. Je to politika, kterou lid\u00e9 skute\u010dn\u011b cht\u011bj\u00ed?<\/span><\/p>\n<p><img decoding=\"async\" loading=\"lazy\" class=\"alignnone size-full wp-image-1185\" src=\"http:\/\/www.infokuryr.cz\/n\/wp-content\/uploads\/2021\/04\/kuryr-podpis.png\" alt=\"\" width=\"84\" height=\"24\" \/><\/p>\n<p>&nbsp;<\/p>\n","protected":false},"excerpt":{"rendered":"<p>Jako by Brusel u\u017e nevychrlil dost nesmysl\u016f, nyn\u00ed p\u0159ich\u00e1z\u00ed dal\u0161\u00ed \u017eert z velitelsk\u00e9ho centra evropsk\u00e9&#8230;<\/p>\n","protected":false},"author":2,"featured_media":69564,"comment_status":"closed","ping_status":"closed","sticky":false,"template":"","format":"standard","meta":[],"categories":[7],"tags":[7311,41,2978,720],"_links":{"self":[{"href":"https:\/\/www.infokuryr.cz\/n\/wp-json\/wp\/v2\/posts\/69563"}],"collection":[{"href":"https:\/\/www.infokuryr.cz\/n\/wp-json\/wp\/v2\/posts"}],"about":[{"href":"https:\/\/www.infokuryr.cz\/n\/wp-json\/wp\/v2\/types\/post"}],"author":[{"embeddable":true,"href":"https:\/\/www.infokuryr.cz\/n\/wp-json\/wp\/v2\/users\/2"}],"replies":[{"embeddable":true,"href":"https:\/\/www.infokuryr.cz\/n\/wp-json\/wp\/v2\/comments?post=69563"}],"version-history":[{"count":0,"href":"https:\/\/www.infokuryr.cz\/n\/wp-json\/wp\/v2\/posts\/69563\/revisions"}],"wp:featuredmedia":[{"embeddable":true,"href":"https:\/\/www.infokuryr.cz\/n\/wp-json\/wp\/v2\/media\/69564"}],"wp:attachment":[{"href":"https:\/\/www.infokuryr.cz\/n\/wp-json\/wp\/v2\/media?parent=69563"}],"wp:term":[{"taxonomy":"category","embeddable":true,"href":"https:\/\/www.infokuryr.cz\/n\/wp-json\/wp\/v2\/categories?post=69563"},{"taxonomy":"post_tag","embeddable":true,"href":"https:\/\/www.infokuryr.cz\/n\/wp-json\/wp\/v2\/tags?post=69563"}],"curies":[{"name":"wp","href":"https:\/\/api.w.org\/{rel}","templated":true}]}}