{"id":69561,"date":"2025-01-05T06:49:43","date_gmt":"2025-01-05T05:49:43","guid":{"rendered":"https:\/\/www.infokuryr.cz\/n\/?p=69561"},"modified":"2025-01-05T06:49:43","modified_gmt":"2025-01-05T05:49:43","slug":"biden-dava-medaili-svobody-clintonove-sorosovi-a-sefkuchari-ktery-pozoval-s-radoby-trumpovym-vrahem","status":"publish","type":"post","link":"https:\/\/www.infokuryr.cz\/n\/2025\/01\/05\/biden-dava-medaili-svobody-clintonove-sorosovi-a-sefkuchari-ktery-pozoval-s-radoby-trumpovym-vrahem\/","title":{"rendered":"Biden d\u00e1v\u00e1 Medaili svobody Clintonov\u00e9, Sorosovi a \u0161\u00e9fkucha\u0159i, kter\u00fd p\u00f3zoval s r\u00e1doby Trumpov\u00fdm vrahem"},"content":{"rendered":"<div id=\"fb-root\"><\/div>\n<p><span style=\"font-size: 18pt;\"><strong>Odch\u00e1zej\u00edc\u00ed prezident ud\u011blil nejvy\u0161\u0161\u00ed civiln\u00ed vyznamen\u00e1n\u00ed USA devaten\u00e1cti v\u00fdznamn\u00fdm osobnostem<\/strong><\/span><\/p>\n<p><span>Americk\u00fd prezident Joe Biden jmenoval 19 p\u0159\u00edjemc\u016f Prezidentsk\u00e9 medaile svobody, nejvy\u0161\u0161\u00edho americk\u00e9ho civiln\u00edho vyznamen\u00e1n\u00ed. Jsou mezi nimi b\u00fdval\u00e1 ministryn\u011b zahrani\u010d\u00ed Hillary Clintonov\u00e1, liber\u00e1ln\u00ed miliard\u00e1\u0159 George Soros a kulin\u00e1\u0159sk\u00fd inov\u00e1tor Jos\u00e9 Andr\u00e9s, kter\u00fd se kdysi vyfotil s mu\u017eem, kter\u00fd se pokusil zavra\u017edit tehdy zvolen\u00e9ho prezidenta Donalda Trumpa.<\/span><\/p>\n<p><span>Slavnostn\u00ed p\u0159ed\u00e1n\u00ed cen se konalo v sobotu v B\u00edl\u00e9m dom\u011b. Tato pocta se ud\u011bluje jednotlivc\u016fm, kte\u0159\u00ed\u00a0<\/span><em><span>\u201ep\u0159\u00edkladn\u011b p\u0159isp\u011bli k prosperit\u011b, hodnot\u00e1m nebo bezpe\u010dnosti Spojen\u00fdch st\u00e1t\u016f, sv\u011btov\u00e9mu m\u00edru nebo jin\u00fdm v\u00fdznamn\u00fdm spole\u010densk\u00fdm, ve\u0159ejn\u00fdm nebo soukrom\u00fdm snah\u00e1m,\u201c<\/span><\/em><span>\u00a0uv\u00e1d\u00ed se v prohl\u00e1\u0161en\u00ed B\u00edl\u00e9ho domu.<\/span><\/p>\n<p><span>Soros byl ocen\u011bn za sv\u00e9 \u00fasil\u00ed o\u00a0<\/span><em><span>\u201epos\u00edlen\u00ed demokracie, lidsk\u00fdch pr\u00e1v, vzd\u011bl\u00e1v\u00e1n\u00ed a soci\u00e1ln\u00ed spravedlnosti\u201c<\/span><\/em><span>\u00a0prost\u0159ednictv\u00edm sv\u00fdch nadac\u00ed Open Society Foundations a tak\u00e9\u00a0<\/span><em><span>\u201epartner\u016f a projekt\u016f ve v\u00edce ne\u017e 120 zem\u00edch\u201c.<\/span><\/em><span>\u00a094let\u00fd miliard\u00e1\u0159 se ceremoni\u00e1lu nez\u00fa\u010dastnil, cenu za n\u011bj p\u0159evzal jeho syn Alex Soros.<\/span><\/p>\n<div class=\"rtcode\">\n<div class=\"twitter-tweet twitter-tweet-rendered\"><iframe id=\"twitter-widget-0\" class=\"\" title=\"P\u0159\u00edsp\u011bvek X\" src=\"https:\/\/platform.twitter.com\/embed\/Tweet.html?creatorScreenName=RT_com&amp;dnt=false&amp;embedId=twitter-widget-0&amp;features=eyJ0ZndfdGltZWxpbmVfbGlzdCI6eyJidWNrZXQiOltdLCJ2ZXJzaW9uIjpudWxsfSwidGZ3X2ZvbGxvd2VyX2NvdW50X3N1bnNldCI6eyJidWNrZXQiOnRydWUsInZlcnNpb24iOm51bGx9LCJ0ZndfdHdlZXRfZWRpdF9iYWNrZW5kIjp7ImJ1Y2tldCI6Im9uIiwidmVyc2lvbiI6bnVsbH0sInRmd19yZWZzcmNfc2Vzc2lvbiI6eyJidWNrZXQiOiJvbiIsInZlcnNpb24iOm51bGx9LCJ0ZndfZm9zbnJfc29mdF9pbnRlcnZlbnRpb25zX2VuYWJsZWQiOnsiYnVja2V0Ijoib24iLCJ2ZXJzaW9uIjpudWxsfSwidGZ3X21peGVkX21lZGlhXzE1ODk3Ijp7ImJ1Y2tldCI6InRyZWF0bWVudCIsInZlcnNpb24iOm51bGx9LCJ0ZndfZXhwZXJpbWVudHNfY29va2llX2V4cGlyYXRpb24iOnsiYnVja2V0IjoxMjA5NjAwLCJ2ZXJzaW9uIjpudWxsfSwidGZ3X3Nob3dfYmlyZHdhdGNoX3Bpdm90c19lbmFibGVkIjp7ImJ1Y2tldCI6Im9uIiwidmVyc2lvbiI6bnVsbH0sInRmd19kdXBsaWNhdGVfc2NyaWJlc190b19zZXR0aW5ncyI6eyJidWNrZXQiOiJvbiIsInZlcnNpb24iOm51bGx9LCJ0ZndfdXNlX3Byb2ZpbGVfaW1hZ2Vfc2hhcGVfZW5hYmxlZCI6eyJidWNrZXQiOiJvbiIsInZlcnNpb24iOm51bGx9LCJ0ZndfdmlkZW9faGxzX2R5bmFtaWNfbWFuaWZlc3RzXzE1MDgyIjp7ImJ1Y2tldCI6InRydWVfYml0cmF0ZSIsInZlcnNpb24iOm51bGx9LCJ0ZndfbGVnYWN5X3RpbWVsaW5lX3N1bnNldCI6eyJidWNrZXQiOnRydWUsInZlcnNpb24iOm51bGx9LCJ0ZndfdHdlZXRfZWRpdF9mcm9udGVuZCI6eyJidWNrZXQiOiJvbiIsInZlcnNpb24iOm51bGx9fQ%3D%3D&amp;frame=false&amp;hideCard=false&amp;hideThread=false&amp;id=1875664441347387525&amp;lang=cs&amp;origin=https%3A%2F%2Fswentr.site%2Fnews%2F610450-biden-freedom-medal-award%2F&amp;sessionId=d790a8abf20d4199fbeb91e10a035485fe5dbfe5&amp;siteScreenName=RT_com&amp;theme=light&amp;widgetsVersion=2615f7e52b7e0%3A1702314776716&amp;width=550px\" frameborder=\"0\" scrolling=\"no\" allowfullscreen=\"allowfullscreen\" data-tweet-id=\"1875664441347387525\" data-mce-fragment=\"1\"><\/iframe><\/div>\n<\/div>\n<p><span>Dal\u0161\u00ed dr\u017eitel nejvy\u0161\u0161\u00edho americk\u00e9ho ocen\u011bn\u00ed, Jos\u00e9 Andr\u00e9s, je B\u00edl\u00fdm domem pops\u00e1n jako\u00a0<\/span><em><span>\u201erenomovan\u00fd \u0161pan\u011blsko-americk\u00fd kulin\u00e1\u0159sk\u00fd inov\u00e1tor\u201c<\/span><\/em><span>\u00a0, kter\u00fd\u00a0<\/span><em><span>\u201eposkytuje rozs\u00e1hlou pomoc komunit\u00e1m posti\u017een\u00fdm p\u0159\u00edrodn\u00edmi katastrofami a konflikty\u201c.<\/span><\/em><\/p>\n<div class=\"rtcode\">\n<div class=\"twitter-tweet twitter-tweet-rendered\"><iframe id=\"twitter-widget-1\" class=\"\" title=\"P\u0159\u00edsp\u011bvek X\" src=\"https:\/\/platform.twitter.com\/embed\/Tweet.html?creatorScreenName=RT_com&amp;dnt=false&amp;embedId=twitter-widget-1&amp;features=eyJ0ZndfdGltZWxpbmVfbGlzdCI6eyJidWNrZXQiOltdLCJ2ZXJzaW9uIjpudWxsfSwidGZ3X2ZvbGxvd2VyX2NvdW50X3N1bnNldCI6eyJidWNrZXQiOnRydWUsInZlcnNpb24iOm51bGx9LCJ0ZndfdHdlZXRfZWRpdF9iYWNrZW5kIjp7ImJ1Y2tldCI6Im9uIiwidmVyc2lvbiI6bnVsbH0sInRmd19yZWZzcmNfc2Vzc2lvbiI6eyJidWNrZXQiOiJvbiIsInZlcnNpb24iOm51bGx9LCJ0ZndfZm9zbnJfc29mdF9pbnRlcnZlbnRpb25zX2VuYWJsZWQiOnsiYnVja2V0Ijoib24iLCJ2ZXJzaW9uIjpudWxsfSwidGZ3X21peGVkX21lZGlhXzE1ODk3Ijp7ImJ1Y2tldCI6InRyZWF0bWVudCIsInZlcnNpb24iOm51bGx9LCJ0ZndfZXhwZXJpbWVudHNfY29va2llX2V4cGlyYXRpb24iOnsiYnVja2V0IjoxMjA5NjAwLCJ2ZXJzaW9uIjpudWxsfSwidGZ3X3Nob3dfYmlyZHdhdGNoX3Bpdm90c19lbmFibGVkIjp7ImJ1Y2tldCI6Im9uIiwidmVyc2lvbiI6bnVsbH0sInRmd19kdXBsaWNhdGVfc2NyaWJlc190b19zZXR0aW5ncyI6eyJidWNrZXQiOiJvbiIsInZlcnNpb24iOm51bGx9LCJ0ZndfdXNlX3Byb2ZpbGVfaW1hZ2Vfc2hhcGVfZW5hYmxlZCI6eyJidWNrZXQiOiJvbiIsInZlcnNpb24iOm51bGx9LCJ0ZndfdmlkZW9faGxzX2R5bmFtaWNfbWFuaWZlc3RzXzE1MDgyIjp7ImJ1Y2tldCI6InRydWVfYml0cmF0ZSIsInZlcnNpb24iOm51bGx9LCJ0ZndfbGVnYWN5X3RpbWVsaW5lX3N1bnNldCI6eyJidWNrZXQiOnRydWUsInZlcnNpb24iOm51bGx9LCJ0ZndfdHdlZXRfZWRpdF9mcm9udGVuZCI6eyJidWNrZXQiOiJvbiIsInZlcnNpb24iOm51bGx9fQ%3D%3D&amp;frame=false&amp;hideCard=false&amp;hideThread=false&amp;id=1875619125919379675&amp;lang=cs&amp;origin=https%3A%2F%2Fswentr.site%2Fnews%2F610450-biden-freedom-medal-award%2F&amp;sessionId=d790a8abf20d4199fbeb91e10a035485fe5dbfe5&amp;siteScreenName=RT_com&amp;theme=light&amp;widgetsVersion=2615f7e52b7e0%3A1702314776716&amp;width=550px\" frameborder=\"0\" scrolling=\"no\" allowfullscreen=\"allowfullscreen\" data-tweet-id=\"1875619125919379675\" data-mce-fragment=\"1\"><\/iframe><\/div>\n<\/div>\n<p><span>Po sobotn\u00edm ceremoni\u00e1lu se znovu objevila fotografie Andr\u00e9se p\u00f3zuj\u00edc\u00edho s proukrajinsk\u00fdm aktivistou Ryanem Wesleym Routhem, kter\u00fd se\u00a0v z\u00e1\u0159\u00ed\u00a0<\/span><a href=\"https:\/\/swentr.site\/news\/604505-trump-assassin-bounty-promise\/\" target=\"_blank\" rel=\"noopener noreferrer\"><span>pokusil zab\u00edt<\/span><\/a><span>\u00a0Donalda Trumpa. Obr\u00e1zek \u00fadajn\u011b\u00a0<\/span><a href=\"https:\/\/x.com\/MaxBlumenthal\/status\/1835672006940819770\" target=\"_blank\" rel=\"noopener noreferrer\"><span>poch\u00e1z\u00ed<\/span><\/a><span>\u00a0z Routhovy knihy z roku 2023, kterou si Routh s\u00e1m vydal, v n\u00ed\u017e chv\u00e1lil Andr\u00e9se za to, \u017ee\u00a0<\/span><em><span>\u201edenn\u011b doru\u010doval miliony j\u00eddel na Ukrajinu\u201c<\/span><\/em><span>\u00a0a vyj\u00e1d\u0159il nad\u011bji, \u017ee n\u011bkdo Trumpa zavra\u017ed\u00ed.<\/span><\/p>\n<p><span>Clintonov\u00e1 obdr\u017eela od Bidena obecn\u011bj\u0161\u00ed pochvalu a byla pops\u00e1na jako \u017eena, kter\u00e1\u00a0<\/span><em><span>\u201ese zapsala do historie mnohokr\u00e1t b\u011bhem desetilet\u00ed ve ve\u0159ejn\u00e9 slu\u017eb\u011b\u201c,<\/span><\/em><span>\u00a0v\u010detn\u011b toho, \u017ee se stala\u00a0<\/span><em><span>\u201eprvn\u00ed prvn\u00ed d\u00e1mou zvolenou do Sen\u00e1tu Spojen\u00fdch st\u00e1t\u016f\u201c.<\/span><\/em><\/p>\n<div class=\"rtcode\">\n<div class=\"twitter-tweet twitter-tweet-rendered\"><iframe id=\"twitter-widget-2\" class=\"\" title=\"P\u0159\u00edsp\u011bvek X\" src=\"https:\/\/platform.twitter.com\/embed\/Tweet.html?creatorScreenName=RT_com&amp;dnt=false&amp;embedId=twitter-widget-2&amp;features=eyJ0ZndfdGltZWxpbmVfbGlzdCI6eyJidWNrZXQiOltdLCJ2ZXJzaW9uIjpudWxsfSwidGZ3X2ZvbGxvd2VyX2NvdW50X3N1bnNldCI6eyJidWNrZXQiOnRydWUsInZlcnNpb24iOm51bGx9LCJ0ZndfdHdlZXRfZWRpdF9iYWNrZW5kIjp7ImJ1Y2tldCI6Im9uIiwidmVyc2lvbiI6bnVsbH0sInRmd19yZWZzcmNfc2Vzc2lvbiI6eyJidWNrZXQiOiJvbiIsInZlcnNpb24iOm51bGx9LCJ0ZndfZm9zbnJfc29mdF9pbnRlcnZlbnRpb25zX2VuYWJsZWQiOnsiYnVja2V0Ijoib24iLCJ2ZXJzaW9uIjpudWxsfSwidGZ3X21peGVkX21lZGlhXzE1ODk3Ijp7ImJ1Y2tldCI6InRyZWF0bWVudCIsInZlcnNpb24iOm51bGx9LCJ0ZndfZXhwZXJpbWVudHNfY29va2llX2V4cGlyYXRpb24iOnsiYnVja2V0IjoxMjA5NjAwLCJ2ZXJzaW9uIjpudWxsfSwidGZ3X3Nob3dfYmlyZHdhdGNoX3Bpdm90c19lbmFibGVkIjp7ImJ1Y2tldCI6Im9uIiwidmVyc2lvbiI6bnVsbH0sInRmd19kdXBsaWNhdGVfc2NyaWJlc190b19zZXR0aW5ncyI6eyJidWNrZXQiOiJvbiIsInZlcnNpb24iOm51bGx9LCJ0ZndfdXNlX3Byb2ZpbGVfaW1hZ2Vfc2hhcGVfZW5hYmxlZCI6eyJidWNrZXQiOiJvbiIsInZlcnNpb24iOm51bGx9LCJ0ZndfdmlkZW9faGxzX2R5bmFtaWNfbWFuaWZlc3RzXzE1MDgyIjp7ImJ1Y2tldCI6InRydWVfYml0cmF0ZSIsInZlcnNpb24iOm51bGx9LCJ0ZndfbGVnYWN5X3RpbWVsaW5lX3N1bnNldCI6eyJidWNrZXQiOnRydWUsInZlcnNpb24iOm51bGx9LCJ0ZndfdHdlZXRfZWRpdF9mcm9udGVuZCI6eyJidWNrZXQiOiJvbiIsInZlcnNpb24iOm51bGx9fQ%3D%3D&amp;frame=false&amp;hideCard=false&amp;hideThread=false&amp;id=1875615919462105524&amp;lang=cs&amp;maxWidth=560px&amp;origin=https%3A%2F%2Fswentr.site%2Fnews%2F610450-biden-freedom-medal-award%2F&amp;sessionId=d790a8abf20d4199fbeb91e10a035485fe5dbfe5&amp;siteScreenName=RT_com&amp;theme=light&amp;widgetsVersion=2615f7e52b7e0%3A1702314776716&amp;width=550px\" frameborder=\"0\" scrolling=\"no\" allowfullscreen=\"allowfullscreen\" data-tweet-id=\"1875615919462105524\" data-mce-fragment=\"1\"><\/iframe><\/div>\n<\/div>\n<p><em><span>&#8222;Pot\u00e9, co slou\u017eila jako ministryn\u011b zahrani\u010d\u00ed, se stala prvn\u00ed \u017eenou nominovanou na prezidentku hlavn\u00ed politickou stranou Spojen\u00fdch st\u00e1t\u016f,&#8220;<\/span><\/em><span>\u00a0uvedl B\u00edl\u00fd d\u016fm.<\/span><\/p>\n<p><span>Mezi dal\u0161\u00ed dr\u017eitele leto\u0161n\u00ed Prezidentsk\u00e9 medaile svobody pat\u0159\u00ed zp\u011bv\u00e1k U2 Bono, m\u00f3dn\u00ed n\u00e1vrh\u00e1\u0159 Ralph Lauren, \u0161\u00e9fredaktorka Vogue Anna Wintour, zn\u00e1m\u00fd hr\u00e1\u010d NBA Earvin &#8218;Magic&#8216; Johnson a tak\u00e9 herci Michael J. Fox a Denzel Washington. jako ikona argentinsk\u00e9ho fotbalu Lionel Messi.<\/span><\/p>\n<p><img decoding=\"async\" loading=\"lazy\" class=\"alignnone size-full wp-image-1185\" src=\"http:\/\/www.infokuryr.cz\/n\/wp-content\/uploads\/2021\/04\/kuryr-podpis.png\" alt=\"\" width=\"84\" height=\"24\" \/><\/p>\n<p>&nbsp;<\/p>\n","protected":false},"excerpt":{"rendered":"<p>Odch\u00e1zej\u00edc\u00ed prezident ud\u011blil nejvy\u0161\u0161\u00ed civiln\u00ed vyznamen\u00e1n\u00ed USA devaten\u00e1cti v\u00fdznamn\u00fdm osobnostem Americk\u00fd prezident Joe Biden jmenoval&#8230;<\/p>\n","protected":false},"author":2,"featured_media":69562,"comment_status":"closed","ping_status":"closed","sticky":false,"template":"","format":"standard","meta":[],"categories":[7],"tags":[72,8407,37],"_links":{"self":[{"href":"https:\/\/www.infokuryr.cz\/n\/wp-json\/wp\/v2\/posts\/69561"}],"collection":[{"href":"https:\/\/www.infokuryr.cz\/n\/wp-json\/wp\/v2\/posts"}],"about":[{"href":"https:\/\/www.infokuryr.cz\/n\/wp-json\/wp\/v2\/types\/post"}],"author":[{"embeddable":true,"href":"https:\/\/www.infokuryr.cz\/n\/wp-json\/wp\/v2\/users\/2"}],"replies":[{"embeddable":true,"href":"https:\/\/www.infokuryr.cz\/n\/wp-json\/wp\/v2\/comments?post=69561"}],"version-history":[{"count":0,"href":"https:\/\/www.infokuryr.cz\/n\/wp-json\/wp\/v2\/posts\/69561\/revisions"}],"wp:featuredmedia":[{"embeddable":true,"href":"https:\/\/www.infokuryr.cz\/n\/wp-json\/wp\/v2\/media\/69562"}],"wp:attachment":[{"href":"https:\/\/www.infokuryr.cz\/n\/wp-json\/wp\/v2\/media?parent=69561"}],"wp:term":[{"taxonomy":"category","embeddable":true,"href":"https:\/\/www.infokuryr.cz\/n\/wp-json\/wp\/v2\/categories?post=69561"},{"taxonomy":"post_tag","embeddable":true,"href":"https:\/\/www.infokuryr.cz\/n\/wp-json\/wp\/v2\/tags?post=69561"}],"curies":[{"name":"wp","href":"https:\/\/api.w.org\/{rel}","templated":true}]}}