{"id":6952,"date":"2021-12-18T04:58:24","date_gmt":"2021-12-18T03:58:24","guid":{"rendered":"http:\/\/www.infokuryr.cz\/n\/?p=6952"},"modified":"2021-12-18T04:58:24","modified_gmt":"2021-12-18T03:58:24","slug":"dilema-pentagonu-vakcina-covid-snizuje-vykonnost-americkych-bojovych-sil","status":"publish","type":"post","link":"https:\/\/www.infokuryr.cz\/n\/2021\/12\/18\/dilema-pentagonu-vakcina-covid-snizuje-vykonnost-americkych-bojovych-sil\/","title":{"rendered":"Dilema Pentagonu: vakc\u00edna Covid sni\u017euje v\u00fdkonnost americk\u00fdch bojov\u00fdch sil"},"content":{"rendered":"<div id=\"fb-root\"><\/div>\n<section class=\"perex\">Dne 24. srpna 2021 Pentagon schv\u00e1lil vakc\u00ednu proti koronaviru od spole\u010dnosti Pfizer\/BioNTech. Je povinn\u00e1 pro ve\u0161ker\u00fd vojensk\u00fd person\u00e1l:<\/p>\n<\/section>\n<section class=\"clanek-obsah\"><em>Po pe\u010dliv\u00fdch konzultac\u00edch s l\u00e9ka\u0159sk\u00fdmi odborn\u00edky a veden\u00edm arm\u00e1dy a s podporou prezidenta jsem [j\u00e1, Lloyd Austin] rozhodl, \u017ee o\u010dkov\u00e1n\u00ed proti koronavirov\u00e9 nemoci COVID-19 je nezbytn\u00e9 pro ochranu sil a obranu americk\u00e9ho lidu.<\/em><\/p>\n<p>(Ministr obrany Lloyd Austin,\u00a0<a href=\"https:\/\/media.defense.gov\/2021\/Aug\/25\/2002838826\/-1\/-1\/0\/MEMORANDUM-FOR-MANDATORY-CORONAVIRUS-DISEASE-2019-VACCINATION-OF-DEPARTMENT-OF-DEFENSE-SERVICE-MEMBERS.PDF\" target=\"_blank\" rel=\"external noopener\">memorandum<\/a>, 24. srpna 2021, viz sn\u00edmek obrazovky n\u00ed\u017ee).<\/p>\n<div class=\"karta\">\n<figure><a href=\"http:\/\/www.zvedavec.org\/images\/21\/dilema-pentagonu.jpg\" target=\"_blank\" rel=\"external noopener\"><img decoding=\"async\" loading=\"lazy\" src=\"http:\/\/www.zvedavec.org\/images\/21\/dilema-pentagonu.jpg\" alt=\"[Klikn\u011bte p...]\" width=\"540\" height=\"283\" \/><\/a><figcaption>Klikn\u011bte pro zv\u011bt\u0161en\u00ed<\/figcaption><\/figure>\n<\/div>\n<p>&#8222;Pe\u010dliv\u00e1 konzultace&#8220;? S Joe Bidenem, vrchn\u00edm velitelem?<\/p>\n<p>\u017d\u00e1dn\u00e9 seri\u00f3zn\u00ed konzultace zjevn\u011b neprob\u011bhly.<\/p>\n<p>&#8222;Povinn\u00e9 o\u010dkov\u00e1n\u00ed&#8230; na ochranu&#8220;. Nesmysln\u00e9 prohl\u00e1\u0161en\u00ed ministra obrany.<\/p>\n<p>Ne\u017e\u00e1douc\u00ed \u00fa\u010dinky a po\u0161kozen\u00ed souvisej\u00edc\u00ed s vakc\u00ednou Covid jsou hojn\u011b zdokumentov\u00e1ny: tromb\u00f3za, infarkty, myokarditida, krevn\u00ed sra\u017eeniny, rakovina, neurologick\u00e9 dopady.<\/p>\n<p>Tato &#8222;zdravotn\u00ed rizika&#8220; spojen\u00e1 s o\u010dkov\u00e1n\u00edm budou m\u00edt nesporn\u011b vliv na o\u010dkovan\u00fd vojensk\u00fd person\u00e1l i na v\u00fdkonnost a schopnosti &#8222;bojov\u00fdch sil USA&#8220;.<\/p>\n<p>Analytici Pentagonu se k tomuto t\u00e9matu nevyjad\u0159uj\u00ed, proto\u017ee jim bylo \u0159e\u010deno, \u017ee &#8222;vakc\u00edna je bezpe\u010dn\u00e1&#8220;.<\/p>\n<p>Vakc\u00edna v\u0161ak nen\u00ed bezpe\u010dn\u00e1. Pod\u00edvejte se na \u010d\u00edsla:<\/p>\n<p>USA (od prosince 2020 do konce srpna 2021. Hl\u00e1\u0161eno k 1. z\u00e1\u0159\u00ed 2021: 14 506 \u00famrt\u00ed v souvislosti s o\u010dkov\u00e1n\u00edm proti Covid-19 a 3 146 691 zran\u011bn\u00ed, (datab\u00e1ze VAERS).<\/p>\n<p>Ofici\u00e1ln\u00ed \u00fadaje (hl\u00e1\u0161en\u00e9 VAERS) p\u0159edstavuj\u00ed jen mal\u00e9 procento skute\u010dn\u00fdch \u010d\u00edsel. Na z\u00e1klad\u011b\u00a0<a href=\"https:\/\/digital.ahrq.gov\/sites\/default\/files\/docs\/publication\/r18hs017045-lazarus-final-report-2011.pdf\" target=\"_blank\" rel=\"external noopener\">historick\u00fdch \u00fadaj\u016f<\/a>\u00a0(Electronic Support for Public Health-Vaccine Adverse Event Reporting System (ESP:VAERS, str. 6):<\/p>\n<p>&#8222;Ne\u017e\u00e1douc\u00ed \u00fa\u010dinky l\u00e9k\u016f a vakc\u00edn jsou \u010dast\u00e9, ale nedostate\u010dn\u011b hl\u00e1\u0161en\u00e9. &#8230; m\u00e9n\u011b ne\u017e 0,3 % v\u0161ech ne\u017e\u00e1douc\u00edch \u00fa\u010dink\u016f l\u00e9k\u016f a 1-13 % z\u00e1va\u017en\u00fdch \u00fa\u010dink\u016f je hl\u00e1\u0161eno \u00da\u0159adu pro kontrolu potravin a l\u00e9\u010div (FDA). Stejn\u011b tak je hl\u00e1\u0161eno m\u00e9n\u011b ne\u017e 1 % ne\u017e\u00e1douc\u00edch \u00fa\u010dink\u016f vakc\u00edn. (zv\u00fdrazn\u011bn\u00ed p\u0159id\u00e1no)<\/p>\n<p>P\u0159esto\u017ee nejsme schopni stanovit p\u0159esn\u00e9 odhady, jsme schopni stanovit \u0159\u00e1dovou velikost.<\/p>\n<p>Vyn\u00e1sobte ofici\u00e1ln\u00ed \u00fadaje (registrovan\u00e9 a zaznamenan\u00e9) p\u0159\u00edslu\u0161n\u00fdm parametrem, abyste z\u00edskali SKUTE\u010cN\u00c1 \u010c\u00cdSLA \u00famrt\u00ed a zran\u011bn\u00ed.<\/p>\n<p>3 146 691 zran\u011bn\u00ed vyn\u00e1soben\u00fdch nejm\u00e9n\u011b deseti.<\/p>\n<h2>Dilema Pentagonu. Vojensk\u00e9 schopnosti a v\u00fdkonnost oslaben\u00e9 vakc\u00ednou Covid<\/h2>\n<p>Mand\u00e1t Pentagonu k o\u010dkov\u00e1n\u00ed nevyhnuteln\u011b povede k omezen\u00ed schopnost\u00ed americk\u00e9 arm\u00e1dy, v\u010detn\u011b pilot\u016f letectva, n\u00e1mo\u0159nictva a n\u00e1mo\u0159n\u00ed p\u011bchoty, stejn\u011b jako arm\u00e1dn\u00ed p\u011bchoty a pozemn\u00edch bojov\u00fdch sil. Strategick\u00e9 a opera\u010dn\u00ed d\u016fsledky jsou dalekos\u00e1hl\u00e9.<\/p>\n<p>To plat\u00ed pro o\u010dkovan\u00e9 piloty ve velk\u00fdch v\u00fd\u0161k\u00e1ch, kte\u0159\u00ed mohou trp\u011bt ne\u017e\u00e1douc\u00edmi \u00fa\u010dinky vakc\u00edny Covid, nap\u0159. krevn\u00edmi sra\u017eeninami.<\/p>\n<p>L\u00e9ka\u0159ka americk\u00e9 arm\u00e1dy a specialistka na leteckou medic\u00ednu podplukovnice\u00a0<a href=\"https:\/\/www.globalresearch.ca\/army-physician-aerospace-medicine-specialist-calls-pentagon-order-all-pilots-received-covid-19-vaccine-grounded\/5757418\" target=\"_blank\" rel=\"external noopener\">Theresa Longov\u00e1<\/a>\u00a0&#8222;se obr\u00e1tila na veden\u00ed Pentagonu s bezprecedentn\u00ed v\u00fdzvou, aby uzemnili v\u0161echny piloty v\u0161ech slu\u017eeb, kte\u0159\u00ed se nechali o\u010dkovat vakc\u00ednou COVID-19&#8220;.<\/p>\n<p>Podle Dr. Theresy Longov\u00e9<\/p>\n<p><em>V\u011bt\u0161ina nov\u00fdch mlad\u00fdch arm\u00e1dn\u00edch letc\u016f je ve v\u011bku kolem dvaceti let. V\u00edme, \u017ee p\u0159i ka\u017ed\u00e9m o\u010dkov\u00e1n\u00ed mRNA existuje riziko myokarditidy. &#8230; Dal\u0161\u00ed opakovan\u00e9 d\u00e1vky o\u010dkov\u00e1n\u00ed zvy\u0161uj\u00ed riziko. &#8230; Pou\u017eit\u00ed mRNA vakc\u00edn v na\u0161ich bojov\u00fdch jednotk\u00e1ch p\u0159edstavuje riziko, jeho\u017e rozsah nedok\u00e1\u017eeme odhadnout &#8230;<\/em><\/p>\n<p><em>&#8230;\u0158ada voj\u00e1k\u016f a civilist\u016f ministerstva obrany mi vypr\u00e1v\u011bla, jak byli po o\u010dkov\u00e1n\u00ed n\u011bkolik dn\u00ed a\u017e t\u00fddn\u016f nemocn\u00ed, upoutan\u00ed na l\u016f\u017eko, oslaben\u00ed a neschopn\u00ed pr\u00e1ce. Ned\u00e1vno jsem tak\u00e9 proch\u00e1zel zdravotn\u00ed z\u00e1znamy t\u0159\u00ed \u010dlen\u016f letov\u00e9 pos\u00e1dky, u nich\u017e se projevily z\u00e1va\u017en\u00e9 i agresivn\u00ed syst\u00e9mov\u00e9 zdravotn\u00ed probl\u00e9my. &#8230; Ke v\u0161em t\u0159em p\u0159\u00edhod\u00e1m plicn\u00ed embolie do\u0161lo do 48 hodin po jejich o\u010dkov\u00e1n\u00ed.&#8220;<\/em><\/p>\n<h2>Piloti civiln\u00edho letectv\u00ed se oz\u00fdvaj\u00ed<\/h2>\n<p>Na tento probl\u00e9m upozornili tak\u00e9 piloti civiln\u00edch (komer\u010dn\u00edch) aerolinek, kte\u0159\u00ed se pot\u00fdkaj\u00ed se stejnou situac\u00ed. Piloti civiln\u00edch leteck\u00fdch spole\u010dnost\u00ed rovn\u011b\u017e vyj\u00e1d\u0159ili obavy o bezpe\u010dnost cestuj\u00edc\u00edch.<\/p>\n<p>Ne\u017e\u00e1douc\u00ed \u00fa\u010dinky spojen\u00e9 s o\u010dkov\u00e1n\u00edm se mohou vyskytnout ve v\u00fd\u0161ce 11 tis\u00edc metr\u016f. Podle pilota American AirlinesJoshuy Yodera: &#8222;Je to mo\u017en\u00e1 nejv\u011bt\u0161\u00ed probl\u00e9m v oblasti bezpe\u010dnosti letu, kter\u00e9mu kdy leteck\u00e9 spole\u010dnosti \u010delily.&#8220;<\/p>\n<p>&#8222;Co kdy\u017e se myokarditida stane v\u011bt\u0161\u00edm probl\u00e9mem a piloti za\u010dnou ztr\u00e1cet zdravotn\u00ed zp\u016fsobilost, \u0159ekn\u011bme po t\u0159ech nebo \u010dty\u0159ech letech. Pokud by piloti za p\u00e1r let nemohli proj\u00edt zdravotn\u00ed prohl\u00eddkou, mohlo by to \u00fapln\u011b srazit na kolena leteck\u00fd pr\u016fmysl. &#8230; M\u016f\u017ee to b\u00fdt nejv\u011bt\u0161\u00ed probl\u00e9m v oblasti bezpe\u010dnosti let\u016f, kter\u00e9mu kdy leteck\u00e9 spole\u010dnosti \u010delily, &#8230;<\/p>\n<h2>\u017daloba na ministerstvo obrany USA<\/h2>\n<p>Na memorandum ministerstva obrany z 24. srpna bezprost\u0159edn\u011b nav\u00e1zala\u00a0<a href=\"https:\/\/childrenshealthdefense.org\/wp-content\/uploads\/colorado-army-lawsuit-vaccine.pdf\" target=\"_blank\" rel=\"external noopener\">feder\u00e1ln\u00ed \u017ealoba<\/a>\u00a0podan\u00e1 30. srpna proti ministru obrany Lloydu Austinovi, \u0159editeli pro vnit\u0159n\u00ed bezpe\u010dnost Xavieru Bacerrovi a komisa\u0159ce \u00da\u0159adu pro kontrolu potravin a l\u00e9\u010div Janet Woodcockov\u00e9.<\/p>\n<p>\u017daloba podan\u00e1 30. srpna u okresn\u00edho soudu v Coloradu po\u017eaduje okam\u017eit\u00e9 soudn\u00ed opat\u0159en\u00ed.<\/p>\n<p>Dva \u017ealobci, Daniel Robert, 33let\u00fd ser\u017eant na vojensk\u00e9 z\u00e1kladn\u011b Fort Benning v Columbusu ve st\u00e1t\u011b Georgia, a Hollie Mulvihillov\u00e1, 29let\u00e1 ser\u017eantka na z\u00e1kladn\u011b n\u00e1mo\u0159n\u00ed p\u011bchoty v Jacksonville v Severn\u00ed Karol\u00edn\u011b, \u017e\u00e1daj\u00ed soud o vyd\u00e1n\u00ed do\u010dasn\u00e9ho soudn\u00edho p\u0159\u00edkazu, kter\u00fd by zabr\u00e1nil nucen\u00fdm vakc\u00ednac\u00edm do doby, ne\u017e bude napl\u00e1nov\u00e1no \u0159\u00e1dn\u00e9 sly\u0161en\u00ed. Nakonec \u017e\u00e1daj\u00ed o vyd\u00e1n\u00ed trval\u00e9ho soudn\u00edho p\u0159\u00edkazu a deklaratorn\u00edho rozsudku proti Bidenovu ministerstvu obrany.<\/p>\n<p>Oba \u017ealovan\u00ed zastupuj\u00ed 220 000 dal\u0161\u00edch p\u0159\u00edslu\u0161n\u00edk\u016f americk\u00e9 arm\u00e1dy v aktivn\u00ed slu\u017eb\u011b, kte\u0159\u00ed maj\u00ed p\u0159irozenou imunitu a necht\u011bj\u00ed, aby jim byla do t\u011bla vpravena n\u011bkter\u00e1 ze t\u0159\u00ed syntetick\u00fdch genov\u00fdch &#8222;vakc\u00edn&#8220;. (Leo Hohmann, 3. z\u00e1\u0159\u00ed 2021)<\/p>\n<p>Vrchn\u00ed velitel: Joe Biden &#8222;v \u00fazk\u00fdch&#8220;<\/p>\n<p>Co se stane, kdy\u017e Joe Biden schv\u00e1l\u00ed v\u00fdjimku z o\u010dkov\u00e1n\u00ed proti Covid-19 pro vojensk\u00fd person\u00e1l s c\u00edlem vyhnout se &#8222;zdravotn\u00edm rizik\u016fm&#8220; a z\u00e1rove\u0148 zajistit schopnosti person\u00e1lu letectva, n\u00e1mo\u0159nictva, n\u00e1mo\u0159n\u00ed p\u011bchoty a pozemn\u00edch sil?<\/p>\n<p>Z &#8222;politick\u00e9ho&#8220; hlediska a z hlediska vztah\u016f s ve\u0159ejnost\u00ed je to mo\u017enost, kter\u00e9 by se prezident Joe Biden rad\u011bji vyhnul. Mohlo by to potenci\u00e1ln\u011b naru\u0161it legitimitu jeho mand\u00e1tu k o\u010dkov\u00e1n\u00ed aplikovan\u00e9ho na civilisty. Rozhodnut\u00ed tohoto druhu by tak\u00e9 odhalilo &#8222;zdravotn\u00ed rizika&#8220; spojen\u00e1 s vakc\u00ednou Covid.<\/p>\n<p>Na druhou stranu, pokud by se o\u010dkovac\u00ed mand\u00e1t vztahuj\u00edc\u00ed se na ve\u0161ker\u00fd vojensk\u00fd person\u00e1l nad\u00e1le prosazoval, mohlo by to podkopat d\u016fv\u011bryhodnost Joea Bidena jako vrchn\u00edho velitele ozbrojen\u00fdch sil USA. Je d\u016fkladn\u011b zdokumentov\u00e1no, \u017ee vakc\u00edna Covid zhor\u0161\u00ed schopnosti americk\u00fdch bojov\u00fdch sil.<\/p>\n<p>A\u010dkoli je pot\u0159eba uzemnit o\u010dkovan\u00e9 piloty letectva re\u00e1ln\u00e1, prezident Biden bude s nejv\u011bt\u0161\u00ed pravd\u011bpodobnost\u00ed i nad\u00e1le odm\u00edtat uv\u011b\u0159it v\u00fdskyt\u016fm \u00famrt\u00ed a &#8222;ne\u017e\u00e1douc\u00edch \u00fa\u010dink\u016f&#8220; souvisej\u00edc\u00edch s o\u010dkov\u00e1n\u00edm, jako jsou krevn\u00ed sra\u017eeniny a z\u00e1n\u011bt srde\u010dn\u00edho svalu. Je t\u0159eba si uv\u011bdomit, \u017ee ta slepota k &#8222;ne\u017e\u00e1douc\u00edm \u00fa\u010dink\u016fm&#8220; a zran\u011bn\u00edm v souvislosti s o\u010dkov\u00e1n\u00edm, se v\u0161\u00ed pravd\u011bpodobnost\u00ed ovlivn\u00ed v\u00fdkonnost o\u010dkovan\u00fdch sil ve v\u00e1le\u010dn\u00e9m prostoru nebo bojov\u00e9 z\u00f3n\u011b.<\/p>\n<h2>Propaganda<\/h2>\n<p>Podle\u00a0<a href=\"https:\/\/time.com\/5952558\/military-covid-19-vaccine-misinformation\/\" target=\"_blank\" rel=\"external noopener\">\u010dasopisu Time Magazine<\/a>\u00a0podkop\u00e1v\u00e1 p\u0159evaha neo\u010dkovan\u00fdch p\u0159\u00edslu\u0161n\u00edk\u016f americk\u00fdch ozbrojen\u00fdch sil n\u00e1rodn\u00ed bezpe\u010dnost. Neo\u010dkovan\u00ed jsou ozna\u010dov\u00e1ni za &#8222;extremisty&#8220;:<\/p>\n<p><em>V \u0159ad\u00e1ch voj\u00e1k\u016f se objevuje je\u0161t\u011b z\u00e1ke\u0159n\u011bj\u0161\u00ed infekce extremismu, kter\u00e1 se projevuje \u0161okuj\u00edc\u00edm vysok\u00fdm procentem voj\u00e1k\u016f, kte\u0159\u00ed se odm\u00edtaj\u00ed nechat o\u010dkovat vakc\u00ednou COVID-19 &#8211; odm\u00edtla ji a\u017e t\u0159etina p\u0159\u00edslu\u0161n\u00edk\u016f slu\u017eby.<\/em>Tito voj\u00e1ci sice nejsou kooptov\u00e1ni dom\u00e1c\u00edmi teroristy, ale jsou zjevn\u011b ovlivn\u011bni konspira\u010dn\u00edmi teoretiky na internetu a prost\u011b nev\u011b\u0159\u00ed z\u00e1kladn\u00edm v\u011bdeck\u00fdm poznatk\u016fm. To je pro n\u00e1rodn\u00ed bezpe\u010dnost USA nebezpe\u010dn\u00e9. Ve st\u00e1le slo\u017eit\u011bj\u0161\u00edm digit\u00e1ln\u00edm sv\u011bt\u011b pot\u0159ebujeme, aby se na\u0161i voj\u00e1ci chr\u00e1nili p\u0159ed dezinformacemi, d\u016fv\u011b\u0159ovali dat\u016fm a v\u011b\u0159ili v\u011bd\u011b, proto\u017ee ta je na boji\u0161ti st\u00e1le d\u016fle\u017eit\u011bj\u0161\u00ed. (zv\u00fdrazn\u011bn\u00ed p\u0159id\u00e1no)<\/p>\n<p>&#8222;Pod vlivem zast\u00e1nc\u016f konspira\u010dn\u00edch teori\u00ed&#8220;? Ameri\u010dt\u00ed voj\u00e1ci \u010dtou (ofici\u00e1ln\u00ed) zpr\u00e1vy VAERS o \u00famrt\u00edch a zran\u011bn\u00edch souvisej\u00edc\u00edch s o\u010dkov\u00e1n\u00edm. VAERS je spravov\u00e1n americk\u00fdm Centrem pro kontrolu a prevenci nemoc\u00ed (CDC).<\/p>\n<p>&#8222;Prvn\u00edm krokem je, aby na\u0161i vojen\u0161t\u00ed velitel\u00e9 jednodu\u0161e p\u0159esv\u011bd\u010dili sv\u00e9 voj\u00e1ky, aby se nechali o\u010dkovat. Jakmile tak u\u010din\u00ed, bude Amerika bezpe\u010dn\u011bj\u0161\u00ed a siln\u011bj\u0161\u00ed,&#8220;\u00a0<a href=\"https:\/\/time.com\/5952558\/military-covid-19-vaccine-misinformation\/\" target=\"_blank\" rel=\"external noopener\">p\u00ed\u0161e<\/a>\u00a0\u010dasopis Time.<\/p>\n<p>&#8222;Amerika bude bezpe\u010dn\u011bj\u0161\u00ed a siln\u011bj\u0161\u00ed&#8220;: Nesmysln\u00e9 prohl\u00e1\u0161en\u00ed \u010dasopisu Time. Je to p\u0159esn\u011b naopak. &#8222;Nebezpe\u010dn\u00fd a slab\u00fd&#8220;: P\u0159edstavte si, co by se stalo, kdyby se u o\u010dkovan\u00e9ho pilota st\u00edhac\u00edho letounu F-35 Lightning II stealth let\u00edc\u00edho ve velk\u00e9 v\u00fd\u0161ce objevily p\u0159\u00edznaky myokarditidy.<\/p>\n<p>Z toho m\u016f\u017eeme vyvodit n\u00e1sleduj\u00edc\u00ed z\u00e1v\u011bry: Vakc\u00edna a jej\u00ed &#8222;ne\u017e\u00e1douc\u00ed \u00fa\u010dinky&#8220; oslabuj\u00ed v\u00fdkonnost a schopnosti americk\u00e9 arm\u00e1dy.<\/p>\n<p>&#8222;Pou\u017eit\u00ed mRNA vakc\u00edn v na\u0161ich bojov\u00fdch jednotk\u00e1ch p\u0159edstavuje riziko neur\u010dit\u00e9ho rozsahu,&#8220; \u0159\u00edk\u00e1 podplukovnice Dr. Theresa Longov\u00e1.<\/p>\n<p>Byly analyzov\u00e1ny strategick\u00e9 a provozn\u00ed d\u016fsledky? Zeptejte se Joea Bidena, kter\u00fd je vrchn\u00edm velitelem.<\/p>\n<h2>Aktualizace<\/h2>\n<p>P\u0159\u00edslu\u0161n\u00edci americk\u00e9 arm\u00e1dy, kte\u0159\u00ed se \u00fa\u010dastn\u00ed soudn\u00edho procesu napadaj\u00edc\u00edho vojensk\u00fd mand\u00e1t k o\u010dkov\u00e1n\u00ed vakc\u00ednou COVID, podali 10. prosince pozm\u011bn\u011bnou st\u00ed\u017enost, v n\u00ed\u017e po\u017eaduj\u00ed vyd\u00e1n\u00ed nov\u00e9ho soudn\u00edho p\u0159\u00edkazu pot\u00e9, co soudce minul\u00fd m\u011bs\u00edc odm\u00edtl tvrzen\u00ed americk\u00e9ho ministerstva obrany, \u017ee vakc\u00edny COVID spole\u010dnost\u00ed Pfizer-BioNTech a Comirnaty jsou &#8222;zam\u011bniteln\u00e9&#8220;. (The Defender)<\/p>\n<p><strong>Prof. Michel Chossudovsky<\/strong><\/p>\n<div class=\"podcarou\">\n<p><a href=\"https:\/\/www.globalresearch.ca\/the-pentagons-dilemma-the-covid-vaccine-impairs-the-performance-of-u-s-fighting-forces\/5757652\" target=\"_blank\" rel=\"external noopener\">The Pentagon\u2019s Dilemma: The Covid Vaccine Impairs the Performance of U.S. Fighting Forces<\/a> vy\u0161el 17.12.2021 na Global Research. P\u0159eklad Zv\u011bdavec.<\/p>\n<\/div>\n<\/section>\n<p>P\u0159evzato:\u00a0<a href=\"http:\/\/www.zvedavec.org\/komentare\/2021\/12\/8962-dilema-pentagonu-vakcina-covid-snizuje-vykonnost-americkych-bojovych-sil.htm\">Zvedavec.org<\/a><\/p>\n<p>&nbsp;<\/p>\n<section class=\"clanek-obsah\">&nbsp;<\/p>\n<\/section>\n","protected":false},"excerpt":{"rendered":"<p>Dne 24. srpna 2021 Pentagon schv\u00e1lil vakc\u00ednu proti koronaviru od spole\u010dnosti Pfizer\/BioNTech. Je povinn\u00e1 pro&#8230;<\/p>\n","protected":false},"author":2,"featured_media":2010,"comment_status":"closed","ping_status":"closed","sticky":false,"template":"","format":"standard","meta":[],"categories":[7],"tags":[80,23,213,380,37],"_links":{"self":[{"href":"https:\/\/www.infokuryr.cz\/n\/wp-json\/wp\/v2\/posts\/6952"}],"collection":[{"href":"https:\/\/www.infokuryr.cz\/n\/wp-json\/wp\/v2\/posts"}],"about":[{"href":"https:\/\/www.infokuryr.cz\/n\/wp-json\/wp\/v2\/types\/post"}],"author":[{"embeddable":true,"href":"https:\/\/www.infokuryr.cz\/n\/wp-json\/wp\/v2\/users\/2"}],"replies":[{"embeddable":true,"href":"https:\/\/www.infokuryr.cz\/n\/wp-json\/wp\/v2\/comments?post=6952"}],"version-history":[{"count":0,"href":"https:\/\/www.infokuryr.cz\/n\/wp-json\/wp\/v2\/posts\/6952\/revisions"}],"wp:featuredmedia":[{"embeddable":true,"href":"https:\/\/www.infokuryr.cz\/n\/wp-json\/wp\/v2\/media\/2010"}],"wp:attachment":[{"href":"https:\/\/www.infokuryr.cz\/n\/wp-json\/wp\/v2\/media?parent=6952"}],"wp:term":[{"taxonomy":"category","embeddable":true,"href":"https:\/\/www.infokuryr.cz\/n\/wp-json\/wp\/v2\/categories?post=6952"},{"taxonomy":"post_tag","embeddable":true,"href":"https:\/\/www.infokuryr.cz\/n\/wp-json\/wp\/v2\/tags?post=6952"}],"curies":[{"name":"wp","href":"https:\/\/api.w.org\/{rel}","templated":true}]}}