{"id":69517,"date":"2025-01-04T07:03:12","date_gmt":"2025-01-04T06:03:12","guid":{"rendered":"https:\/\/www.infokuryr.cz\/n\/?p=69517"},"modified":"2025-01-04T07:03:12","modified_gmt":"2025-01-04T06:03:12","slug":"michael-svatos-velka-zimni-ofenziva-generala-kuzovleva-na-ukrajine-maji-brzy-uhodit-mrazy-20-stupnu-celsia","status":"publish","type":"post","link":"https:\/\/www.infokuryr.cz\/n\/2025\/01\/04\/michael-svatos-velka-zimni-ofenziva-generala-kuzovleva-na-ukrajine-maji-brzy-uhodit-mrazy-20-stupnu-celsia\/","title":{"rendered":"Michael Svato\u0161: Velk\u00e1 zimn\u00ed ofenz\u00edva gener\u00e1la Kuzovleva?! Na Ukrajin\u011b maj\u00ed brzy uhodit mrazy -20 stup\u0148\u016f Celsia &#8230;"},"content":{"rendered":"<div id=\"fb-root\"><\/div>\n<p><span style=\"font-size: 18pt;\"><strong>Velk\u00e1 zimn\u00ed ofenz\u00edva gener\u00e1la Kuzovleva?! Na Ukrajin\u011b maj\u00ed brzy uhodit mrazy -20 stup\u0148\u016f Celsia a Rusov\u00e9 za\u010dali p\u0159isunovat opera\u010dn\u00ed skupin\u011b JIH nov\u00e9 divize! Desetitis\u00edce \u010derstv\u011b vycvi\u010den\u00fdch Rus\u016f pr\u00e1v\u011b m\u00ed\u0159\u00ed na boji\u0161t\u011b!<\/strong><\/span><\/p>\n<p>Rusk\u00e1 arm\u00e1da podle v\u0161eho chyst\u00e1 velkou zimn\u00ed ofenz\u00edvu. Podle leto\u0161n\u00edch zpr\u00e1v pr\u00e1v\u011b m\u00ed\u0159\u00ed na boji\u0161t\u011b desetitis\u00edce nov\u011b vycvi\u010den\u00fdch a vyzbrojen\u00fdch rusk\u00fdch voj\u00e1k\u016f. Hlavn\u00ed posily maj\u00ed obdr\u017eet ru\u0161t\u00ed gener\u00e1lov\u00e9 Kuzovlev, (velitel opera\u010dn\u00ed skupiny JIH), a gener\u00e1l San\u010dik, (velitel opera\u010dn\u00ed skupiny Z\u00c1PAD). Hlavn\u00ed \u00fatok tak m\u00e1 z\u0159ejm\u011b sm\u011b\u0159ovat na Z\u00e1paro\u017e\u00ed, Dn\u011bpropetrovsk a Pavlohrad, tedy z\u00e1padn\u011b od m\u011bsta Pokrovsk a ji\u017en\u011b od m\u011bsta Charkov. Men\u0161\u00ed posily m\u00ed\u0159\u00ed i ke gener\u00e1l\u016fm Mordvi\u010devovi, (velitel opera\u010dn\u00ed skupiny ST\u0158ED), a Nikiforovi, (velitel opera\u010dn\u00ed skupiny SEVER).<\/p>\n<p>Na\u0161e dne\u0161n\u00ed anal\u00fdza se bude v\u011bnovat vedlej\u0161\u00edmu \u00faderu gener\u00e1l\u016f Nikiforova a Mordvi\u010deva, kter\u00fd m\u00e1 b\u00fdt ov\u0161em v\u011bt\u0161\u00ed, ne\u017e\u00a0 byla cel\u00e1 lo\u0148sk\u00e1 rusk\u00e1 ofenz\u00edva. Z\u00edtra pak vyjde rozbor o\u010dek\u00e1van\u00e9 hlavn\u00ed leto\u0161n\u00ed rusk\u00e9 ofenz\u00edvy gener\u00e1l\u016f San\u010dika, a hlavn\u011b Kuzovleva, kter\u00e1 m\u00e1 dokonce p\u0159ekonat \u00fato\u010dn\u00fd rozsah rusk\u00e9 ofenz\u00edvy z prvn\u00ed poloviny roku 2022.<\/p>\n<p>\u017de Rusov\u00e9 letos chystaj\u00ed velk\u00e9 ofenz\u00edvy, je jasn\u00e9 i z leto\u0161n\u00edch vyj\u00e1d\u0159en\u00ed jejich p\u0159edn\u00edch diplomat\u016f \u2013 \u201cDosavadn\u00ed Trumpovy m\u00edrov\u00e9 podm\u00ednky jsou pro Rusko nep\u0159ijateln\u00e9\u201d.<\/p>\n<p><a href=\"https:\/\/www.volyn24.com\/news\/226967-stalo-vidomo-koly-v-ukraini-vdariat-20-gradusni-morozy\">Ukrajin\u0161t\u00ed meteorologov\u00e9 nav\u00edc hl\u00e1s\u00ed na druhou polovinu ledna mrazy -20 stup\u0148\u016f Celsia<\/a>. A sou\u010dasn\u011b \u0159ada zdroj\u016f potvrzuje p\u0159esuny \u010derstv\u00fdch rusk\u00fdch brig\u00e1d a diviz\u00ed, a desetitis\u00edc\u016f nov\u00fdch rusk\u00fdch voj\u00e1k\u016f sm\u011brem ke front\u011b. A sou\u010dasn\u011b za\u010daly rusk\u00e9 prvosledov\u00e9 jednotky prov\u00e1d\u011bt \u00fasp\u011b\u0161n\u00e9 taktick\u00e9 \u00fatoky, a vyh\u00e1n\u011bt Ukrajince z opevn\u011bn\u00fdch vesnic, i na t\u011bch frontov\u00fdch \u00fasec\u00edch, kde se p\u016flroku nic ned\u011blo a fronta nezm\u011bnila svoji linii.<\/p>\n<p>Nyn\u011bj\u0161\u00ed prudce nar\u016fstaj\u00edc\u00ed rusk\u00e1 \u00fato\u010dn\u00e1 aktivita pod\u00e9l cel\u00e9 linie fronty m\u016f\u017ee m\u00edt pouze dvoj\u00ed c\u00edl. Bu\u010f z\u00edskat takticky v\u00fdhodn\u00e1 postaven\u00ed pro nadch\u00e1zej\u00edc\u00ed velkou ofenz\u00edvu. A nebo n\u00e1hlou aktivizac\u00ed vojsk navozuj\u00edc\u00ed atmosf\u00e9ru nadch\u00e1zej\u00edc\u00ed velk\u00e9 ofenz\u00edvy vyd\u011bsit Ameri\u010dany i Evropany, aby donutili Kyjev k p\u0159ijet\u00ed Putinov\u00fdch m\u00edrov\u00fdch podm\u00ednek.<\/p>\n<p>Proto\u017ee\u00a0<a href=\"https:\/\/www.youtube.com\/@ProtiproudTV\/videos\">v \u00fater\u00fd 7. ledna u Petra H\u00e1jka na Protiproud TV<\/a>\u00a0rozeberu ukrajinsk\u00fd, izraelsk\u00fd a syrsk\u00fd konflikt v geostrategick\u00fdch souvislostech, v\u010detn\u011b mo\u017en\u00fdch nov\u00fdch hrozeb zata\u017een\u00ed \u010cR a SR do n\u011bjak\u00e9 pomaten\u00e9 v\u00e1lky, v dne\u0161n\u00ed a z\u00edt\u0159ej\u0161\u00ed anal\u00fdze se soust\u0159ed\u00edm pouze na pravd\u011bpodobn\u00e9 opera\u010dn\u00ed pl\u00e1ny rusk\u00e9 ofenz\u00edvy v leto\u0161n\u00edm roce.<\/p>\n<h3><span style=\"font-size: 18pt;\">(1) Rusk\u00e1 zimn\u00ed ofenz\u00edva gener\u00e1l\u016f Nikiforova a Mordvi\u010deva. P\u0159ekvapiv\u011b sp\u00ed\u0161e vedlej\u0161\u00ed \u00fader!\u00a0<\/span><\/h3>\n<p><a href=\"https:\/\/www.michalapetr.com\/map-2180-ruska-letosni-jarni-ofenziva-podrobna-analyza-ruskych-moznosti-mapy-videa-a-dalsi-dukazy\/\">V anal\u00fdze MAP 2181 jsme upozornili<\/a>, \u017ee n\u00e1\u010deln\u00edk rusk\u00e9ho gener\u00e1ln\u00edho \u0161t\u00e1bu gener\u00e1l Gerasimov, bude muset do 41. arm\u00e1dy opera\u010dn\u00ed skupiny ST\u0158ED gener\u00e1la Mordvi\u010deva p\u0159idat ze sv\u00fdch strategick\u00fdch z\u00e1loh jednu motost\u0159eleckou divizi, aby Mordvi\u010dev mohl svoj\u00ed 2. arm\u00e1dou obkli\u010dovat dvojm\u011bst\u00ed Pokrovsk-Myrnohrad z jihoz\u00e1padu, a svoj\u00ed 41. arm\u00e1dou, po dokon\u010den\u00ed jej\u00edho p\u0159esunu z kurachovsk\u00e9ho sm\u011bru, z jihov\u00fdchodu. V prvn\u00edch dnech leto\u0161n\u00edho roku se na\u0161e anal\u00fdza zat\u00edm d\u00e1le potvrdila.<\/p>\n<div id=\"attachment_15240\" class=\"wp-caption aligncenter\" style=\"width: 930px;\"><img decoding=\"async\" loading=\"lazy\" class=\" wp-image-15240\" src=\"https:\/\/www.michalapetr.com\/wp-content\/uploads\/2025\/01\/photo_2025-01-03_13-56-42.png\" sizes=\"(max-width: 1280px) 100vw, 1280px\" srcset=\"https:\/\/www.michalapetr.com\/wp-content\/uploads\/2025\/01\/photo_2025-01-03_13-56-42.png 1280w, https:\/\/www.michalapetr.com\/wp-content\/uploads\/2025\/01\/photo_2025-01-03_13-56-42-300x187.png 300w, https:\/\/www.michalapetr.com\/wp-content\/uploads\/2025\/01\/photo_2025-01-03_13-56-42-1030x643.png 1030w, https:\/\/www.michalapetr.com\/wp-content\/uploads\/2025\/01\/photo_2025-01-03_13-56-42-768x479.png 768w, https:\/\/www.michalapetr.com\/wp-content\/uploads\/2025\/01\/photo_2025-01-03_13-56-42-705x440.png 705w, https:\/\/www.michalapetr.com\/wp-content\/uploads\/2025\/01\/photo_2025-01-03_13-56-42-450x281.png 450w\" alt=\"\" width=\"930\" height=\"581\" aria-describedby=\"caption-attachment-15240\" \/><\/p>\n<p id=\"caption-attachment-15240\" class=\"wp-caption-text\">Mapa pl\u00e1novan\u00e9ho lednov\u00e9ho \u00fatoku 41. arm\u00e1dy. Vysv\u011btlen\u00ed: Oran\u017eov\u00fd pentagon = M\u011bsto Myrnohrad. \u010cerven\u00e1 linie = fronta od \u010dervna do prosince lo\u0148sk\u00e9ho roku. \u010cerven\u00ed \u0161ipky a p\u0159eru\u0161ovan\u00e9 linie = Postup zadn\u00edch voj\u016f 41. arm\u00e1dy v prvn\u00edch dnech roku 2025, jej\u00ed hlavn\u00ed \u00fadern\u00e9 s\u00edly se nyn\u00ed p\u0159esunuj\u00ed z prostoru ji\u017en\u011b m\u011bsta Pokrovsk, kter\u00e9 le\u017e\u00ed z\u00e1padn\u011b od m\u011bsta Myrnohrad, kde p\u016fl roku podporovaly ofenz\u00edvu 2. arm\u00e1dy z m\u011bsta Selidove na jihoz\u00e1pad, aby od\u0159\u00edzly z\u00e1sobov\u00e1n\u00ed tzv. kurakhivsk\u00e9 \u0159\u00edmsy Ukrajinc\u016f. Po vyhn\u00e1n\u00ed Ukrajinc\u016f z m\u011bsta Kurachove, 1. leden 2025, se tyto \u00fadern\u00e9 jednotky 41. arm\u00e1dy, kter\u00e9 byly do\u010dasn\u011b pod\u0159\u00edzeny 2. arm\u00e1d\u011b, za\u010daly vracet pod sv\u00e9 velen\u00ed. \u010cerven\u00e1 hv\u011bzda = prvn\u00ed c\u00edl \u00fatoku 41. arm\u00e1dy. \u010cern\u00e1 \u0161ipka = d\u016fle\u017eit\u00e1 ukrajinsk\u00e1 komunikace, jej\u00ed p\u0159e\u0159\u00edznut\u00ed m\u00e1 dvoj\u00ed \u00fa\u010del, vysv\u011btleno n\u00ed\u017ee.<\/p>\n<\/div>\n<p>Mordvi\u010devova 41. arm\u00e1da u\u017e za\u010dala v\u010dera lok\u00e1ln\u00edmi taktick\u00fdmi \u00fatoky sm\u011brem na sever vyh\u00e1n\u011bt Ukrajince z jejich obrann\u00fdch postaven\u00ed jihov\u00fdchodn\u011b od dvojm\u011bst\u00ed Pokrovsk-Myrnohrad,\u00a0<a href=\"https:\/\/www.michalapetr.com\/map-1975-ofenziva-general-mordvicev-nasazuje-do-utoku-sve-operacni-zalohy-ukrajinci-prchaji-z-bojiste\/\">kter\u00e1 dr\u017eeli od kv\u011btna leto\u0161n\u00edho roku<\/a>, po \u00fastupu z Avdijivky, proto\u017ee Mordvi\u010dev t\u00edmto sm\u011brem ne\u00fato\u010dil, ale soust\u0159edil sv\u00e9 s\u00edly v\u00fdhradn\u011b na postup pod\u00e9l ji\u017en\u00edho okraje dvojm\u011bst\u00ed Pokrovsk-Myrnohrad sm\u011brem na z\u00e1pad, aby ovl\u00e1dl strategick\u00fd d\u016fl na koksovateln\u00e9 \u010dern\u00e9 uhl\u00ed, kter\u00fd z 95% z\u00e1soboval ukrajinsk\u00e9 ocel\u00e1rny, a kter\u00fd le\u017e\u00ed na jiho-z\u00e1pado-z\u00e1padn\u00edm okraji m\u011bsta Pokrovsk. Bez jeho produkce nelze na Ukrajin\u011b levn\u011b vyr\u00e1b\u011bt ocel v masivn\u00edm pr\u016fmyslov\u00e9m m\u011b\u0159\u00edtku.<\/p>\n<p>Prvn\u00edm c\u00edlem nyn\u00ed po \u0161esti m\u011bs\u00edc\u00edch obnoven\u00e9ho \u00fatoku \u010derstv\u011b Gerasimovem pos\u00edlen\u00e9 Mordvi\u010devovy 41. arm\u00e1dy smerem na sever bude p\u0159eru\u0161en\u00ed z\u00e1sobovac\u00ed komunikace Ukrajinc\u016f, kter\u00e1 vede z Mirnohradu na v\u00fdchod do Konstantinivky, a d\u00e1le pak a\u017e do \u010casyv Jar. P\u0159e\u0159\u00edznut\u00ed t\u00e9to komunikace m\u00e1 dvoj\u00ed \u00fa\u010del: Omezit z\u00e1sobov\u00e1n\u00ed Ukrajinsk\u00fdch sil u m\u011bst Siversk a \u010casyv Jar na jedinou komunikaci Slavjansk-Konstantinivka, a zabr\u00e1nit\u00a0<a href=\"https:\/\/www.armyweb.cz\/clanek\/erich-von-manstein-byl-jednim-z-nejlepsich-generalu-20-stoleti\">tzv. Mansteinovu man\u00e9vru<\/a>, p\u0159i kter\u00e9m se ustupuj\u00edc\u00ed jednotky z hrotu oblouku fronty p\u0159esunou k obran\u011b z\u00e1kladny oblouku fronty, a provedou proti\u00fatok. Mar\u0161\u00e1l Manstein tento man\u00e9vr pou\u017eil p\u0159i pokusu prolomit obkl\u00ed\u010den\u00ed Stalingradu, kdy rychle stahoval jednotky z Kavkazu, a p\u0159es Rostov na Donu je pos\u00edlal prolamovat rusk\u00e9 obkl\u00ed\u010den\u00ed. Jakmile 41. arm\u00e1da p\u0159eru\u0161\u00ed komunikaci v m\u00edst\u011b \u010derven\u00e9 hv\u011bzdy na horn\u00ed map\u011b, nelze u\u017e rychle p\u0159esunovat ukrajinsk\u00e9 obr\u00e1nce \u010casyv Jar a Torecka k obran\u011b Myrnohradu a Pokrovska.<\/p>\n<p>Pro\u010d 41. arm\u00e1da bude \u00fato\u010dit v\u00fdchodn\u011b od Pokrovska sm\u011brem na sever vysv\u011btluje rusk\u00fd postup na protilehl\u00e9 z\u00e1kladn\u011b p\u016floblouku ukrajinsk\u00e9 obrany. Tam se od listopadu zaktivizovala opera\u010dn\u00ed skupina SEVER gener\u00e1la Nikiforova, a jej\u00ed p\u0159edn\u00ed voje se u\u017e v\u010dera p\u0159ibl\u00ed\u017eily na 25 km ke strategicky d\u016fle\u017eit\u00e9 k\u0159i\u017eovatce Izjum, p\u0159es kterou vedou druh\u00e9 posledn\u00ed z\u00e1sobovac\u00ed komunikace Ukrajinc\u016f do Pokrovska, Siverska i \u010casyv Jar. (Prvn\u00ed vedou od Pokrovska a \u00fato\u010d\u00ed na n\u011b nyn\u00ed 41. arm\u00e1da.)<\/p>\n<p>Nikiforov \u00fato\u010d\u00ed na \u0161irok\u00e9 front\u011b. Jeho severn\u00ed k\u0159\u00eddlo u\u017e p\u0159ekro\u010dilo \u0159eku Oskol, a postupn\u011b likviduje silnou skupinu vojsk Ukrajiny u m\u011bsta Kupjansk. Jeho st\u0159ed u\u017e dos\u00e1hnul hlavn\u00edho p\u0159echodu p\u0159es \u0159eku Oskol sm\u011brem na Izjum u m\u011bsta Borova, a chyst\u00e1 se tam Oskol p\u0159ekro\u010dit, a pochodovat na Izjum. (Ukrajinci u\u017e ve \u010dtvrtek ozn\u00e1mili, \u017ee Izjum opev\u0148uj\u00ed.)\u00a0\u00a0<a href=\"https:\/\/topwar.ru\/256882-vs-rf-sozdali-placdarm-na-pravom-beregu-reki-zherebec-v-napravlenii-limana.html\">Jeho ji\u017en\u00ed k\u0159\u00eddlo v\u010dera p\u0159ekro\u010dilo u m\u011bsta Terny \u0159eku \u017drebec<\/a>, a stoj\u00ed u\u017e jen 15 km p\u0159ed m\u011bstem Liman, p\u0159es kter\u00e9 vede jedin\u00e1 ukrajinsk\u00e1 z\u00e1sobovac\u00ed trasa k m\u011bstu\u00a0 Siversk.<\/p>\n<p>Nikiforov je velitelem velmi siln\u00e9 opera\u010dn\u00ed skupiny SEVER, kter\u00e1 byla cel\u00fd prvn\u00ed p\u016flrok lo\u0148sk\u00e9ho roku vzhledem ke sv\u00e9 zna\u010dn\u00e9 bojov\u00e9 s\u00edle podez\u0159ele m\u00e1lo aktivn\u00ed. Ukazuje se v\u0161ak, \u017ee Nikiforov celou dobu trp\u011bliv\u011b \u010dekal, a\u017e ukrajinsk\u00e1 arm\u00e1da za\u010dne degradovat, a teprve potom zah\u00e1jil \u00fatoky na cel\u00e9 \u010d\u00e1\u0159e sv\u00e9 fronty, kter\u00fdmi Ukrajince u\u017e t\u0159et\u00ed m\u011bs\u00edc vytrvale zatla\u010duje k Charkovu a ke Slavjansku.<\/p>\n<div id=\"attachment_15242\" class=\"wp-caption aligncenter\" style=\"width: 958px;\"><img decoding=\"async\" loading=\"lazy\" class=\" wp-image-15242\" src=\"https:\/\/www.michalapetr.com\/wp-content\/uploads\/2025\/01\/photo_2024-12-31_19-25-38x.png\" sizes=\"(max-width: 2560px) 100vw, 2560px\" srcset=\"https:\/\/www.michalapetr.com\/wp-content\/uploads\/2025\/01\/photo_2024-12-31_19-25-38x.png 2560w, https:\/\/www.michalapetr.com\/wp-content\/uploads\/2025\/01\/photo_2024-12-31_19-25-38x-300x213.png 300w, https:\/\/www.michalapetr.com\/wp-content\/uploads\/2025\/01\/photo_2024-12-31_19-25-38x-1030x731.png 1030w, https:\/\/www.michalapetr.com\/wp-content\/uploads\/2025\/01\/photo_2024-12-31_19-25-38x-768x545.png 768w, https:\/\/www.michalapetr.com\/wp-content\/uploads\/2025\/01\/photo_2024-12-31_19-25-38x-1536x1091.png 1536w, https:\/\/www.michalapetr.com\/wp-content\/uploads\/2025\/01\/photo_2024-12-31_19-25-38x-2048x1454.png 2048w, https:\/\/www.michalapetr.com\/wp-content\/uploads\/2025\/01\/photo_2024-12-31_19-25-38x-1500x1065.png 1500w, https:\/\/www.michalapetr.com\/wp-content\/uploads\/2025\/01\/photo_2024-12-31_19-25-38x-260x185.png 260w, https:\/\/www.michalapetr.com\/wp-content\/uploads\/2025\/01\/photo_2024-12-31_19-25-38x-705x501.png 705w, https:\/\/www.michalapetr.com\/wp-content\/uploads\/2025\/01\/photo_2024-12-31_19-25-38x-450x320.png 450w\" alt=\"\" width=\"958\" height=\"681\" aria-describedby=\"caption-attachment-15242\" \/><\/p>\n<p id=\"caption-attachment-15242\" class=\"wp-caption-text\">Mapa postupu severn\u00edho k\u0159\u00eddla a st\u0159edu opera\u010dn\u00ed skupiny SEVER gener\u00e1la Nikiforova. \u017dlut\u00e1 \u0161ipka je sm\u011br postupu st\u0159edu Nikiforovy skupiny na Izjum, nyn\u00ed zb\u00fdv\u00e1 pouh\u00fdch 25 km. Severn\u00ed k\u0159\u00eddlo postupn\u011b vyh\u00e1n\u00ed Ukrajince z m\u011bsta Kupjansk.<\/p>\n<\/div>\n<div id=\"attachment_15243\" class=\"wp-caption aligncenter\" style=\"width: 953px;\"><img decoding=\"async\" loading=\"lazy\" class=\" wp-image-15243\" src=\"https:\/\/www.michalapetr.com\/wp-content\/uploads\/2025\/01\/photo_2025-01-03_08-25-29-2.jpg\" sizes=\"(max-width: 1280px) 100vw, 1280px\" srcset=\"https:\/\/www.michalapetr.com\/wp-content\/uploads\/2025\/01\/photo_2025-01-03_08-25-29-2.jpg 1280w, https:\/\/www.michalapetr.com\/wp-content\/uploads\/2025\/01\/photo_2025-01-03_08-25-29-2-300x188.jpg 300w, https:\/\/www.michalapetr.com\/wp-content\/uploads\/2025\/01\/photo_2025-01-03_08-25-29-2-1030x645.jpg 1030w, https:\/\/www.michalapetr.com\/wp-content\/uploads\/2025\/01\/photo_2025-01-03_08-25-29-2-768x481.jpg 768w, https:\/\/www.michalapetr.com\/wp-content\/uploads\/2025\/01\/photo_2025-01-03_08-25-29-2-705x442.jpg 705w, https:\/\/www.michalapetr.com\/wp-content\/uploads\/2025\/01\/photo_2025-01-03_08-25-29-2-450x282.jpg 450w\" alt=\"\" width=\"953\" height=\"597\" aria-describedby=\"caption-attachment-15243\" \/><\/p>\n<p id=\"caption-attachment-15243\" class=\"wp-caption-text\">Mapa postupu ji\u017en\u00edho k\u0159\u00eddla opera\u010dn\u00ed skupiny SEVER gener\u00e1la Nikiforova. Postup za posledn\u00ed t\u00fdden ukazuj\u00ed \u0161ipky. M\u011b\u0159\u00edtko 3km v lev\u00e9m doln\u00edm rohu. \u010cern\u00fd pentagon = m\u011bsto Liman. Modr\u00e9 \u0161ipky \u2013 jedin\u00e9 z\u00e1sobovac\u00ed komunikace Ukrajinc\u016f do m\u011bsta Siversk, kter\u00e9 je nejv\u00fdchodn\u011bj\u0161\u00ed ba\u0161tou jejich fronty. Zahnut\u00e1 modr\u00e1 \u0161ipka vede z m\u011bsta Slavjansk, rovn\u00e1 z m\u011bsta Izjum, pokud Nikiforov udr\u017e\u00ed tempo sv\u00e9ho sou\u010dasn\u00e9ho postupu, p\u0159eru\u0161\u00ed cestu u m\u011bsta Liman do konce ledna, a u m\u011bsta Izjum do konce \u00fanora. Asi 20 000 Ukrajinc\u016f okolo m\u011bsta Siversk pak bude muset ustoupit \u0159\u00ed\u010dn\u00ed nivou do m\u011bsta Slavjansk, a dal\u0161\u00edch 20 000 okolo m\u011bsta \u010casyv Jar tamt\u00e9\u017e, proto\u017ee cestu na Pokrovsk do poloviny ledna p\u0159e\u0159\u00edzne z jihu \u00fato\u010d\u00edc\u00ed 41. arm\u00e1da skupiny ST\u0158ED gener\u00e1la Mordvi\u010deva.<\/p>\n<\/div>\n<p>\u00datok 41. Mordvi\u010devovy arm\u00e1dy na sever v\u00fdchodn\u011b od Pokrovska a \u00fatok ji\u017en\u00edho k\u0159\u00eddla Nikiforovy skupiny ST\u0158ED na Liman maj\u00ed za c\u00edl hrozbou opera\u010dn\u00edho obkl\u00ed\u010den\u00ed a od\u0159\u00edznut\u00edm z\u00e1sobov\u00e1n\u00ed donutit Ukrajince vyklidit sv\u00e1 nejv\u00fdchodn\u011bj\u0161\u00ed postaven\u00ed v oblouku fronty u Siverska, \u010casyv Jar, Torecka a Konstatinovky, a donutit je ke sta\u017een\u00ed do Slavjanska. Oba rusk\u00e9 \u00fatoky tak p\u0159edstavuj\u00ed de facto vnit\u0159n\u00ed obkli\u010dovac\u00ed linii, proto\u017ee 41. arm\u00e1da bude nav\u00edc je\u0161t\u011b ze severov\u00fdchodu obkli\u010dovat Pokrovsk a Myrnohrad.<\/p>\n<p>\u00datok 2. Mordvi\u010devovy arm\u00e1dy na sever z\u00e1padn\u011b od Pokrovska sm\u011brem na Slavjansk a Izjum a \u00fatok st\u0159edu Nikiforovy skupiny ST\u0158ED na Izjum budou vytv\u00e1\u0159et vn\u011bj\u0161\u00ed obkl\u00ed\u010den\u00ed Slavjanska a Pokrovska. Ze soust\u0159edn\u00e9ho \u00fasil\u00ed postup\u016f obou gener\u00e1l\u016f v prvn\u00edch dnech ledna je z\u0159ejm\u00e9, \u017ee c\u00edlem rusk\u00e9 zimn\u00ed ofenz\u00edvy, kter\u00e1 m\u00e1 m\u00edt pro \u00fatok ide\u00e1ln\u00ed po\u010das\u00ed -20 stup\u0148\u016f Celsia ve druh\u00e9 polovin\u011b ledna, bude obkl\u00ed\u010dit Pokrovsk a izolovat Slavjansk, a donutit Ukrajince vyklidit v\u0161echna \u00fazem\u00ed na v\u00fdchod od obou m\u011bst. Do konce l\u00e9ta tak Rusov\u00e9 zam\u00fd\u0161lej\u00ed ovl\u00e1dnout jak Slavjansk, tak Pokrovsk.<\/p>\n<div id=\"attachment_15244\" class=\"wp-caption aligncenter\" style=\"width: 950px;\"><img decoding=\"async\" loading=\"lazy\" class=\" wp-image-15244\" src=\"https:\/\/www.michalapetr.com\/wp-content\/uploads\/2025\/01\/photo_2025-01-04_03-25-03.jpg\" sizes=\"(max-width: 1280px) 100vw, 1280px\" srcset=\"https:\/\/www.michalapetr.com\/wp-content\/uploads\/2025\/01\/photo_2025-01-04_03-25-03.jpg 1280w, https:\/\/www.michalapetr.com\/wp-content\/uploads\/2025\/01\/photo_2025-01-04_03-25-03-300x187.jpg 300w, https:\/\/www.michalapetr.com\/wp-content\/uploads\/2025\/01\/photo_2025-01-04_03-25-03-1030x643.jpg 1030w, https:\/\/www.michalapetr.com\/wp-content\/uploads\/2025\/01\/photo_2025-01-04_03-25-03-768x479.jpg 768w, https:\/\/www.michalapetr.com\/wp-content\/uploads\/2025\/01\/photo_2025-01-04_03-25-03-705x440.jpg 705w, https:\/\/www.michalapetr.com\/wp-content\/uploads\/2025\/01\/photo_2025-01-04_03-25-03-450x281.jpg 450w\" alt=\"\" width=\"950\" height=\"593\" aria-describedby=\"caption-attachment-15244\" \/><\/p>\n<p id=\"caption-attachment-15244\" class=\"wp-caption-text\">Pl\u00e1n nast\u00e1vaj\u00edc\u00ed lednov\u00e9 bitvy o Pokrovsk. Pokrovsk = \u010dern\u00fd pentagon. Myrhohrad = oran\u017eov\u00fd pentagon. M\u011b\u0159\u00edtko 2km v lev\u00e9m doln\u00edm roku. Prav\u00e1 \u010derven\u00e1 velk\u00e1 \u0161ipka, postup z\u00e1padn\u00edho k\u0159\u00eddla 41. arm\u00e1dy. Lev\u00e1 velk\u00e1 \u010derven\u00e1 \u0161ipka = postup v\u00fdchodn\u00edho k\u0159\u00eddla 2. arm\u00e1dy. Mal\u00e9 \u010derven\u00e9 \u0161ipky, v\u010derej\u0161\u00ed postup 41. arm\u00e1dy. Modr\u00fd pentagon = \u201cposledn\u00ed d\u016fl na koksovateln\u00e9 uhl\u00ed v moci Ukrajiny\u201d \u2013 u\u017e ost\u0159elov\u00e1n\u00edm a drony vy\u0159azen z \u010dinnosti. \u010cern\u00e1 \u0161ipka = hlavn\u00ed z\u00e1sobovac\u00ed tepna ze Z\u00e1poro\u017e\u00ed. Oran\u017eov\u00e1 \u0161ipka \u2013 pomocn\u00e1 z\u00e1sobovac\u00ed tepna na Slavjansk, ta skon\u010d\u00ed jakmile Nikiforov\u016fv st\u0159ed dos\u00e1hne Izjumu.<\/p>\n<\/div>\n<p>Ve druh\u00e9 polovin\u011b ledna m\u00e1 b\u00fdt a\u017e -20 stup\u0148\u016f pod nulou, a to jsou ide\u00e1ln\u00ed podm\u00ednky pro ruskou ofenz\u00edvu. Jak uk\u00e1zalo video ze souboje burjatsk\u00e9ho rusk\u00e9ho gardisty s ukrajinsk\u00fdm elitn\u00edm voj\u00e1kem, viz minul\u00e1 anal\u00fdza, Rusov\u00e9 se na obsazen\u00e9m \u00fazem\u00ed nezakop\u00e1vaj\u00ed, ale dr\u017e\u00ed se sp\u00ed\u0161 v nerozbit\u00fdch domech. Nem\u011blo by jim tak vadit, \u017ee p\u016fda zmrzne, a nebude jednoduch\u00e9 se zakopat.<\/p>\n<p>Je sobota 4. leden 04.27 r\u00e1no \u2013\u00a0\u00a0<a class=\"mfp-iframe lightbox-added\" href=\"https:\/\/www.youtube.com\/watch?v=5C_ebA271nE\">Posledn\u00ed po\u0159ad na TV Bure\u0161 ze 30. prosince najdete zde<\/a>. Dal\u0161\u00ed \u00fater\u00fd se chyst\u00e1m k H\u00e1jkovi na Protiproud. D\u011bkuji v\u0161em za maily, odpov\u00eddat za\u010dnu dnes ve\u010der, jak jsem sl\u00edbil. Komu na\u0161e anal\u00fdzy p\u0159ipadaj\u00ed u\u017eite\u010dn\u00e9, m\u016f\u017ee vznik dal\u0161\u00edch podpo\u0159it darem na \u00fa\u010det na konci tohoto \u010dl\u00e1nku. M\u011bjte se. Posledn\u00ed po\u0159ady moje vystoupen\u00ed na\u00a0<a class=\"mfp-iframe lightbox-added\" href=\"https:\/\/www.youtube.com\/watch?v=akY3yHOVkAo\">TV Protiproud \u2013 27.11. zde<\/a>.\u00a0<a class=\"mfp-iframe lightbox-added\" href=\"https:\/\/www.youtube.com\/watch?v=_rgXK2xuc90\">Na TV Bure\u0161 \u2013 20.12. zde<\/a>.\u00a0<a class=\"mfp-iframe lightbox-added\" href=\"https:\/\/www.youtube.com\/watch?v=aT7444MEtv4&amp;list=PLbjEA1ku806iiQ0lnVvLElcEomHKeeaWv&amp;index=7\">Na LOS 10 \u2013 7.12. zde<\/a>.<\/p>\n<p><a href=\"https:\/\/www.michalapetr.com\/map-2183-velka-zimni-ofenziva-generala-kuzovleva-na-ukrajine-maji-brzy-uhodit-mrazy-20-stupnu-celsia-a-rusove-zacali-prisunovat-operacni-skupine-jih-nove-divize-desetitisice-cerstve-vycvicenych-ru\/\">Michael Svato\u0161<\/a><\/p>\n<p><img decoding=\"async\" loading=\"lazy\" class=\"alignnone size-full wp-image-27204\" src=\"http:\/\/www.infokuryr.cz\/n\/wp-content\/uploads\/2023\/05\/Michael_Svatos.png\" alt=\"\" width=\"180\" height=\"180\" srcset=\"https:\/\/www.infokuryr.cz\/n\/wp-content\/uploads\/2023\/05\/Michael_Svatos.png 180w, https:\/\/www.infokuryr.cz\/n\/wp-content\/uploads\/2023\/05\/Michael_Svatos-150x150.png 150w\" sizes=\"(max-width: 180px) 100vw, 180px\" \/><\/p>\n<p>&nbsp;<\/p>\n","protected":false},"excerpt":{"rendered":"<p>Velk\u00e1 zimn\u00ed ofenz\u00edva gener\u00e1la Kuzovleva?! Na Ukrajin\u011b maj\u00ed brzy uhodit mrazy -20 stup\u0148\u016f Celsia a&#8230;<\/p>\n","protected":false},"author":2,"featured_media":60036,"comment_status":"closed","ping_status":"closed","sticky":false,"template":"","format":"standard","meta":[],"categories":[6],"tags":[1042,1917,2752,22,26],"_links":{"self":[{"href":"https:\/\/www.infokuryr.cz\/n\/wp-json\/wp\/v2\/posts\/69517"}],"collection":[{"href":"https:\/\/www.infokuryr.cz\/n\/wp-json\/wp\/v2\/posts"}],"about":[{"href":"https:\/\/www.infokuryr.cz\/n\/wp-json\/wp\/v2\/types\/post"}],"author":[{"embeddable":true,"href":"https:\/\/www.infokuryr.cz\/n\/wp-json\/wp\/v2\/users\/2"}],"replies":[{"embeddable":true,"href":"https:\/\/www.infokuryr.cz\/n\/wp-json\/wp\/v2\/comments?post=69517"}],"version-history":[{"count":0,"href":"https:\/\/www.infokuryr.cz\/n\/wp-json\/wp\/v2\/posts\/69517\/revisions"}],"wp:featuredmedia":[{"embeddable":true,"href":"https:\/\/www.infokuryr.cz\/n\/wp-json\/wp\/v2\/media\/60036"}],"wp:attachment":[{"href":"https:\/\/www.infokuryr.cz\/n\/wp-json\/wp\/v2\/media?parent=69517"}],"wp:term":[{"taxonomy":"category","embeddable":true,"href":"https:\/\/www.infokuryr.cz\/n\/wp-json\/wp\/v2\/categories?post=69517"},{"taxonomy":"post_tag","embeddable":true,"href":"https:\/\/www.infokuryr.cz\/n\/wp-json\/wp\/v2\/tags?post=69517"}],"curies":[{"name":"wp","href":"https:\/\/api.w.org\/{rel}","templated":true}]}}