{"id":6951,"date":"2021-12-18T04:54:12","date_gmt":"2021-12-18T03:54:12","guid":{"rendered":"http:\/\/www.infokuryr.cz\/n\/?p=6951"},"modified":"2021-12-18T04:54:12","modified_gmt":"2021-12-18T03:54:12","slug":"alarmujici-v-proockovanem-nizozemsku-stoupaji-umrti","status":"publish","type":"post","link":"https:\/\/www.infokuryr.cz\/n\/2021\/12\/18\/alarmujici-v-proockovanem-nizozemsku-stoupaji-umrti\/","title":{"rendered":"Alarmuj\u00edc\u00ed. V proo\u010dkovan\u00e9m Nizozemsku stoupaj\u00ed \u00famrt\u00ed"},"content":{"rendered":"<div id=\"fb-root\"><\/div>\n<p><strong>V Nizozemsku, kde je 75% populace o\u010dkovan\u00e9 proti covidu, p\u0159i\u010dem\u017e v\u00edce ne\u017e 90% dosp\u011bl\u00fdch, podle informac\u00ed zve\u0159ejn\u011bn\u00fdch agenturou \u00abCBS\u00bb, po\u010det \u00famrt\u00ed stoup\u00e1. Je to mnohem vy\u0161\u0161\u00ed ukazatel nejen v pr\u016fm\u011bru za p\u0159edchoz\u00ed roky, ale i za lo\u0148sk\u00fd rok, kdy u\u017e byl covid, ale je\u0161t\u011b nebylo o\u010dkov\u00e1n\u00ed.<\/strong><\/p>\n<p>K rychl\u00e9mu n\u00e1r\u016fstu \u00famrtnosti do\u0161lo v z\u00e1\u0159\u00ed, i kdy\u017e i d\u0159\u00edve, asi dva m\u011bs\u00edce p\u0159edt\u00edm, ji\u017e byla \u00famrtnost vy\u0161\u0161\u00ed, ne\u017e se o\u010dek\u00e1valo. Nejprve to bylo kolem 7%, pot\u00e9 za\u010dala \u010d\u00edsla r\u016fst alarmuj\u00edc\u00edm tempem.<\/p>\n<p>Ve 48. t\u00fddnu, kter\u00fd skon\u010dil 5. prosince, zem\u0159elo v zemi v\u00edce ne\u017e 4 300 lid\u00ed, co\u017e je t\u00e9m\u011b\u0159 o 1 300, tedy 43 % v\u00edce, ne\u017e se o\u010dek\u00e1valo. Z\u00e1rove\u0148 jen 249 \u00famrt\u00ed p\u0159ipadalo na covid, co\u017e je jen jedna p\u011btina nadm\u011brn\u00e9 \u00famrtnosti.<\/p>\n<p>V\u00fdsledkem je, \u017ee \u00famrtnost na covid je nyn\u00ed p\u0159ibli\u017en\u011b stejn\u00e1 jako p\u0159ed rokem.<\/p>\n<p>To znamen\u00e1, \u017ee masov\u00e9 o\u010dkov\u00e1n\u00ed populaci p\u0159ed covidem nejen\u017ee neochr\u00e1nilo, ale tak\u00e9 vedlo k obrovsk\u00e9mu zv\u00fd\u0161en\u00ed \u00famrtnosti obecn\u011b.<\/p>\n<p>I v evropsk\u00fdch zem\u00edch je vysok\u00e1 \u00famrtnost, kter\u00e1 je n\u011bkde vy\u0161\u0161\u00ed ne\u017e loni. M\u016f\u017ee to souviset bu\u010f p\u0159\u00edmo s o\u010dkov\u00e1n\u00edm nebo to m\u016f\u017ee b\u00fdt d\u016fsledek p\u0159ijat\u00fdch opat\u0159en\u00ed.<br \/>\nNicm\u00e9n\u011b \u00fa\u0159ady t\u00e9m\u011b\u0159 ve v\u0161ech zem\u00edch \u0159\u00edkaj\u00ed tot\u00e9\u017e: mus\u00edte pokra\u010dovat v o\u010dkov\u00e1n\u00ed proti covidu, a\u010dkoli zku\u0161enosti mnoha zem\u00ed ukazuj\u00ed, \u017ee se to jen zhor\u0161ilo.<\/p>\n<p><a href=\"https:\/\/www.pokec24.cz\/nezarazene\/alarmujici-v-proockovanem-nizozemsku-stoupaji-umrti\/\">POKEC24.CZ<\/a><\/p>\n<p>&nbsp;<\/p>\n","protected":false},"excerpt":{"rendered":"<p>V Nizozemsku, kde je 75% populace o\u010dkovan\u00e9 proti covidu, p\u0159i\u010dem\u017e v\u00edce ne\u017e 90% dosp\u011bl\u00fdch, podle&#8230;<\/p>\n","protected":false},"author":2,"featured_media":4447,"comment_status":"closed","ping_status":"closed","sticky":false,"template":"","format":"standard","meta":[],"categories":[7],"tags":[23,376,781,213,474],"_links":{"self":[{"href":"https:\/\/www.infokuryr.cz\/n\/wp-json\/wp\/v2\/posts\/6951"}],"collection":[{"href":"https:\/\/www.infokuryr.cz\/n\/wp-json\/wp\/v2\/posts"}],"about":[{"href":"https:\/\/www.infokuryr.cz\/n\/wp-json\/wp\/v2\/types\/post"}],"author":[{"embeddable":true,"href":"https:\/\/www.infokuryr.cz\/n\/wp-json\/wp\/v2\/users\/2"}],"replies":[{"embeddable":true,"href":"https:\/\/www.infokuryr.cz\/n\/wp-json\/wp\/v2\/comments?post=6951"}],"version-history":[{"count":0,"href":"https:\/\/www.infokuryr.cz\/n\/wp-json\/wp\/v2\/posts\/6951\/revisions"}],"wp:featuredmedia":[{"embeddable":true,"href":"https:\/\/www.infokuryr.cz\/n\/wp-json\/wp\/v2\/media\/4447"}],"wp:attachment":[{"href":"https:\/\/www.infokuryr.cz\/n\/wp-json\/wp\/v2\/media?parent=6951"}],"wp:term":[{"taxonomy":"category","embeddable":true,"href":"https:\/\/www.infokuryr.cz\/n\/wp-json\/wp\/v2\/categories?post=6951"},{"taxonomy":"post_tag","embeddable":true,"href":"https:\/\/www.infokuryr.cz\/n\/wp-json\/wp\/v2\/tags?post=6951"}],"curies":[{"name":"wp","href":"https:\/\/api.w.org\/{rel}","templated":true}]}}