{"id":69508,"date":"2025-01-04T06:37:57","date_gmt":"2025-01-04T05:37:57","guid":{"rendered":"https:\/\/www.infokuryr.cz\/n\/?p=69508"},"modified":"2025-01-04T06:37:57","modified_gmt":"2025-01-04T05:37:57","slug":"soudce-stanovil-trumpovi-datum-rozsudku","status":"publish","type":"post","link":"https:\/\/www.infokuryr.cz\/n\/2025\/01\/04\/soudce-stanovil-trumpovi-datum-rozsudku\/","title":{"rendered":"Soudce stanovil Trumpovi datum rozsudku"},"content":{"rendered":"<div id=\"fb-root\"><\/div>\n<p><span style=\"font-size: 18pt;\"><strong>Nov\u011b zvolen\u00fd prezident USA dostal p\u0159\u00edkaz dostavit se k soudu deset dn\u00ed p\u0159ed svou inaugurac\u00ed<\/strong><\/span><\/p>\n<p><span>Manhattansk\u00fd soudce, kter\u00fd p\u0159edsedal soudn\u00edmu procesu s b\u00fdval\u00fdm a budouc\u00edm prezidentem Donaldem Trumpem, zam\u00edtl n\u00e1vrh na zam\u00edtnut\u00ed p\u0159\u00edpadu a stanoven\u00ed data rozsudku na 10. ledna, pouh\u00fdch deset dn\u00ed p\u0159ed jeho inaugurac\u00ed na druh\u00e9 funk\u010dn\u00ed obdob\u00ed.<\/span><\/p>\n<p><span>Soudce Juan Merchan ve sv\u00e9m p\u00e1te\u010dn\u00edm rozhodnut\u00ed uvedl, \u017ee Trump se m\u016f\u017ee k vynesen\u00ed rozsudku dostavit osobn\u011b nebo virtu\u00e1ln\u011b, a nazna\u010dil, \u017ee nov\u011b zvolen\u00fd prezident dostane bezpodm\u00edne\u010dn\u00e9 propu\u0161t\u011bn\u00ed, \u010d\u00edm\u017e se vyhne v\u011bzen\u00ed.<\/span><\/p>\n<p><em><span>\u201eShled\u00e1n\u00edm \u017e\u00e1dn\u00e9 pr\u00e1vn\u00ed p\u0159ek\u00e1\u017eky pro odsouzen\u00ed a uzn\u00e1n\u00edm toho, \u017ee prezidentsk\u00e1 imunita pravd\u011bpodobn\u011b bude spojena, jakmile ob\u017ealovan\u00fd slo\u017e\u00ed svou p\u0159\u00edsahu, je povinnost\u00ed tohoto soudu napl\u00e1novat ulo\u017een\u00ed trestu p\u0159ed 20. lednem 2025. Tento soud je pevn\u011b p\u0159esv\u011bd\u010den, \u017ee pouze t\u00edm, \u017ee bude tato z\u00e1le\u017eitost vy\u0159e\u0161ena, budou spln\u011bny v\u0161echny t\u0159i z\u00e1jmy,\u201c\u00a0<\/span><\/em><a href=\"https:\/\/www.nycourts.gov\/LegacyPDFs\/press\/PDFs\/People%20v.%20DJT%20Clayton%20Decision.pdf\" target=\"_blank\" rel=\"noopener noreferrer\"><span>napsal<\/span><\/a><span>\u00a0Merchan\u00a0.<\/span><\/p>\n<p><span>Trump\u016fv pr\u00e1vn\u00ed t\u00fdm kritizoval rozhodnut\u00ed soudce pokra\u010dovat ve vynesen\u00ed rozsudku a ozna\u010dil p\u0159\u00edpad za politicky motivovan\u00fd. Jeho mluv\u010d\u00ed Steven Cheung \u0159ekl, \u017ee Trumpovi\u00a0<\/span><em><span>\u201emus\u00ed b\u00fdt umo\u017en\u011bno pokra\u010dovat v procesu prezidentsk\u00e9 transformace a vykon\u00e1vat \u017eivotn\u011b d\u016fle\u017eit\u00e9 povinnosti prezidenta, ani\u017e by mu p\u0159ek\u00e1\u017eely zbytky tohoto nebo jak\u00fdchkoliv poz\u016fstatk\u016f hon\u016f na \u010darod\u011bjnice\u201c.<\/span><\/em><\/p>\n<p><em><span>&#8222;Nem\u011blo by doj\u00edt k \u017e\u00e1dn\u00e9mu trestu a prezident Trump bude pokra\u010dovat v boji proti t\u011bmto podvod\u016fm, dokud nebudou v\u0161ichni mrtv\u00ed,&#8220;<\/span><\/em><span>\u00a0dodal.<\/span><\/p>\n<p><span>P\u0159\u00edpad zaml\u010dov\u00e1n\u00ed se to\u010d\u00ed kolem plateb vyplacen\u00fdch here\u010dce Stormy Danielsov\u00e9 b\u011bhem Trumpovy prezidentsk\u00e9 kampan\u011b v roce 2016. \u017dalobci tvrd\u00ed, \u017ee Trump zfal\u0161oval obchodn\u00ed z\u00e1znamy, aby zatajil platby. Trump obvin\u011bn\u00ed pop\u00edr\u00e1 a d\u016fsledn\u011b odm\u00edt\u00e1 tvrzen\u00ed o provin\u011bn\u00ed s t\u00edm, \u017ee je ob\u011bt\u00ed p\u0159ehnan\u00e9ho z\u00e1sahu st\u00e1tn\u00edho zastupitelstv\u00ed.<\/span><\/p>\n<p><span>Trump byl v roce 2023 obvin\u011bn z nespr\u00e1vn\u00e9ho vykazov\u00e1n\u00ed plateb za utajov\u00e1n\u00ed, p\u0159i\u010dem\u017e manhattansk\u00fd okresn\u00ed prokur\u00e1tor Alvin Bragg \u00fasp\u011b\u0161n\u011b pov\u00fd\u0161il to, co by norm\u00e1ln\u011b bylo p\u0159estupkem, na 34 trestn\u00fdch \u010din\u016f, jeden za ka\u017edou zm\u00ednku o platb\u00e1ch v Trumpov\u00fdch z\u00e1znamech. V kv\u011btnu 2024 byl shled\u00e1n vinn\u00fdm ve v\u0161ech bodech ob\u017ealoby.<\/span><\/p>\n<p><span>Obhajoba se opakovan\u011b sna\u017eila p\u0159\u00edpad odm\u00edtnout s odkazem na rozsudek Nejvy\u0161\u0161\u00edho soudu USA, kter\u00fd prezident\u016fm ud\u011bluje \u0161irokou imunitu p\u0159ed trestn\u00edm st\u00edh\u00e1n\u00edm za ofici\u00e1ln\u00ed \u010diny u\u010din\u011bn\u00e9 b\u011bhem v\u00fdkonu funkce. Soudce Merchan v\u0161ak rozhodl, \u017ee tato imunita se nevztahuje na akce u\u010din\u011bn\u00e9 p\u0159ed Trumpov\u00fdm prezidentov\u00e1n\u00edm. Vynesen\u00ed rozsudku bylo n\u011bkolikr\u00e1t odlo\u017eeno, p\u016fvodn\u011b napl\u00e1nov\u00e1no na 11. \u010dervence 2024, pot\u00e9 odlo\u017eeno na 18. z\u00e1\u0159\u00ed 2024 a pozd\u011bji na 26. listopadu 2024.<\/span><\/p>\n<p><span>Tento p\u0159\u00edpad je jedn\u00edm z posledn\u00edch zb\u00fdvaj\u00edc\u00edch Trumpov\u00fdch pr\u00e1vn\u00edch zapleten\u00ed pot\u00e9, co zvl\u00e1\u0161tn\u00ed pr\u00e1vn\u00ed z\u00e1stupce Jack Smith st\u00e1hl obvin\u011bn\u00ed ve dvou feder\u00e1ln\u00edch p\u0159\u00edpadech \u2013 zahrnuj\u00edc\u00edch Trumpovo \u00fadajn\u00e9 \u0161patn\u00e9 zach\u00e1zen\u00ed s utajovan\u00fdmi dokumenty a pokusy zablokovat certifikaci v\u00edt\u011bzstv\u00ed prezidenta Joea Bidena ve volb\u00e1ch v roce 2020 \u2013 a soudce v Georgii osm propustil. ze 13 obvin\u011bn\u00ed z vm\u011b\u0161ov\u00e1n\u00ed do voleb na st\u00e1tn\u00ed \u00farovni po Trumpov\u011b v\u00edt\u011bzstv\u00ed v prezidentsk\u00fdch volb\u00e1ch v roce 2024.<\/span><\/p>\n<p><img decoding=\"async\" loading=\"lazy\" class=\"alignnone size-full wp-image-1185\" src=\"http:\/\/www.infokuryr.cz\/n\/wp-content\/uploads\/2021\/04\/kuryr-podpis.png\" alt=\"\" width=\"84\" height=\"24\" \/><\/p>\n<p>&nbsp;<\/p>\n","protected":false},"excerpt":{"rendered":"<p>Nov\u011b zvolen\u00fd prezident USA dostal p\u0159\u00edkaz dostavit se k soudu deset dn\u00ed p\u0159ed svou inaugurac\u00ed&#8230;<\/p>\n","protected":false},"author":2,"featured_media":65674,"comment_status":"closed","ping_status":"closed","sticky":false,"template":"","format":"standard","meta":[],"categories":[7],"tags":[520,324,2869,452],"_links":{"self":[{"href":"https:\/\/www.infokuryr.cz\/n\/wp-json\/wp\/v2\/posts\/69508"}],"collection":[{"href":"https:\/\/www.infokuryr.cz\/n\/wp-json\/wp\/v2\/posts"}],"about":[{"href":"https:\/\/www.infokuryr.cz\/n\/wp-json\/wp\/v2\/types\/post"}],"author":[{"embeddable":true,"href":"https:\/\/www.infokuryr.cz\/n\/wp-json\/wp\/v2\/users\/2"}],"replies":[{"embeddable":true,"href":"https:\/\/www.infokuryr.cz\/n\/wp-json\/wp\/v2\/comments?post=69508"}],"version-history":[{"count":0,"href":"https:\/\/www.infokuryr.cz\/n\/wp-json\/wp\/v2\/posts\/69508\/revisions"}],"wp:featuredmedia":[{"embeddable":true,"href":"https:\/\/www.infokuryr.cz\/n\/wp-json\/wp\/v2\/media\/65674"}],"wp:attachment":[{"href":"https:\/\/www.infokuryr.cz\/n\/wp-json\/wp\/v2\/media?parent=69508"}],"wp:term":[{"taxonomy":"category","embeddable":true,"href":"https:\/\/www.infokuryr.cz\/n\/wp-json\/wp\/v2\/categories?post=69508"},{"taxonomy":"post_tag","embeddable":true,"href":"https:\/\/www.infokuryr.cz\/n\/wp-json\/wp\/v2\/tags?post=69508"}],"curies":[{"name":"wp","href":"https:\/\/api.w.org\/{rel}","templated":true}]}}