{"id":69507,"date":"2025-01-04T06:34:59","date_gmt":"2025-01-04T05:34:59","guid":{"rendered":"https:\/\/www.infokuryr.cz\/n\/?p=69507"},"modified":"2025-01-04T06:34:59","modified_gmt":"2025-01-04T05:34:59","slug":"nejvyssi-cena-elektriny-z-cele-evropy-je-diky-fialove-vlade-v-ceske-republice-srovnavaci-mapa","status":"publish","type":"post","link":"https:\/\/www.infokuryr.cz\/n\/2025\/01\/04\/nejvyssi-cena-elektriny-z-cele-evropy-je-diky-fialove-vlade-v-ceske-republice-srovnavaci-mapa\/","title":{"rendered":"Nejvy\u0161\u0161\u00ed cena elekt\u0159iny z cel\u00e9 Evropy je d\u00edky Fialov\u011b vl\u00e1d\u011b v \u010cesk\u00e9 republice! (srovn\u00e1vac\u00ed mapa)"},"content":{"rendered":"<div id=\"fb-root\"><\/div>\n<p><span style=\"font-size: 14pt;\"><strong>Skand\u00e1ln\u00ed zji\u0161t\u011bn\u00ed zve\u0159ejnil plk. Jaroslav \u0160tefec na sv\u00e9m facebooku: vzhledem ke sv\u00fdm p\u0159\u00edjm\u016fm a\u00a0kupn\u00ed s\u00edle koruny plat\u00edme ze v\u0161ech st\u00e1t\u016f Evropsk\u00e9 unie i\u00a0neunijn\u00edch st\u00e1t\u016f Evropy NEJV\u00cdC! P\u0159itom jsme jej\u00edmi \u010dist\u00fdmi v\u00fdvozci! Vinu na tom m\u00e1 Fialova vl\u00e1da zemsk\u00fdch \u0161k\u016fdc\u016f.<\/strong><\/span><\/p>\n<p>Zaj\u00edmav\u00e1 mapa cen elekt\u0159iny nap\u0159\u00ed\u010d EU v roce 2024. Na to, \u017ee jsme \u010dist\u00ed v\u00fdvozci \u2026<\/p>\n<p><img decoding=\"async\" loading=\"lazy\" class=\"wp-image-189394 aligncenter\" src=\"https:\/\/i0.wp.com\/www.novarepublika.cz\/wp-content\/uploads\/2025\/01\/mapa-cena-elektriny_stefec-Eurostat-300x300.jpg?resize=795%2C795&amp;ssl=1\" sizes=\"(max-width: 795px) 100vw, 795px\" srcset=\"https:\/\/i0.wp.com\/www.novarepublika.cz\/wp-content\/uploads\/2025\/01\/mapa-cena-elektriny_stefec-Eurostat.jpg?resize=300%2C300&amp;ssl=1 300w, https:\/\/i0.wp.com\/www.novarepublika.cz\/wp-content\/uploads\/2025\/01\/mapa-cena-elektriny_stefec-Eurostat.jpg?resize=180%2C180&amp;ssl=1 180w, https:\/\/i0.wp.com\/www.novarepublika.cz\/wp-content\/uploads\/2025\/01\/mapa-cena-elektriny_stefec-Eurostat.jpg?resize=220%2C220&amp;ssl=1 220w, https:\/\/i0.wp.com\/www.novarepublika.cz\/wp-content\/uploads\/2025\/01\/mapa-cena-elektriny_stefec-Eurostat.jpg?w=526&amp;ssl=1 526w\" alt=\"\" width=\"737\" height=\"737\" \/><\/p>\n<p><strong>PS pro \u0161\u0165ouraly:<\/strong><\/p>\n<p>Standard kupn\u00ed s\u00edly (z ang. The purchasing power standard, PPS) je um\u011bl\u00e1 m\u011bnov\u00e1 jednotka. Teoreticky m\u016f\u017eete za jeden PPS koupit stejn\u00e9 mno\u017estv\u00ed zbo\u017e\u00ed a slu\u017eeb v ka\u017ed\u00e9 zemi. P\u0159eshrani\u010dn\u00ed cenov\u00e9 rozd\u00edly znamenaj\u00ed, \u017ee pro stejn\u00e9 zbo\u017e\u00ed a slu\u017eby pot\u0159ebujete r\u016fzn\u00e9 mno\u017estv\u00ed n\u00e1rodn\u00edch m\u011bnov\u00fdch jednotek v z\u00e1vislosti na zemi. Je to technick\u00fd term\u00edn, pou\u017e\u00edvan\u00fd Eurostatem pro spole\u010dnou m\u011bnu, v n\u00ed\u017e jsou agreg\u00e1ty n\u00e1rodn\u00edch \u00fa\u010dt\u016f o\u010di\u0161t\u011bn\u00e9 o rozd\u00edly v cenov\u00fdch hladin\u00e1ch v r\u00e1mci parity kupn\u00ed s\u00edly (PPP). PPP tak lze interpretovat jako sm\u011bnn\u00fd kurz PPS v\u016f\u010di euru.<\/p>\n<p><em>na mapu upozornil<strong>\u00a0Jaroslav \u0160tefec<\/strong>\u00a0na sv\u00e9m\u00a0<a href=\"https:\/\/www.facebook.com\/profile.php?id=100016828963330\"><strong>FB\u00a0<\/strong><\/a>(2.1.2025)<\/em><\/p>\n<p><img decoding=\"async\" loading=\"lazy\" class=\"alignnone size-medium wp-image-13906\" src=\"http:\/\/www.infokuryr.cz\/n\/wp-content\/uploads\/2022\/08\/stefec-257x300.jpg\" alt=\"\" width=\"257\" height=\"300\" srcset=\"https:\/\/www.infokuryr.cz\/n\/wp-content\/uploads\/2022\/08\/stefec-257x300.jpg 257w, https:\/\/www.infokuryr.cz\/n\/wp-content\/uploads\/2022\/08\/stefec.jpg 557w\" sizes=\"(max-width: 257px) 100vw, 257px\" \/><\/p>\n<p>&nbsp;<\/p>\n","protected":false},"excerpt":{"rendered":"<p>Skand\u00e1ln\u00ed zji\u0161t\u011bn\u00ed zve\u0159ejnil plk. Jaroslav \u0160tefec na sv\u00e9m facebooku: vzhledem ke sv\u00fdm p\u0159\u00edjm\u016fm a\u00a0kupn\u00ed s\u00edle&#8230;<\/p>\n","protected":false},"author":2,"featured_media":17506,"comment_status":"closed","ping_status":"closed","sticky":false,"template":"","format":"standard","meta":[],"categories":[6],"tags":[1872,506,1299,2130],"_links":{"self":[{"href":"https:\/\/www.infokuryr.cz\/n\/wp-json\/wp\/v2\/posts\/69507"}],"collection":[{"href":"https:\/\/www.infokuryr.cz\/n\/wp-json\/wp\/v2\/posts"}],"about":[{"href":"https:\/\/www.infokuryr.cz\/n\/wp-json\/wp\/v2\/types\/post"}],"author":[{"embeddable":true,"href":"https:\/\/www.infokuryr.cz\/n\/wp-json\/wp\/v2\/users\/2"}],"replies":[{"embeddable":true,"href":"https:\/\/www.infokuryr.cz\/n\/wp-json\/wp\/v2\/comments?post=69507"}],"version-history":[{"count":0,"href":"https:\/\/www.infokuryr.cz\/n\/wp-json\/wp\/v2\/posts\/69507\/revisions"}],"wp:featuredmedia":[{"embeddable":true,"href":"https:\/\/www.infokuryr.cz\/n\/wp-json\/wp\/v2\/media\/17506"}],"wp:attachment":[{"href":"https:\/\/www.infokuryr.cz\/n\/wp-json\/wp\/v2\/media?parent=69507"}],"wp:term":[{"taxonomy":"category","embeddable":true,"href":"https:\/\/www.infokuryr.cz\/n\/wp-json\/wp\/v2\/categories?post=69507"},{"taxonomy":"post_tag","embeddable":true,"href":"https:\/\/www.infokuryr.cz\/n\/wp-json\/wp\/v2\/tags?post=69507"}],"curies":[{"name":"wp","href":"https:\/\/api.w.org\/{rel}","templated":true}]}}