{"id":69506,"date":"2025-01-04T06:32:19","date_gmt":"2025-01-04T05:32:19","guid":{"rendered":"https:\/\/www.infokuryr.cz\/n\/?p=69506"},"modified":"2025-01-04T06:32:19","modified_gmt":"2025-01-04T05:32:19","slug":"ukrajinsky-neonacisticky-dustojnik-se-rozciloval-nad-ruskymi-vojaky-na-elektrickych-skutrech","status":"publish","type":"post","link":"https:\/\/www.infokuryr.cz\/n\/2025\/01\/04\/ukrajinsky-neonacisticky-dustojnik-se-rozciloval-nad-ruskymi-vojaky-na-elektrickych-skutrech\/","title":{"rendered":"Ukrajinsk\u00fd neonacistick\u00fd d\u016fstojn\u00edk se roz\u010diloval nad rusk\u00fdmi voj\u00e1ky na elektrick\u00fdch sk\u00fatrech"},"content":{"rendered":"<div id=\"fb-root\"><\/div>\n<p><span style=\"font-size: 18pt;\"><strong>Notoricky zn\u00e1m\u00e1 jednotka Azov narazila na netradi\u010dn\u00ed taktiku boji\u0161t\u011b<\/strong><\/span><\/p>\n<p><span>Rusk\u00e9 \u00fato\u010dn\u00e9 jednotky pou\u017e\u00edvaj\u00ed elektrick\u00e9 sk\u00fatry k rojen\u00ed ukrajinsk\u00fdch z\u00e1kop\u016f, st\u011b\u017eoval si pro New York Times d\u016fstojn\u00edk nechvaln\u011b zn\u00e1m\u00e9 neonacistick\u00e9 jednotky Azov.<\/span><\/p>\n<p><span>V\u00a0<\/span><a href=\"https:\/\/www.nytimes.com\/2024\/12\/31\/world\/europe\/ukraine-russia-attacks-eastern-front.html\" target=\"_blank\" rel=\"noopener noreferrer\"><span>bez\u00fat\u011b\u0161n\u00e9m l\u00ed\u010den\u00ed<\/span><\/a><span>\u00a0situace na boji\u0161ti zve\u0159ejn\u011bn\u00e9m na Silvestra citovaly americk\u00e9 noviny \u0161\u00e9fa zpravodajsk\u00e9 slu\u017eby Azova, podplukovn\u00edka Dmitrije Pavlenka-Krizheshevsk\u00e9ho, kter\u00fd pouk\u00e1zal na nov\u00fd zp\u016fsob \u00fatoku, kter\u00fd pou\u017e\u00edvaj\u00ed Rusov\u00e9.<\/span><\/p>\n<p><em><span>\u201eZas\u00e1hnout pouze jeden kus za\u0159\u00edzen\u00ed s 15 lidmi, to je mo\u017en\u00e9; lze to ud\u011blat docela snadno,\u201c<\/span><\/em><span>\u00a0\u0159ekl.\u00a0<\/span><em><span>&#8222;Ale kdy\u017e t\u011bch 15 lid\u00ed jezd\u00ed na elektrick\u00fdch sk\u00fatrech, pak je to velmi velk\u00fd probl\u00e9m.&#8220;<\/span><\/em><\/p>\n<p><span>Ukrajin\u0161t\u00ed voj\u00e1ci se st\u00e1le v\u00edce spol\u00e9haj\u00ed na sebevra\u017eedn\u00e9 drony z pohledu prvn\u00ed osoby (FPV) p\u0159i zam\u011b\u0159ov\u00e1n\u00ed obrn\u011bn\u00fdch vozidel p\u0159epravuj\u00edc\u00edch \u00fato\u010dn\u00e9 jednotky. V reakci na to Rusov\u00e9 pou\u017eili motocykly, j\u00edzdn\u00ed kola, ter\u00e9nn\u00ed vozidla a dokonce i sk\u00fatry, aby se rychle rozpt\u00fdlili a pokryli p\u016fdu. \u00datoky o s\u00edle roty o s\u00edle 150 a\u017e 200 mu\u017e\u016f najednou jsou\u00a0pro Rusy\u00a0<\/span><em><span>\u201ezcela norm\u00e1ln\u00ed\u201c , proto\u017ee maj\u00ed\u00a0<\/span><\/em><em><span>\u201ezna\u010dn\u00e9 z\u00e1lohy,\u201c<\/span><\/em><span>\u00a0poznamenal Pavlenko-Krizheshevsky.<\/span><\/p>\n<p><span>Azov, zalo\u017een\u00fd jako dobrovolnick\u00e1 jednotka v roce 2014 a za\u010dlen\u011bn\u00fd do ukrajinsk\u00e9 N\u00e1rodn\u00ed gardy o rok pozd\u011bji, neslavn\u011b pou\u017e\u00edv\u00e1 Wolfsangel, runu p\u0159ijatou n\u011bkolika n\u011bmeck\u00fdmi divizemi b\u011bhem druh\u00e9 sv\u011btov\u00e9 v\u00e1lky, v\u010detn\u011b 2. SS Panzer Division Das Reich. Spoluzakladatelem jednotky je v\u00fdznamn\u00fd ukrajinsk\u00fd nacionalista a b\u011blo\u0161sk\u00fd nacionalista Andrey Biletsky.<\/span><\/p>\n<p><span>Azov \u010del\u00ed obvin\u011bn\u00ed ze sp\u00e1ch\u00e1n\u00ed v\u00e1le\u010dn\u00fdch zlo\u010din\u016f na Donbasu od roku 2014 a rusk\u00fdmi \u00fa\u0159ady byl form\u00e1ln\u011b ozna\u010den za teroristickou organizaci. Zat\u00edmco p\u016fvodn\u00ed prapor Azov byl vy\u0159azen v bitv\u011b u Mariupolu v roce 2022, Biletskij v roce 2023 zvedl 3. samostatnou \u00fato\u010dnou brig\u00e1du pod praporem Azov.<\/span><\/p>\n<p><span>Ukrajin\u0161t\u00ed d\u016fstojn\u00edci, kte\u0159\u00ed hovo\u0159ili s NYT, nemohli p\u0159ipustit, \u017ee rusk\u00e9 s\u00edly pokra\u010duj\u00ed v postupu pod\u00e9l frontov\u00e9 linie, ale situaci ozna\u010dili za zoufalou.<\/span><\/p>\n<p><em><span>&#8222;Ot\u00e1zkou je, zda se frontov\u00e1 linie stabilizuje,&#8220;<\/span><\/em><span>\u00a0\u0159ekl major z 68. Jaeger Brigade, identifikovan\u00fd pouze jako Taras, kter\u00fd bojoval v okol\u00ed Pokrovska.\u00a0\u00a0<\/span><em><span>&#8222;Bohu\u017eel tomu zat\u00edm nic nenasv\u011bd\u010duje.&#8220;<\/span><\/em><\/p>\n<p><span>Ukrajina se sna\u017e\u00ed zmobilizovat dostate\u010dn\u00e9 s\u00edly k udr\u017een\u00ed fronty a z\u00e1rove\u0148 se vyrovn\u00e1vat s masov\u00fdmi dezercemi. Podle ned\u00e1vn\u00e9 zpr\u00e1vy uprchlo bez v\u00fdst\u0159elu 1700 \u010dlen\u016f brig\u00e1dy vycvi\u010den\u00e9 ve Francii. Nedostatek voj\u00e1k\u016f se stal tak v\u00e1\u017en\u00fdm, \u017ee Kyjev by mohl b\u00fdt ochoten ustoupit tlaku USA a sn\u00ed\u017eit v\u011bk pro odvod na 18 let, uvedla rusk\u00e1 rozv\u011bdka.<\/span><\/p>\n<p><img decoding=\"async\" loading=\"lazy\" class=\"alignnone size-full wp-image-1185\" src=\"http:\/\/www.infokuryr.cz\/n\/wp-content\/uploads\/2021\/04\/kuryr-podpis.png\" alt=\"\" width=\"84\" height=\"24\" \/><\/p>\n<p>&nbsp;<\/p>\n","protected":false},"excerpt":{"rendered":"<p>Notoricky zn\u00e1m\u00e1 jednotka Azov narazila na netradi\u010dn\u00ed taktiku boji\u0161t\u011b Rusk\u00e9 \u00fato\u010dn\u00e9 jednotky pou\u017e\u00edvaj\u00ed elektrick\u00e9 sk\u00fatry&#8230;<\/p>\n","protected":false},"author":2,"featured_media":64382,"comment_status":"closed","ping_status":"closed","sticky":false,"template":"","format":"standard","meta":[],"categories":[7],"tags":[1917,805,1635],"_links":{"self":[{"href":"https:\/\/www.infokuryr.cz\/n\/wp-json\/wp\/v2\/posts\/69506"}],"collection":[{"href":"https:\/\/www.infokuryr.cz\/n\/wp-json\/wp\/v2\/posts"}],"about":[{"href":"https:\/\/www.infokuryr.cz\/n\/wp-json\/wp\/v2\/types\/post"}],"author":[{"embeddable":true,"href":"https:\/\/www.infokuryr.cz\/n\/wp-json\/wp\/v2\/users\/2"}],"replies":[{"embeddable":true,"href":"https:\/\/www.infokuryr.cz\/n\/wp-json\/wp\/v2\/comments?post=69506"}],"version-history":[{"count":0,"href":"https:\/\/www.infokuryr.cz\/n\/wp-json\/wp\/v2\/posts\/69506\/revisions"}],"wp:featuredmedia":[{"embeddable":true,"href":"https:\/\/www.infokuryr.cz\/n\/wp-json\/wp\/v2\/media\/64382"}],"wp:attachment":[{"href":"https:\/\/www.infokuryr.cz\/n\/wp-json\/wp\/v2\/media?parent=69506"}],"wp:term":[{"taxonomy":"category","embeddable":true,"href":"https:\/\/www.infokuryr.cz\/n\/wp-json\/wp\/v2\/categories?post=69506"},{"taxonomy":"post_tag","embeddable":true,"href":"https:\/\/www.infokuryr.cz\/n\/wp-json\/wp\/v2\/tags?post=69506"}],"curies":[{"name":"wp","href":"https:\/\/api.w.org\/{rel}","templated":true}]}}